{"id":61053,"date":"2025-10-13T16:14:12","date_gmt":"2025-10-13T16:14:12","guid":{"rendered":"https:\/\/www.europesays.com\/fi\/61053\/"},"modified":"2025-10-13T16:14:12","modified_gmt":"2025-10-13T16:14:12","slug":"matti-rag-paananen-maksoi-bensankin-tauluilla-vaheksytyn-taiteilijan-tuontanto-vihdoin-esilla-kotimaa","status":"publish","type":"post","link":"https:\/\/www.europesays.com\/fi\/61053\/","title":{"rendered":"Matti Rag Paananen maksoi bensankin tauluilla \u2013 v\u00e4heksytyn taiteilijan tuontanto vihdoin esill\u00e4 | Kotimaa"},"content":{"rendered":"<p>Juttu tiivistettyn\u00e4<\/p>\n<ul class=\"aw-1jjocuh iJTSwP yle__article__list yle__article__list--ul\">\n<li class=\"aw-1j7gwms eEeLbO\">Matti Rag Paanasen kuvataidetta on nyt ensimm\u00e4ist\u00e4 kertaa esill\u00e4 museon\u00e4yttelyss\u00e4. Paikka on Aboa Vetus Ars Nova -museo.<\/li>\n<li class=\"aw-1j7gwms eEeLbO\">Taiteilijakoti Ragala Turun Hirvensalossa on t\u00e4ynn\u00e4 maalauksia. Yhteens\u00e4 Paananen teki noin 700 taulua.<\/li>\n<li class=\"aw-1j7gwms eEeLbO\">Kuvataiteilijana Paanasta voi luonnehtia naivistiseksi ITE-taiteilijaksi. Vaikutteita on n\u00e4ht\u00e4viss\u00e4 pariisilaisilta modernisteilta.<\/li>\n<li class=\"aw-1j7gwms eEeLbO\">Vaikka maalauksia on paljon, Paananen koki itsens\u00e4 ennen kaikkea s\u00e4velt\u00e4j\u00e4ksi. Pelk\u00e4st\u00e4\u00e4n sinfonioitakin on seitsem\u00e4n.<\/li>\n<\/ul>\n<p class=\"aw-1gybjub aw-1p7kakr ghpEtB jtovHP yle__article__paragraph\">T\u00e4m\u00e4 on teko\u00e4lyn avulla tuotettu, toimittajan tarkistama tiivistelm\u00e4.<\/p>\n<p class=\"aw-1gybjub aw-1p7kakr ghpEtB jtovHP yle__article__paragraph\"><strong class=\"aw-ak79eh KyCXm yle__article__strong\">Matti Rag Paanasen<\/strong> taiteilijakoti Ragala Turun Hirvensalossa on taideteos jo itsess\u00e4\u00e4n. 1860-luvulla rakennettu puutalo on kuin entinen is\u00e4nt\u00e4ns\u00e4: omintakeinen, kulmikas ja moniulotteinen.<\/p>\n<p class=\"aw-1gybjub aw-1p7kakr ghpEtB jtovHP yle__article__paragraph\">Yhdeks\u00e4n huoneen sein\u00e4t ovat t\u00e4ynn\u00e4 maalauksia. Pieni\u00e4 ja v\u00e4h\u00e4n suurempia akryylit\u00f6it\u00e4, lattiasta kattoon.<\/p>\n<p class=\"aw-1gybjub aw-1p7kakr ghpEtB jtovHP yle__article__paragraph\">Taiteilija itse on edelleen kovasti l\u00e4sn\u00e4 talossa. Isossa salissa on ikkunan alla h\u00e4nen ty\u00f6p\u00f6yt\u00e4ns\u00e4. Pensselit ja v\u00e4rit k\u00e4ytt\u00f6valmiina.<\/p>\n<p class=\"aw-1gybjub aw-1p7kakr ghpEtB jtovHP yle__article__paragraph\">Vaikka taiteilijakodista on viety 130 maalausta Aboa Vetus Ars Nova -museon n\u00e4yttelyyn, niiden puuttumista ei heti huomaa. Onhan t\u00f6it\u00e4 yhteens\u00e4 liki 700.<\/p>\n<blockquote class=\"aw-5b7r8f cbYKVf\">\n<p class=\"aw-1gybjub aw-c9wyj2 ghpEtB gvGRkS\">Maalaa taulu nopeasti. El\u00e4m\u00e4 on lyhyt.<\/p>\n<p class=\"aw-1gybjub aw-1pgj57y ghpEtB kqsCaW\">Matti Rag Paanasen aforismi<\/p>\n<\/blockquote>\n<p class=\"aw-1gybjub aw-1p7kakr ghpEtB jtovHP yle__article__paragraph\">Paanasen taiden\u00e4yttely on h\u00e4nen museodebyyttins\u00e4. Elinaikanaan taiteilija koki olevansa aliarvostettu, my\u00f6s katkeruus kuului kuvaan. Monivuotista taiteilija-apurahaa h\u00e4n ei saanut koskaan.<\/p>\n<p class=\"aw-1gybjub aw-1p7kakr ghpEtB jtovHP yle__article__paragraph\">Sen sijaan valtion taiteilijael\u00e4ke my\u00f6nnettiin Paanaselle vuonna 1999.<\/p>\n<p class=\"aw-1gybjub aw-1p7kakr ghpEtB jtovHP yle__article__paragraph\">\u2013 Ei Matti saanut vastaavaa arvostusta kuin moni muu, paljon v\u00e4hemm\u00e4n tehnyt taiteilija. H\u00e4n toivoi, ettei h\u00e4n ihan tuntemattomana kuolisi, kertoo <strong class=\"aw-ak79eh KyCXm yle__article__strong\">Ammi Paananen<\/strong>, el\u00e4m\u00e4nkumppani jo vuodesta 1958 l\u00e4htien.<\/p>\n<p class=\"aw-1gybjub aw-1p7kakr ghpEtB jtovHP yle__article__paragraph\"><strong class=\"aw-ak79eh KyCXm yle__article__strong\">Ammi Paananen kertoo, ett\u00e4 monipuolisuudestaan huolimatta h\u00e4nen puolisonsa koki itsens\u00e4 ennen kaikkea s\u00e4velt\u00e4j\u00e4ksi.<\/strong><\/p>\n<p class=\"aw-1gybjub aw-1p7kakr ghpEtB jtovHP yle__article__paragraph\">Ammi Paananen muistelee, ett\u00e4 h\u00e4nen miehens\u00e4 monipuolisuus \u00e4rsytti tiettyj\u00e4 ihmisi\u00e4 kovasti.<\/p>\n<p class=\"aw-1gybjub aw-1p7kakr ghpEtB jtovHP yle__article__paragraph\">\u2013 Kirjoitin p\u00e4iv\u00e4kirjaani v\u00e4h\u00e4n v\u00e4li\u00e4: Voi Matti parka! H\u00e4n sai vihamiehi\u00e4 tuntemattomistakin ihmisist\u00e4.<\/p>\n<blockquote class=\"aw-5b7r8f cbYKVf\">\n<p class=\"aw-1gybjub aw-c9wyj2 ghpEtB gvGRkS\">Lopputulos on p\u00e4\u00e4asia. My\u00f6s h\u00e4viten saavutettu.<\/p>\n<p class=\"aw-1gybjub aw-1pgj57y ghpEtB kqsCaW\">Matti Rag Paanasen aforismi<\/p>\n<\/blockquote>\n<p class=\"aw-1gybjub aw-1p7kakr ghpEtB jtovHP yle__article__paragraph\">N\u00e4yttelyn kuratoinut <strong class=\"aw-ak79eh KyCXm yle__article__strong\">Niina Tanskanen<\/strong> arvelee, ett\u00e4 Rag Paanasen saama tunnustus on j\u00e4\u00e4nyt kaiken muun jalkoihin.<\/p>\n<p class=\"aw-1gybjub aw-1p7kakr ghpEtB jtovHP yle__article__paragraph\">\u2013 Pelk\u00e4st\u00e4\u00e4n kuvataiteellinen tuotanto on niin eklektinen, eri aineksia yhdistelev\u00e4, ett\u00e4 se on n\u00e4hty viel\u00e4 viime vuosikymmenin\u00e4 jotenkin ep\u00e4ilytt\u00e4v\u00e4n\u00e4.<\/p>\n<p class=\"aw-1gybjub aw-1p7kakr ghpEtB jtovHP yle__article__paragraph\">Tanskanen kokee, ett\u00e4 teosten lukum\u00e4\u00e4r\u00e4 kutsuu katsomaan, mit\u00e4 taiteilijalla oli sanottavaa. Sit\u00e4 selke\u00e4sti oli.<\/p>\n<p class=\"aw-1gybjub aw-1p7kakr ghpEtB jtovHP yle__article__paragraph\">\u2013 Kenties kaiken luomisty\u00f6n taustalla on maailman ja el\u00e4m\u00e4n ihmeellisyys. Paanasen mielest\u00e4 taide on ihmislajille erityinen tapa olla olemassa. Siksi sit\u00e4 piti harjoittaa.<\/p>\n<p>Matti Rag Paananen 1939\u20132022<\/p>\n<ul class=\"aw-1jjocuh iJTSwP yle__article__list yle__article__list--ul\">\n<li class=\"aw-1j7gwms eEeLbO\">s\u00e4velt\u00e4j\u00e4, sovittaja, pianisti, runoilija ja taidemaalari<\/li>\n<li class=\"aw-1j7gwms eEeLbO\">kuvataiteellinen tuotanto k\u00e4sitt\u00e4\u00e4 noin 700 maalausta<\/li>\n<li class=\"aw-1j7gwms eEeLbO\">itseoppinut; vaikutteita pariisilaisista modernisteista (esim. <strong class=\"aw-ak79eh KyCXm yle__article__strong\">Marc Chagall<\/strong>, <strong class=\"aw-ak79eh KyCXm yle__article__strong\">Vincent van Gogh<\/strong>, <strong class=\"aw-ak79eh KyCXm yle__article__strong\">Claude Monnet<\/strong>, <strong class=\"aw-ak79eh KyCXm yle__article__strong\">Picasso<\/strong>)<\/li>\n<li class=\"aw-1j7gwms eEeLbO\">s\u00e4velt\u00e4nyt seitsem\u00e4n sinfoniaa ja julkaissut yli 20 albumia; aloitti jazz-pianistina<\/li>\n<li class=\"aw-1j7gwms eEeLbO\">toinen nimi, Rag, tulee rakastamastaan ragtime-musiikista<\/li>\n<li class=\"aw-1j7gwms eEeLbO\">runoilijana kirjoittanut kymmenosaisen aforismikokoelman Taide ja nerous, jossa yli 3\u00a0000 sivua pohdintoja taiteesta<\/li>\n<li class=\"aw-1j7gwms eEeLbO\">valtion taiteilijael\u00e4ke vuonna 1999<\/li>\n<\/ul>\n<p>Synk\u00e4t uutiset heijastuivat v\u00e4rien k\u00e4ytt\u00f6\u00f6n<\/p>\n<p class=\"aw-1gybjub aw-1p7kakr ghpEtB jtovHP yle__article__paragraph\">Matti Rag Paanasen huikea tuotteliaisuus jakaantuu selviin teemoihin: matkat, uutisaiheet ja musiikki. It\u00e4-Afrikka, Amazonin sademets\u00e4t ja Pariisi innoittivat taiteilijaa niin kuvina, musiikkina kuin runoinakin.<\/p>\n<p class=\"aw-1gybjub aw-1p7kakr ghpEtB jtovHP yle__article__paragraph\">Paanaset ovat aina seuranneet uutisia. Niiden vaikutus n\u00e4kyy erityisen paljon Rag Paanasen viimeisten elinvuosien maalauksissa: Isis-terroristit, koronaepidemia, Ven\u00e4j\u00e4n hy\u00f6kk\u00e4yssota Ukrainassa, Notre-Damen katedraalin tulipalo&#8230;<\/p>\n<p class=\"aw-1gybjub aw-1p7kakr ghpEtB jtovHP yle__article__paragraph\">Notre-Dame oli ehtym\u00e4t\u00f6n l\u00e4hde maalaust\u00f6ille. Katedraalin tornit n\u00e4ytt\u00e4ytyv\u00e4t eri v\u00e4reiss\u00e4; milloin valuvina, milloin leimuavina, milloin itsepuolustuksen omaisesti piikikk\u00e4in\u00e4.<\/p>\n<p class=\"aw-1gybjub aw-1p7kakr ghpEtB jtovHP yle__article__paragraph\">\u2013 Matti ihastui syv\u00e4sti Notre-Dameen jostain kumman syyst\u00e4. Sinne mentiin Pariisin-matkoilla joka kerta, muistelee Ammi Paananen.<\/p>\n<p><img decoding=\"async\" alt=\"Matti Rag Paanasen maalauksia Notre Damen katedraalista. \" src=\"https:\/\/www.europesays.com\/fi\/wp-content\/uploads\/2025\/10\/39-153629768e81f6de6889.jpeg\" class=\"aw-ml7zab fDhVEC\"\/><img decoding=\"async\" alt=\"Ammi Paananen tutkailee puolisonsa Matti Rag Paanasen ty\u00f6n &quot;Antikoni X, Yl\u00f6snousemus&quot; (2017) takapuolella olevia tietoja. \" src=\"https:\/\/www.europesays.com\/fi\/wp-content\/uploads\/2025\/10\/39-153639368e8aeff69f18.jpeg\" class=\"aw-ml7zab gXNbEA\"\/><\/p>\n<p class=\"aw-1gybjub aw-1p7kakr ghpEtB jtovHP yle__article__paragraph\">Tulipalo tuhosi Notre-Damen vuonna 2019. Katedraalin kauneutta Paananen alkoi maalata jo 15 vuotta aiemmin.<\/p>\n<p class=\"aw-1gybjub aw-1p7kakr ghpEtB jtovHP yle__article__paragraph\">Rag Paananen maalasi sarjan Antikoni-teoksia. T\u00e4ss\u00e4 Antikoni X, Yl\u00f6snousemus (2017).<\/p>\n<p class=\"aw-1gybjub aw-1p7kakr ghpEtB jtovHP yle__article__paragraph\">Antikoni X, Yl\u00f6snousemus -maalauksen taakse Rag Paananen on liitt\u00e4nyt nuotit s\u00e4velm\u00e4st\u00e4 Antikoni. Siell\u00e4 on my\u00f6s teksti:<\/p>\n<p class=\"aw-1gybjub aw-1p7kakr ghpEtB jtovHP yle__article__paragraph\">\u201dS\u00e4velsin sademets\u00e4n hyv\u00e4ksi ja villiel\u00e4inten suojelemiseksi, tein rasismin vastaisen levyn ja konsertoin huumeita vastaan. Lopuksi haluan viel\u00e4 maalata terrorismin vastaisia ikoneita.\u201d<\/p>\n<p class=\"aw-1gybjub aw-1p7kakr ghpEtB jtovHP yle__article__paragraph\"><strong class=\"aw-ak79eh KyCXm yle__article__strong\">N\u00e4yttelyn kuratoinut museoamanuenssi Niina Tanskanen kertoo, ett\u00e4 Matti Rag Paananen n\u00e4ytti, miten luovan ty\u00f6n ei tarvitse aina olla t\u00e4ydellist\u00e4.<\/strong><\/p>\n<p class=\"aw-1gybjub aw-1p7kakr ghpEtB jtovHP yle__article__paragraph\">Rag Paananen tallensi my\u00f6s koronapandemian vaiheita. Samoihin aikoihin h\u00e4nell\u00e4 todettiin keuhkofibrioosi.<\/p>\n<p class=\"aw-1gybjub aw-1p7kakr ghpEtB jtovHP yle__article__paragraph\">\u2013 Olimme t\u00e4\u00e4ll\u00e4 kotona kuin vankeina. Sanottiin, ettei Matti saa saada mink\u00e4\u00e4nlaista hengitystieinfektiota. Kotiimmekaan ei saanut tulla kukaan, joten h\u00e4n keskittyi koronatauluihin.<\/p>\n<p><img decoding=\"async\" alt=\"Matti Rag Paanasen maalaama kuva taiteilijakodistaan Ragalasta, Turun Hirvensalosta.\" src=\"https:\/\/www.europesays.com\/fi\/wp-content\/uploads\/2025\/10\/39-153630868e827c12c207.jpeg\" class=\"aw-1l9m598 hKVVvP\"\/><\/p>\n<p>Avaa kuvien katselu<\/p>\n<p><img decoding=\"async\" alt=\"Taiteilija Matti Rag Paanasen omakuva isomman maalauksen pienen\u00e4 yksityiskohtana. \" src=\"https:\/\/www.europesays.com\/fi\/wp-content\/uploads\/2025\/10\/39-153627968e80d123d5c0.jpeg\" class=\"aw-1l9m598 hKVVvP\"\/><\/p>\n<p>Avaa kuvien katselu<\/p>\n<p><img decoding=\"async\" alt=\"Matti Rag Paanasen triptyykki, joka kuvaa Pariisia. \" src=\"https:\/\/www.europesays.com\/fi\/wp-content\/uploads\/2025\/10\/39-153630468e82576ceeb5.jpeg\" class=\"aw-1l9m598 hKVVvP\"\/><\/p>\n<p>Avaa kuvien katselu<\/p>\n<p><img decoding=\"async\" alt=\"Matti Rag Paanasen maalaus &quot;Pandemia&quot; vuodelta 2020. \" src=\"https:\/\/www.europesays.com\/fi\/wp-content\/uploads\/2025\/10\/39-153630368e824a9dab3d.jpeg\" class=\"aw-1l9m598 hKVVvP\"\/><\/p>\n<p>Avaa kuvien katselu<\/p>\n<p><img decoding=\"async\" alt=\"Matti Rag Paanasen teossarja, joka on syntynyt h\u00e4nen s\u00e4velt\u00e4m\u00e4st\u00e4\u00e4n jazzmusiikista. \" src=\"https:\/\/www.europesays.com\/fi\/wp-content\/uploads\/2025\/10\/39-153630968e8286fe4d5e.jpeg\" class=\"aw-1l9m598 hKVVvP\"\/><\/p>\n<p>Avaa kuvien katselu<\/p>\n<p><img decoding=\"async\" alt=\"Matti Rag Paanasen taiteilijakodin aula. Seinill\u00e4 paljon maalauksia. \" src=\"https:\/\/www.europesays.com\/fi\/wp-content\/uploads\/2025\/10\/39-153631268e82aa200ea8.jpeg\" class=\"aw-1l9m598 hKVVvP\"\/><\/p>\n<p>Avaa kuvien katselu<\/p>\n<p><img decoding=\"async\" alt=\"Matti Rag Paanasen teossarja, jos yhdeks\u00e4n eri versiota teemasta &quot;Huuto&quot; ja kymmenenten\u00e4 &quot;\u00c4\u00e4ni meni&quot;.\" src=\"https:\/\/www.europesays.com\/fi\/wp-content\/uploads\/2025\/10\/39-153629968e820ca06670.jpeg\" class=\"aw-1l9m598 hKVVvP\"\/><\/p>\n<p>Avaa kuvien katselu<\/p>\n<p><img decoding=\"async\" alt=\"Matti Rag Paanasen leski Ammi Paananen taiteilijakoti Ragalassa k\u00e4dess\u00e4\u00e4n yksi Paanasen lukuisista Antiokoni-sarjan teoksista. \" src=\"https:\/\/www.europesays.com\/fi\/wp-content\/uploads\/2025\/10\/39-153631068e82929b8298.jpeg\" class=\"aw-1l9m598 hKVVvP\"\/><\/p>\n<p>Avaa kuvien katselu<\/p>\n<p><img decoding=\"async\" alt=\"Matti Rag Paanasen maalaus vuodelta 2022. Se kuvaa Ven\u00e4j\u00e4n hy\u00f6kk\u00e4yst\u00e4 Ukrainaan ja nimenomaan Kiovaan. \" src=\"https:\/\/www.europesays.com\/fi\/wp-content\/uploads\/2025\/10\/39-153630268e822ec528bc.jpeg\" class=\"aw-1l9m598 hKVVvP\"\/><\/p>\n<p>Avaa kuvien katselu<\/p>\n<p><img decoding=\"async\" alt=\"Mies istuu pianon \u00e4\u00e4ress\u00e4 ja pit\u00e4\u00e4 k\u00e4siss\u00e4\u00e4n nautteja. H\u00e4n katsoo takanaan seisovaa naista ja hymyilee. Nainen nauraa.\" src=\"https:\/\/www.europesays.com\/fi\/wp-content\/uploads\/2025\/10\/39-153625868e7fc54eb886.jpeg\" class=\"aw-1l9m598 hKVVvP\"\/><\/p>\n<p>Avaa kuvien katselu<\/p>\n<p class=\"aw-1gybjub aw-1p7kakr ghpEtB jtovHP yle__article__paragraph\">Matti Rag Paananen tunnetaan vakavien aiheiden lis\u00e4ksi huumoristaan, varsinkin mustasta sellaisesta. L\u00e4hipiiri muistaa hyvin, miten h\u00e4n osasi nauraa itselleenkin.<\/p>\n<p class=\"aw-1gybjub aw-1p7kakr ghpEtB jtovHP yle__article__paragraph\">\u2013 Onhan t\u00e4\u00e4ll\u00e4 tauluja, joissa ei ole p\u00e4\u00e4t\u00e4 eik\u00e4 h\u00e4nt\u00e4\u00e4. Matilla oli sellainen tyyli, ett\u00e4 aluksi h\u00e4n oli ihan tosissaan, mutta lopussa oli joku j\u00e4yn\u00e4, Ammi Paananen luonnehtii.<\/p>\n<p class=\"aw-1gybjub aw-1p7kakr ghpEtB jtovHP yle__article__paragraph\">Kekseli\u00e4skin taiteilija oli, kun rahat olivat tiukilla.<\/p>\n<p class=\"aw-1gybjub aw-1p7kakr ghpEtB jtovHP yle__article__paragraph\">\u2013 Hirvensalon sillan kulmalla oli aikanaan Unionin huoltoasema. Montakohan Matin taulua omistajalla on, sill\u00e4 Matti sai aina bensaa tietyn m\u00e4\u00e4r\u00e4n yhdell\u00e4 taululla.<\/p>\n<p class=\"aw-1gybjub aw-1p7kakr ghpEtB jtovHP yle__article__paragraph\"><strong class=\"aw-ak79eh KyCXm yle__article__strong\">Ylen musiikkiaiheinen tv-ohjelma Iltat\u00e4hti esitteli vuonna 1974 psykedeelisen musiikkikuvaelman Matti Rag Paanasen ja Vesa-Matti Loirin kokeelliselta popjazzlevylt\u00e4<\/strong> <strong class=\"aw-ak79eh KyCXm yle__article__strong\">Merirosvokapteeni Ynjevi Lavankopoksahdus.<\/strong><\/p>\n<p class=\"aw-1gybjub aw-1p7kakr ghpEtB jtovHP yle__article__paragraph\">Matti Rag Paanasen n\u00e4yttely on esill\u00e4 Turussa Aboa Vetus Ars Nova -museossa 10.10.2025\u201422.3.2026.<\/p>\n","protected":false},"excerpt":{"rendered":"Juttu tiivistettyn\u00e4 Matti Rag Paanasen kuvataidetta on nyt ensimm\u00e4ist\u00e4 kertaa esill\u00e4 museon\u00e4yttelyss\u00e4. Paikka on Aboa Vetus Ars Nova&hellip;\n","protected":false},"author":2,"featured_media":61054,"comment_status":"","ping_status":"","sticky":false,"template":"","format":"standard","meta":{"footnotes":""},"categories":[135],"tags":[389,387,388,390,137,33,31,30,71,108,14190,1808,14189,14191,32,394,397,393,391,392,663,109],"class_list":{"0":"post-61053","1":"post","2":"type-post","3":"status-publish","4":"format-standard","5":"has-post-thumbnail","7":"category-taiteet-ja-suunnittelu","8":"tag-arts","9":"tag-arts-and-design","10":"tag-artsanddesign","11":"tag-design","12":"tag-entertainment","13":"tag-fi","14":"tag-finland","15":"tag-finnish","16":"tag-kotimaa","17":"tag-kulttuuri","18":"tag-maalaukset","19":"tag-maalaustaide","20":"tag-matti-rag-paananen","21":"tag-saveltaminen","22":"tag-suomi","23":"tag-suunnittelu","24":"tag-taide","25":"tag-taiteet","26":"tag-taiteet-ja-suunnittelu","27":"tag-taiteetsuunnittelu","28":"tag-varsinais-suomi","29":"tag-viihde"},"share_on_mastodon":{"url":"","error":""},"_links":{"self":[{"href":"https:\/\/www.europesays.com\/fi\/wp-json\/wp\/v2\/posts\/61053","targetHints":{"allow":["GET"]}}],"collection":[{"href":"https:\/\/www.europesays.com\/fi\/wp-json\/wp\/v2\/posts"}],"about":[{"href":"https:\/\/www.europesays.com\/fi\/wp-json\/wp\/v2\/types\/post"}],"author":[{"embeddable":true,"href":"https:\/\/www.europesays.com\/fi\/wp-json\/wp\/v2\/users\/2"}],"replies":[{"embeddable":true,"href":"https:\/\/www.europesays.com\/fi\/wp-json\/wp\/v2\/comments?post=61053"}],"version-history":[{"count":0,"href":"https:\/\/www.europesays.com\/fi\/wp-json\/wp\/v2\/posts\/61053\/revisions"}],"wp:featuredmedia":[{"embeddable":true,"href":"https:\/\/www.europesays.com\/fi\/wp-json\/wp\/v2\/media\/61054"}],"wp:attachment":[{"href":"https:\/\/www.europesays.com\/fi\/wp-json\/wp\/v2\/media?parent=61053"}],"wp:term":[{"taxonomy":"category","embeddable":true,"href":"https:\/\/www.europesays.com\/fi\/wp-json\/wp\/v2\/categories?post=61053"},{"taxonomy":"post_tag","embeddable":true,"href":"https:\/\/www.europesays.com\/fi\/wp-json\/wp\/v2\/tags?post=61053"}],"curies":[{"name":"wp","href":"https:\/\/api.w.org\/{rel}","templated":true}]}}