{"id":61056,"date":"2025-10-13T16:17:09","date_gmt":"2025-10-13T16:17:09","guid":{"rendered":"https:\/\/www.europesays.com\/fi\/61056\/"},"modified":"2025-10-13T16:17:09","modified_gmt":"2025-10-13T16:17:09","slug":"infected-rain-ja-butcher-babies-tulevat-yhteiskeikalle-suomeen","status":"publish","type":"post","link":"https:\/\/www.europesays.com\/fi\/61056\/","title":{"rendered":"Infected Rain ja Butcher Babies tulevat yhteiskeikalle Suomeen"},"content":{"rendered":"<p><strong>Infected Rain<\/strong> ja <strong>Butcher Babies<\/strong> yhdist\u00e4v\u00e4t voimansa Euroopan-kiertueen merkeiss\u00e4 tulevana kev\u00e4\u00e4n\u00e4. Yhtyeet n\u00e4hd\u00e4\u00e4n <a href=\"https:\/\/tuska.fi\/infected-rain-ja-butcher-babies-helsinkiin-huhtikuussa-2026\/\" target=\"_blank\" rel=\"noreferrer noopener nofollow\">my\u00f6s Suomessa<\/a>: moderni metalli raikaa Helsingin \u00c4\u00e4niwallissa 28. huhtikuuta. Illan avaa <strong>Black Spikes<\/strong>.<\/p>\n<p>Konsertin liput ovat myynniss\u00e4 Tiketiss\u00e4 alkaen 45 euron hintaan.<\/p>\n<p><img loading=\"lazy\" decoding=\"async\" alt=\"YouTube video\" width=\"480\" height=\"360\" data-pin-nopin=\"true\" nopin=\"nopin\" class=\"perfmatters-lazy\" src=\"https:\/\/www.europesays.com\/fi\/wp-content\/uploads\/2025\/10\/1760372229_371_hqdefault.jpg\"\/><\/p>\n<p><img loading=\"lazy\" decoding=\"async\" alt=\"YouTube video\" width=\"480\" height=\"360\" data-pin-nopin=\"true\" nopin=\"nopin\" class=\"perfmatters-lazy\" src=\"https:\/\/www.europesays.com\/fi\/wp-content\/uploads\/2025\/10\/1760372229_282_hqdefault.jpg\"\/><\/p>\n<p><img loading=\"lazy\" decoding=\"async\" alt=\"YouTube video\" width=\"480\" height=\"360\" data-pin-nopin=\"true\" nopin=\"nopin\" class=\"perfmatters-lazy\" src=\"https:\/\/www.europesays.com\/fi\/wp-content\/uploads\/2025\/10\/1760372229_185_hqdefault.jpg\"\/><\/p>\n","protected":false},"excerpt":{"rendered":"Infected Rain ja Butcher Babies yhdist\u00e4v\u00e4t voimansa Euroopan-kiertueen merkeiss\u00e4 tulevana kev\u00e4\u00e4n\u00e4. Yhtyeet n\u00e4hd\u00e4\u00e4n my\u00f6s Suomessa: moderni metalli raikaa&hellip;\n","protected":false},"author":2,"featured_media":61057,"comment_status":"","ping_status":"","sticky":false,"template":"","format":"standard","meta":{"footnotes":""},"categories":[132],"tags":[137,33,31,30,1039,195,47,32,109],"class_list":{"0":"post-61056","1":"post","2":"type-post","3":"status-publish","4":"format-standard","5":"has-post-thumbnail","7":"category-musiikki","8":"tag-entertainment","9":"tag-fi","10":"tag-finland","11":"tag-finnish","12":"tag-keikkauutiset","13":"tag-music","14":"tag-musiikki","15":"tag-suomi","16":"tag-viihde"},"share_on_mastodon":{"url":"","error":""},"_links":{"self":[{"href":"https:\/\/www.europesays.com\/fi\/wp-json\/wp\/v2\/posts\/61056","targetHints":{"allow":["GET"]}}],"collection":[{"href":"https:\/\/www.europesays.com\/fi\/wp-json\/wp\/v2\/posts"}],"about":[{"href":"https:\/\/www.europesays.com\/fi\/wp-json\/wp\/v2\/types\/post"}],"author":[{"embeddable":true,"href":"https:\/\/www.europesays.com\/fi\/wp-json\/wp\/v2\/users\/2"}],"replies":[{"embeddable":true,"href":"https:\/\/www.europesays.com\/fi\/wp-json\/wp\/v2\/comments?post=61056"}],"version-history":[{"count":0,"href":"https:\/\/www.europesays.com\/fi\/wp-json\/wp\/v2\/posts\/61056\/revisions"}],"wp:featuredmedia":[{"embeddable":true,"href":"https:\/\/www.europesays.com\/fi\/wp-json\/wp\/v2\/media\/61057"}],"wp:attachment":[{"href":"https:\/\/www.europesays.com\/fi\/wp-json\/wp\/v2\/media?parent=61056"}],"wp:term":[{"taxonomy":"category","embeddable":true,"href":"https:\/\/www.europesays.com\/fi\/wp-json\/wp\/v2\/categories?post=61056"},{"taxonomy":"post_tag","embeddable":true,"href":"https:\/\/www.europesays.com\/fi\/wp-json\/wp\/v2\/tags?post=61056"}],"curies":[{"name":"wp","href":"https:\/\/api.w.org\/{rel}","templated":true}]}}