{"id":6106,"date":"2025-08-15T02:49:35","date_gmt":"2025-08-15T02:49:35","guid":{"rendered":"https:\/\/www.europesays.com\/fi\/6106\/"},"modified":"2025-08-15T02:49:35","modified_gmt":"2025-08-15T02:49:35","slug":"luonto-liito-oravat-ja-viitasammakot-tutkitaan-nyt-rajamaella-tarkoin-asialle-laitetaan-enviro-paikalliset","status":"publish","type":"post","link":"https:\/\/www.europesays.com\/fi\/6106\/","title":{"rendered":"Luonto | Liito-oravat ja viitasammakot tutkitaan nyt Rajam\u00e4ell\u00e4 tarkoin \u2013 asialle laitetaan Enviro | Paikalliset"},"content":{"rendered":"<p>Rajam\u00e4en luontoselvitys aiotaan p\u00e4ivitt\u00e4\u00e4 \u2013 ensimm\u00e4ist\u00e4 kertaa yli kymmeneen vuoteen. Aiempi selvitys on per\u00e4isin vuodelta 2014, mutta sen tiedot tulee laittaa ajan tasalle muuttuneiden ohjeiden ja luokitusten takia.<\/p>\n<p>Asiasta p\u00e4\u00e4tettiin viranhaltijap\u00e4\u00e4t\u00f6ksell\u00e4.<\/p>\n<p><strong class=\"diks-storyline__impact\">Selvityksen<\/strong> p\u00e4ivityksess\u00e4 tulee selvitt\u00e4\u00e4 Rajam\u00e4ell\u00e4 muun muassa alueella esiintyvien liito-oravien, viitasammakoiden ja lampikorentojen sijaintipaikat.<\/p>\n<p>Samoin kartoitetaan Rajam\u00e4en pesim\u00e4linnusto sek\u00e4 uhanalaiset, suojellut ja luontodirektiivin mukaiset luontotyypit.<\/p>\n<p><strong class=\"diks-storyline__impact\">Tarjouksia<\/strong><strong> <\/strong>selvityksen tekemisest\u00e4 pyydettiin avoimen menettelyn kautta. Tarjouksia saatiin kuusi, joista virkamiesp\u00e4\u00e4t\u00f6ksell\u00e4 valittiin Ymp\u00e4rist\u00f6suunnittelu Enviro Oy:n 37\u2009550 euron tarjous. Muut tarjouksen tekij\u00e4t olivat Envineer, Faunatica, Macon, Maveplan ja Sitema.<\/p>\n<p>Luontoselvituksen alustava luonnos tulee toimittaa kuntaan lokakuun loppuun menness\u00e4 menness\u00e4 ja viimeistelty raportti 21.\u2009marraskuuta menness\u00e4.<\/p>\n","protected":false},"excerpt":{"rendered":"Rajam\u00e4en luontoselvitys aiotaan p\u00e4ivitt\u00e4\u00e4 \u2013 ensimm\u00e4ist\u00e4 kertaa yli kymmeneen vuoteen. Aiempi selvitys on per\u00e4isin vuodelta 2014, mutta sen&hellip;\n","protected":false},"author":2,"featured_media":6107,"comment_status":"","ping_status":"","sticky":false,"template":"","format":"standard","meta":{"footnotes":""},"categories":[117],"tags":[681,404,33,31,30,863,72,476,637,118,591,32,119,477,534],"class_list":{"0":"post-6106","1":"post","2":"type-post","3":"status-publish","4":"format-standard","5":"has-post-thumbnail","7":"category-luonto","8":"tag-alue-ja-paikallishallinto","9":"tag-elaimet","10":"tag-fi","11":"tag-finland","12":"tag-finnish","13":"tag-hallitus","14":"tag-luonto","15":"tag-nature","16":"tag-politiikka","17":"tag-science","18":"tag-selkarankaiset","19":"tag-suomi","20":"tag-tiede","21":"tag-wildlife","22":"tag-ymparisto-ja-luonto"},"share_on_mastodon":{"url":"","error":""},"_links":{"self":[{"href":"https:\/\/www.europesays.com\/fi\/wp-json\/wp\/v2\/posts\/6106","targetHints":{"allow":["GET"]}}],"collection":[{"href":"https:\/\/www.europesays.com\/fi\/wp-json\/wp\/v2\/posts"}],"about":[{"href":"https:\/\/www.europesays.com\/fi\/wp-json\/wp\/v2\/types\/post"}],"author":[{"embeddable":true,"href":"https:\/\/www.europesays.com\/fi\/wp-json\/wp\/v2\/users\/2"}],"replies":[{"embeddable":true,"href":"https:\/\/www.europesays.com\/fi\/wp-json\/wp\/v2\/comments?post=6106"}],"version-history":[{"count":0,"href":"https:\/\/www.europesays.com\/fi\/wp-json\/wp\/v2\/posts\/6106\/revisions"}],"wp:featuredmedia":[{"embeddable":true,"href":"https:\/\/www.europesays.com\/fi\/wp-json\/wp\/v2\/media\/6107"}],"wp:attachment":[{"href":"https:\/\/www.europesays.com\/fi\/wp-json\/wp\/v2\/media?parent=6106"}],"wp:term":[{"taxonomy":"category","embeddable":true,"href":"https:\/\/www.europesays.com\/fi\/wp-json\/wp\/v2\/categories?post=6106"},{"taxonomy":"post_tag","embeddable":true,"href":"https:\/\/www.europesays.com\/fi\/wp-json\/wp\/v2\/tags?post=6106"}],"curies":[{"name":"wp","href":"https:\/\/api.w.org\/{rel}","templated":true}]}}