{"id":61062,"date":"2025-10-13T16:21:07","date_gmt":"2025-10-13T16:21:07","guid":{"rendered":"https:\/\/www.europesays.com\/fi\/61062\/"},"modified":"2025-10-13T16:21:07","modified_gmt":"2025-10-13T16:21:07","slug":"jari-matti-latvalan-rahakuvioihin-yllattava-muutos","status":"publish","type":"post","link":"https:\/\/www.europesays.com\/fi\/61062\/","title":{"rendered":"Jari-Matti Latvalan rahakuvioihin yll\u00e4tt\u00e4v\u00e4 muutos"},"content":{"rendered":"<p>Jari-Matti Latvalan raha- ja business-kuvioihin on tullut yll\u00e4tt\u00e4v\u00e4 muutos.<\/p>\n<p>Jari-Matti on kaikessa hiljaisuudessa perustanut Suomeen yhti\u00f6n.<\/p>\n<p>Jari-Matti pyk\u00e4si Tuuriin pystyyn firman nimelt\u00e4 Jml-Wrt Finland Oy maaliskuussa. Siit\u00e4 ei n\u00e4in ollen ole viel\u00e4 mahdollista saada tilinp\u00e4\u00e4t\u00f6stietoja.<\/p>\n<p>Firman p\u00e4\u00e4asialliseksi toimialaksi on merkitty liikuntapalvelut. Hallituksessa JM itse on toimitusjohtaja. Varaj\u00e4seniksi on kutsuttu Toyotan WRC-tallin teknisen\u00e4 johtajana tunnettu Tom Fowler ja projektijohtaja \u00a0Yuichiro Haruna.<\/p>\n<p>Raha-asiat kunnossa<\/p>\n<p>Hallituksen j\u00e4senen\u00e4 Jari-Matti jatkaa edelleen kahdessa muussa yrityksess\u00e4, Toyota Gazoo Racing World Rally Team Oy:ssa ja Latvala Logistics Oy:ssa. Hallituksen puheenjohtaja h\u00e4n puolestaan on omassa JML-Sports Oy -firmassaan.<\/p>\n<p>Kun Latvala p\u00e4\u00e4si Tommi M\u00e4kisen j\u00e4lkeen Toyotan kansainv\u00e4liseksi rallip\u00e4\u00e4llik\u00f6ksi, rahahanat aukesivat ja h\u00e4n sai maksettua my\u00f6s miljoonien verovelkansa.<\/p>\n<p>Keski-Suomessa sijaitseva talli teki 197 miljoonan liikevaihdon saatellen viivan alle 14 miljoonan voiton. Taseen loppusumma nousee 90 miljoonaan ja omaa p\u00e4\u00e4omaa on yli 35 miljoonaa.<\/p>\n<p>Jari-Matti on my\u00f6s perheyhti\u00f6 Latvala Logisticsin prokuristi ja toimitusjohtaja. T\u00e4m\u00e4 firma teki 600 000 euron liikevaihdolla  129 000 euron tuloksen.<\/p>\n<p>Jarin ihkaoma JML-Sports Oy puolestaan py\u00f6r\u00e4ytti kasaan 1,1 miljoonan vaihdon, mutta viivan alle j\u00e4i vain 48 000 euroa. Firman tase nousee kuitenkin alun kolmeen miljoonaan ja se on 80-prosenttisesti omavarainen.<\/p>\n<p>Veropetosasia edelleen k\u00e4sittely\u00e4 vailla<\/p>\n<p>Syyskuussa kerrottiin, ett\u00e4 JM Latvalaa uhkaa vankeustuomio ja h\u00e4nt\u00e4 syytet\u00e4\u00e4n t\u00f6rke\u00e4st\u00e4 veropetoksesta. Vaikka Latvala maksoi verottajalle taannoin 4,5 miljoonaa euroa, syytt\u00e4j\u00e4 katsoo, ett\u00e4 syytekynnys ylittyi ja asia pit\u00e4\u00e4 mitata my\u00f6s oikeudessa asti.<\/p>\n<p>Kyse on siis samasta vanhasta ja jo rahalla maksetusta asiasta, ja koskee matkap\u00e4ivi\u00e4. <\/p>\n<p>Verottajan mukaan Latvala oli ulkomailla kirjoilla ollessaan ollut Suomessa liikaa, jolloin h\u00e4net katsottiin t\u00e4nne verovelvolliseksi.<\/p>\n<p>Lue my\u00f6s: <a href=\"https:\/\/www.como.fi\/uutiset\/hymy-jari-matti-latvala-puhuu-vihdoin-suunsa-puhtaaksi-verottaja-tuhosi-urani-mutta-tama-pelasti-sen\/\" title=\"Hymy: Jari-Matti Latvala puhuu vihdoin suunsa puhtaaksi \u2013 \u201dVerottaja tuhosi urani, mutta t\u00e4m\u00e4 pelasti sen\u201d\" class=\"underline-custom !font-montserrat !font-bold !underline-offset-4 !decoration-4 !decoration-red-600 !text-md\" rel=\"nofollow noopener\" target=\"_blank\">Hymy: Jari-Matti Latvala puhuu vihdoin suunsa puhtaaksi \u2013 \u201dVerottaja tuhosi urani, mutta t\u00e4m\u00e4 pelasti sen\u201d<\/a><\/p>\n<p>Lue my\u00f6s: <a href=\"https:\/\/www.como.fi\/uutiset\/janni-hussi-sadehtii-jari-matti-latvalan-rinnalla-ensimmaiset-yhteiskuvat\/\" title=\"Janni Hussi s\u00e4dehtii Jari-Matti Latvalan rinnalla \u2013 ensimm\u00e4iset yhteiskuvat!\" class=\"underline-custom !font-montserrat !font-bold !underline-offset-4 !decoration-4 !decoration-red-600 !text-md\" rel=\"nofollow noopener\" target=\"_blank\">Janni Hussi s\u00e4dehtii Jari-Matti Latvalan rinnalla \u2013 ensimm\u00e4iset yhteiskuvat!<\/a><\/p>\n<p>Lue my\u00f6s: <a href=\"https:\/\/www.como.fi\/tilaa-comon-uutiskirje\/\" title=\"Tilaa Comon uutiskirje ja tied\u00e4t mist\u00e4 kahvitauolla puhutaan! Nappaa kotimaan tv-vinkit ja puheenaiheet suoraan s\u00e4hk\u00f6postiin t\u00e4st\u00e4.\" class=\"underline-custom !font-montserrat !font-bold !underline-offset-4 !decoration-4 !decoration-red-600 !text-md\" rel=\"nofollow noopener\" target=\"_blank\">Tilaa Comon uutiskirje ja tied\u00e4t mist\u00e4 kahvitauolla puhutaan! Nappaa kotimaan tv-vinkit ja puheenaiheet suoraan s\u00e4hk\u00f6postiin t\u00e4st\u00e4.<\/a><\/p>\n","protected":false},"excerpt":{"rendered":"Jari-Matti Latvalan raha- ja business-kuvioihin on tullut yll\u00e4tt\u00e4v\u00e4 muutos. Jari-Matti on kaikessa hiljaisuudessa perustanut Suomeen yhti\u00f6n. Jari-Matti pyk\u00e4si&hellip;\n","protected":false},"author":2,"featured_media":61063,"comment_status":"","ping_status":"","sticky":false,"template":"","format":"standard","meta":{"footnotes":""},"categories":[130],"tags":[137,33,31,30,3631,32,109],"class_list":{"0":"post-61062","1":"post","2":"type-post","3":"status-publish","4":"format-standard","5":"has-post-thumbnail","7":"category-viihde","8":"tag-entertainment","9":"tag-fi","10":"tag-finland","11":"tag-finnish","12":"tag-jari-matti-latvala","13":"tag-suomi","14":"tag-viihde"},"share_on_mastodon":{"url":"","error":""},"_links":{"self":[{"href":"https:\/\/www.europesays.com\/fi\/wp-json\/wp\/v2\/posts\/61062","targetHints":{"allow":["GET"]}}],"collection":[{"href":"https:\/\/www.europesays.com\/fi\/wp-json\/wp\/v2\/posts"}],"about":[{"href":"https:\/\/www.europesays.com\/fi\/wp-json\/wp\/v2\/types\/post"}],"author":[{"embeddable":true,"href":"https:\/\/www.europesays.com\/fi\/wp-json\/wp\/v2\/users\/2"}],"replies":[{"embeddable":true,"href":"https:\/\/www.europesays.com\/fi\/wp-json\/wp\/v2\/comments?post=61062"}],"version-history":[{"count":0,"href":"https:\/\/www.europesays.com\/fi\/wp-json\/wp\/v2\/posts\/61062\/revisions"}],"wp:featuredmedia":[{"embeddable":true,"href":"https:\/\/www.europesays.com\/fi\/wp-json\/wp\/v2\/media\/61063"}],"wp:attachment":[{"href":"https:\/\/www.europesays.com\/fi\/wp-json\/wp\/v2\/media?parent=61062"}],"wp:term":[{"taxonomy":"category","embeddable":true,"href":"https:\/\/www.europesays.com\/fi\/wp-json\/wp\/v2\/categories?post=61062"},{"taxonomy":"post_tag","embeddable":true,"href":"https:\/\/www.europesays.com\/fi\/wp-json\/wp\/v2\/tags?post=61062"}],"curies":[{"name":"wp","href":"https:\/\/api.w.org\/{rel}","templated":true}]}}