{"id":61094,"date":"2025-10-13T17:09:08","date_gmt":"2025-10-13T17:09:08","guid":{"rendered":"https:\/\/www.europesays.com\/fi\/61094\/"},"modified":"2025-10-13T17:09:08","modified_gmt":"2025-10-13T17:09:08","slug":"mielestani-on-okei-suhtautua-asiaan-skeptisesti-the-darkness-nokkamies-ei-yrittanyt-haastaa-riitaa-yungbludin-ozzy-tribuuttia-kritisoidessaan","status":"publish","type":"post","link":"https:\/\/www.europesays.com\/fi\/61094\/","title":{"rendered":"&#8221;Mielest\u00e4ni on okei suhtautua asiaan skeptisesti&#8221; &#8211; The Darkness -nokkamies ei yritt\u00e4nyt haastaa riitaa Yungbludin Ozzy-tribuuttia kritisoidessaan"},"content":{"rendered":"<p>Yungblud <a href=\"https:\/\/www.soundi.fi\/uutiset\/aerosmithin-ja-extremen-muusikot-yhdessa-yungbludin-kanssa-tekivat-ozzylle-kunniaa-mtvn-palkintogaalassa-talta-se-naytti-ja-kuulosti\/\" target=\"_blank\" rel=\"noreferrer noopener nofollow\">esiintyi hiljattain<\/a> MTV:n Video Music Awardseissa esitt\u00e4en yhdess\u00e4 Aerosmithin Steven Tylerin ja Joe Perryn kanssa tribuutin edesmenneelle Ozzy Osbournelle. Yungbludin esitys ei saanut osakseen pelk\u00e4st\u00e4\u00e4n ylistyksi\u00e4 ja kiitosta, vaan my\u00f6s kritiikki\u00e4. \u00c4\u00e4nekk\u00e4immin esityst\u00e4 kritisoi The Darkness -kitaristi Dan Hawkins, <a href=\"https:\/\/www.soundi.fi\/uutiset\/the-darkness-kitaristi-haukkuu-jyrkin-sanankaantein-tuoreen-ozzy-tribuutin-allottavaa\/\" target=\"_blank\" rel=\"noreferrer noopener nofollow\">joka julisti<\/a> sen olleen \u201dyksi naula lis\u00e4\u00e4 rock\u2019n\u2019rollin arkkuun\u201d. My\u00f6s Darkness-keulahahmo Justin Hawkins oli veljens\u00e4 kanssa samaa mielt\u00e4 ja piti Yungbludin esiintymist\u00e4 teenn\u00e4isen\u00e4.<\/p>\n<p>\u201dJos olet joskus katsonut rockista tai metallista kertovaa elokuvaa, tuo on jotain mit\u00e4 miespuolinen strippari voisi tehd\u00e4. Se ei tunnu aidolta. Siin\u00e4 on sellaista disneym\u00e4ist\u00e4 pintakiiltoa, v\u00e4h\u00e4n kuin rock\u2019n\u2019rollia katsoisi Instagram-filtterin l\u00e4pi\u201d, laulaja-kitaristi\u00a0<a href=\"https:\/\/www.soundi.fi\/uutiset\/the-darkness-muusikot-tylyttavat-yungbludia-poseeraaja-laukoo-justin-hawkins\/\" target=\"_blank\" rel=\"noreferrer noopener nofollow\">kuvaili<\/a>\u00a0Justin Hawkins Rides Again -podcastissaan.<\/p>\n<p>Yungblud <a href=\"https:\/\/www.soundi.fi\/uutiset\/yungblud-pitaa-ozzy-tribuutista-saamaansa-kritiikkia-kateellisten-panetteluna-sinua-menestyneemmat-eivat-koskaan-puhu-sinusta-paskaa\/\" target=\"_blank\" rel=\"noreferrer noopener nofollow\">kommentoi saamaansa kritiikki\u00e4<\/a> hiljattain Ozzyn pojan Jack Osbournen podcastissa vieraillessaan ja kuittasi puheet kateellisten muusikkojen katkerana tilityksen\u00e4.<\/p>\n<p>\u201dSinua menestyneemm\u00e4t tai sinua emotionaalisesti pidemm\u00e4ll\u00e4 olevat eiv\u00e4t koskaan puhu sinusta paskaa. Tied\u00e4th\u00e4n? Et koskaan n\u00e4e (Metallican) James Hetfieldi\u00e4 haukkumassa jotain nuorta rokkaria. Koska h\u00e4n on James vitun Hetfield. Sinun is\u00e4si ei koskaan lyt\u00e4nnyt nuoria rokkareita, koska ei h\u00e4nell\u00e4 ollut mit\u00e4\u00e4n todistettavaa\u201d, Yungblud totesi.<\/p>\n<p>Lue my\u00f6s: <a href=\"https:\/\/www.soundi.fi\/uutiset\/yungblud-pitaa-ozzy-tribuutista-saamaansa-kritiikkia-kateellisten-panetteluna-sinua-menestyneemmat-eivat-koskaan-puhu-sinusta-paskaa\/\" title=\"Yungblud pit\u00e4\u00e4 Ozzy-tribuutista saamaansa kritiikki\u00e4 kateellisten panetteluna \u2013 \u201dSinua menestyneemm\u00e4t eiv\u00e4t koskaan puhu sinusta paskaa\u201d\" class=\"underline-custom !font-montserrat !font-bold !underline-offset-4 !decoration-4 !decoration-tilt-light\" rel=\"nofollow noopener\" target=\"_blank\">Yungblud pit\u00e4\u00e4 Ozzy-tribuutista saamaansa kritiikki\u00e4 kateellisten panetteluna \u2013 \u201dSinua menestyneemm\u00e4t eiv\u00e4t koskaan puhu sinusta paskaa\u201d<\/a><\/p>\n<p>Nyt Justin Hawkins on j\u00e4lleen kerran <a href=\"https:\/\/youtu.be\/baOMn456EqA\" target=\"_blank\" rel=\"noreferrer noopener nofollow\">kommentoinut <\/a>asiaa vastaamalla Yungbludin lausuntoihin omassa podcastissaan. Hawkins halusi muun muassa alleviivata sit\u00e4, ettei h\u00e4n miss\u00e4\u00e4n nimess\u00e4 ole riidoissa Yungbludin kanssa, vaikka jotkut mediat asian sellaisena esitt\u00e4v\u00e4tkin \u2013 h\u00e4n on vain tehnyt, mit\u00e4 reaktiovideoissa kuuluu tehd\u00e4 eli reagoinut johonkin asiaan rehellisesti.<\/p>\n<p>\u201dEi t\u00e4ss\u00e4 asiassa ole mit\u00e4\u00e4n riitaisaa, varsinkin mit\u00e4 tulee minun reaktioihini VMA-esiintymiseen. Mik\u00e4\u00e4n siit\u00e4 ei ollut tarkoitettu riidanhaastamiseksi. Yungblud on k\u00e4sitt\u00e4\u00e4kseni artisti, jolla on eritt\u00e4in hyvi\u00e4 yhteyksi\u00e4 \u2013 h\u00e4n on karhu, jota ei kannata l\u00e4hte\u00e4 t\u00f6kkim\u00e4\u00e4n\u201d, <a href=\"https:\/\/www.nme.com\/news\/music\/the-darkness-justin-hawkins-never-intended-to-incite-a-feud-with-yungblud-its-ok-to-be-a-bit-skeptical-3898585\" target=\"_blank\" rel=\"noreferrer noopener nofollow\">Hawkins toteaa<\/a>.<\/p>\n<p>\u201dMutta mit\u00e4 tulee laulun vireen korjaamiseen (josta Hawkins Yungbludia aiemmassa videossaan muun muassa kritisoi) ja muihin huomioihini, joita tein esityksest\u00e4 kokonaisuutena\u2026 Nyt puhutaan tyypist\u00e4, jonka tausta on musikaaliteattereissa ja Disneyss\u00e4, ja jota nyt ylistet\u00e4\u00e4n rockin tulevaisuutena. Mielest\u00e4ni on okei suhtautua asiaan skeptisesti. Tied\u00e4n, ettei t\u00e4m\u00e4 ole suosittu mielipide, mutta jos et voi sanoa asioista mit\u00e4\u00e4n negatiivista, j\u00e4ljelle j\u00e4\u00e4 vain yksi vaihtoehto. Eik\u00e4 el\u00e4m\u00e4 toimi niin. Jokaisella on oikeus sanoa mielipiteens\u00e4. Niin Ozzy ainakin teki.\u201d<\/p>\n<p>\u201dEn mielest\u00e4ni edes haukkunut h\u00e4nt\u00e4. Pointtini oli se, ett\u00e4 jos rockin tulevaisuus vaatii laulun vireen korjaamista keikalla, niin rock on aika lailla kusessa, vai mit\u00e4?\u201d<\/p>\n<p><img loading=\"lazy\" decoding=\"async\" alt=\"YouTube video\" width=\"480\" height=\"360\" data-pin-nopin=\"true\" nopin=\"nopin\" class=\"perfmatters-lazy\" src=\"https:\/\/www.europesays.com\/fi\/wp-content\/uploads\/2025\/10\/1760375348_289_hqdefault.jpg\"\/><\/p>\n<p>Lue my\u00f6s: <a href=\"https:\/\/www.soundi.fi\/uutiset\/emme-voi-elaa-kulttuurissa-jossa-kritiikkia-ei-sallita-yungbludia-poseeraajaksi-sanonut-the-darkness-nokkamies-seisoo-sanojensa-takana\/\" title=\"\u201dEmme voi el\u00e4\u00e4 kulttuurissa, jossa kritiikki\u00e4 ei sallita\u201d- Yungbludia poseeraajaksi sanonut The Darkness -nokkamies seisoo sanojensa takana\" class=\"underline-custom !font-montserrat !font-bold !underline-offset-4 !decoration-4 !decoration-tilt-light\" rel=\"nofollow noopener\" target=\"_blank\">\u201dEmme voi el\u00e4\u00e4 kulttuurissa, jossa kritiikki\u00e4 ei sallita\u201d- Yungbludia poseeraajaksi sanonut The Darkness -nokkamies seisoo sanojensa takana<\/a><\/p>\n","protected":false},"excerpt":{"rendered":"Yungblud esiintyi hiljattain MTV:n Video Music Awardseissa esitt\u00e4en yhdess\u00e4 Aerosmithin Steven Tylerin ja Joe Perryn kanssa tribuutin edesmenneelle&hellip;\n","protected":false},"author":2,"featured_media":61095,"comment_status":"","ping_status":"","sticky":false,"template":"","format":"standard","meta":{"footnotes":""},"categories":[132],"tags":[137,33,31,30,195,47,32,109],"class_list":{"0":"post-61094","1":"post","2":"type-post","3":"status-publish","4":"format-standard","5":"has-post-thumbnail","7":"category-musiikki","8":"tag-entertainment","9":"tag-fi","10":"tag-finland","11":"tag-finnish","12":"tag-music","13":"tag-musiikki","14":"tag-suomi","15":"tag-viihde"},"share_on_mastodon":{"url":"","error":""},"_links":{"self":[{"href":"https:\/\/www.europesays.com\/fi\/wp-json\/wp\/v2\/posts\/61094","targetHints":{"allow":["GET"]}}],"collection":[{"href":"https:\/\/www.europesays.com\/fi\/wp-json\/wp\/v2\/posts"}],"about":[{"href":"https:\/\/www.europesays.com\/fi\/wp-json\/wp\/v2\/types\/post"}],"author":[{"embeddable":true,"href":"https:\/\/www.europesays.com\/fi\/wp-json\/wp\/v2\/users\/2"}],"replies":[{"embeddable":true,"href":"https:\/\/www.europesays.com\/fi\/wp-json\/wp\/v2\/comments?post=61094"}],"version-history":[{"count":0,"href":"https:\/\/www.europesays.com\/fi\/wp-json\/wp\/v2\/posts\/61094\/revisions"}],"wp:featuredmedia":[{"embeddable":true,"href":"https:\/\/www.europesays.com\/fi\/wp-json\/wp\/v2\/media\/61095"}],"wp:attachment":[{"href":"https:\/\/www.europesays.com\/fi\/wp-json\/wp\/v2\/media?parent=61094"}],"wp:term":[{"taxonomy":"category","embeddable":true,"href":"https:\/\/www.europesays.com\/fi\/wp-json\/wp\/v2\/categories?post=61094"},{"taxonomy":"post_tag","embeddable":true,"href":"https:\/\/www.europesays.com\/fi\/wp-json\/wp\/v2\/tags?post=61094"}],"curies":[{"name":"wp","href":"https:\/\/api.w.org\/{rel}","templated":true}]}}