{"id":61100,"date":"2025-10-13T17:13:10","date_gmt":"2025-10-13T17:13:10","guid":{"rendered":"https:\/\/www.europesays.com\/fi\/61100\/"},"modified":"2025-10-13T17:13:10","modified_gmt":"2025-10-13T17:13:10","slug":"elamani-biisi-saa-katsojilta-kritiikkia-valoshow-ja-esitykset-jakavat-mielipiteita","status":"publish","type":"post","link":"https:\/\/www.europesays.com\/fi\/61100\/","title":{"rendered":"El\u00e4m\u00e4ni biisi saa katsojilta kritiikki\u00e4: Valoshow ja esitykset jakavat mielipiteit\u00e4"},"content":{"rendered":"<p>\n            El\u00e4m\u00e4ni biisi: juontaja Katja St\u00e5hl.<br \/>\n            Atte M\u00e4l\u00e4sk\u00e4 \/ Yle\n        <\/p>\n<p class=\"subtitle \">Katja St\u00e5hlin luotsaama ohjelma jakaa rajusti katsojien mielipiteit\u00e4. Osan mielest\u00e4 Ylen suosikkiohjelma on aloittanut alam\u00e4kens\u00e4.<\/p>\n<p class=\"article-content article-content-width !bg-background\">El\u00e4m\u00e4ni biisi n\u00e4htiin j\u00e4lleen suorana l\u00e4hetyksen\u00e4 lauantai-iltana 11. lokakuuta. Juontaja  vieraina olivat , , ,  ja .<\/p>\n<p class=\"italic m-italic article-content article-content-width !bg-background\">Arkistovideolla Diandra jatka lausetta -haasteessa:<\/p>\n<p class=\"article-content article-content-width !bg-background\"><a href=\"https:\/\/www.facebook.com\/elamanibiisi\" target=\"_blank\" rel=\"nofollow noopener\">Jakso ei ole vakuuttanut kaikkia tv-katsojia, selvi\u00e4\u00e4 ohjelman Facebook-sein\u00e4lt\u00e4<\/a> sek\u00e4 viestipalvelu Jodelista.<\/p>\n<p class=\"article-content article-content-width !bg-background\">\u2013 Katsoisin mieluimmin esiintyji\u00e4 kuin valoja, jotka pilaavat musiikin esityksen. Jakso oli vaisu.<\/p>\n<p class=\"article-content article-content-width !bg-background\">\u2013 Nyt ei ollut mik\u00e4\u00e4n minun makuuni.<\/p>\n<p class=\"article-content article-content-width !bg-background\">\u2013 En tyk\u00e4nnyt biiseist\u00e4 ollenkaan, enk\u00e4 edellisell\u00e4k\u00e4\u00e4n kerralla. M\u00e4 annan sut pois -kappale on my\u00f6s sellainen uikutus, jota en kest\u00e4 ollenkaan.<\/p>\n<p class=\"article-content article-content-width !bg-background\">\u2013 T\u00e4m\u00e4 jakso oli mielenkiinnoton. Tarinat surullisia ja liian pitki\u00e4. Lauantai-iltaan kaipaa kepeytt\u00e4.<\/p>\n<p class=\"article-content article-content-width !bg-background\">\u2013 Onpa tylsi\u00e4 esityksi\u00e4, ei iske. Ehk\u00e4 vika on minussa, mutta tyls\u00e4\u00e4.<\/p>\n<p class=\"article-content article-content-width !bg-background\">\u2013\u00a0Surkea! Ja Surkeemmaksi menee koko ajan.<\/p>\n<p class=\"article-content article-content-width !bg-background\">\u2013 Vieraat suht ok, mutta musiikillinen anti j\u00e4i t\u00e4ll\u00e4 kertaa tosi laihaksi.<\/p>\n<p class=\"article-content article-content-width !bg-background\">\u2013 V\u00e4h\u00e4n tylsi\u00e4 esityksi\u00e4, mutta vitsi, tykk\u00e4\u00e4n n\u00e4ist\u00e4 vieraista!<\/p>\n<p>        <a itemprop=\"url\" href=\"https:\/\/www.seiska.fi\/katso\/diandran-valinta-elamani-biisissa-hammentaa-katsojia\/1952564\" rel=\"nofollow noopener\" target=\"_blank\"><\/p>\n<p>\nEl\u00e4m\u00e4ni biisi\n<\/p>\n<p class=\"section-date\">\n        <strong class=\"article-section\" data-section=\"katso\"><br \/>\n            katso<br \/>\n        <\/strong><br \/>\n        7.10. 07:15\n    <\/p>\n<p>Diandran valinta El\u00e4m\u00e4ni biisiss\u00e4 h\u00e4mment\u00e4\u00e4 katsojia\n    <\/p>\n<p itemprop=\"description\" class=\"subtitle \">\n    Diandra on ollut mukana El\u00e4m\u00e4ni biisiss\u00e4 vuodesta 2019 l\u00e4htien. H\u00e4n on tulkinnut vuodesta toiseen julkkisten el\u00e4m\u00e4n kappaleita.\n<\/p>\n<p>        <\/a><\/p>\n<p>&#8221;El\u00e4m\u00e4ni valot&#8221;<\/p>\n<p class=\"article-content article-content-width !bg-background\">Kotikatsomoissa on kiinnitetty erityisesti jakson valoshow\u2019hun huomiota. Osa kertoo, ett\u00e4 jakson valot aiheuttivat huonon olon.<\/p>\n<p class=\"article-content article-content-width !bg-background\">\u2013 Upeita biisej\u00e4! Mutta strobovaloista huono olo.<\/p>\n<p class=\"article-content article-content-width !bg-background\">\u2013 V\u00e4lkkyvalot h\u00e4iritsev\u00e4t nyt liikaa t\u00e4ll\u00e4 kaudella, artistit ja laulut p\u00e4\u00e4osassa, ei visuaalisuus.<\/p>\n<p class=\"article-content article-content-width !bg-background\">\u2013 Valot h\u00e4iritsee muuten hyv\u00e4ss\u00e4 ohjelmassa!<\/p>\n<p class=\"article-content article-content-width !bg-background\">\u2013 Alkaa mietitytt\u00e4\u00e4 onko t\u00e4m\u00e4 ohjelma El\u00e4m\u00e4ni valot vai El\u00e4m\u00e4ni biisi? Pliis Yle korjatkaa asia, esityksi\u00e4 on t\u00e4ll\u00e4 kaudella vaikea katsoa, sit\u00e4k\u00f6 te haluatte? Ennen oli paremmin.<\/p>\n<p class=\"article-content article-content-width !bg-background\">\u2013 Onko t\u00e4m\u00e4 joku epilepsia-teemajakso?<\/p>\n<p>        <a itemprop=\"url\" href=\"https:\/\/www.seiska.fi\/katso\/elamani-biisi-tahti-paljastaa-vessahata-yllatti-suorassa-lahetyksessa\/1927074\" rel=\"nofollow noopener\" target=\"_blank\"><\/p>\n<p>\nEl\u00e4m\u00e4ni biisi -t\u00e4hti paljastaa:\n<\/p>\n<p class=\"section-date\">\n        <strong class=\"article-section\" data-section=\"katso\"><br \/>\n            katso<br \/>\n        <\/strong><br \/>\n        13.9. 08:15\n    <\/p>\n<p>El\u00e4m\u00e4ni biisi -t\u00e4hti paljastaa: Vessah\u00e4t\u00e4 yll\u00e4tti suorassa l\u00e4hetyksess\u00e4\n    <\/p>\n<p itemprop=\"description\" class=\"subtitle \">\n    Lauri Mikkola ei pysty katsomaan itse\u00e4\u00e4n livel\u00e4hetyksiss\u00e4. Sen tekee h\u00e4nen perheens\u00e4.\n<\/p>\n<p>        <\/a><\/p>\n<p>Rohkeaa heitt\u00e4ytymist\u00e4<\/p>\n<p class=\"article-content article-content-width !bg-background\">El\u00e4m\u00e4ni biisi on yksi Ylen katsotuimmista ohjelmista, mist\u00e4 kielii my\u00f6s ylist\u00e4v\u00e4t kommentit.<\/p>\n<p class=\"article-content article-content-width !bg-background\">\u2013 Pid\u00e4n siit\u00e4, kun on v\u00e4h\u00e4n tuntemattomampia biisej\u00e4, kaikki on kuitenkin hyvin esitetty, joka kerta. Pid\u00e4n my\u00f6s siit\u00e4, ett\u00e4 vieraat eiv\u00e4t ole pintajulkkiksia ja nyt oli koskettavia tarinoita biisien takana. Paras viihdeohjelma.<\/p>\n<p class=\"article-content article-content-width !bg-background\">\u2013 Hyv\u00e4 ohjelma. T\u00e4n\u00e4\u00e4nkin hieno kattaus biisej\u00e4 ja mielenkiintoiset vieraat.<\/p>\n<p class=\"article-content article-content-width !bg-background\">\u2013 N\u00e4m\u00e4 osallistujat ovat niin rohkeita, kun kertovat tosi henkil\u00f6kohtaisia ja kipeit\u00e4 juttuja.<\/p>\n<p class=\"article-content article-content-width !bg-background\">\u2013 Niin, vieraat valitsevat omat kappaleensa, ja ei ne aina ole itselle mieluisia, nyt ei ollut oikein yht\u00e4k\u00e4\u00e4n, ja ihan ei kaikki esitykset olleet parasta antia, mutta b\u00e4ndiin voi aina luottaa, mielenkiintoinen ohjelma kuitenkin ja aion katsoa.<\/p>\n<p>        <a itemprop=\"url\" href=\"https:\/\/www.seiska.fi\/katso\/nain-diandra-tienaa-elamani-biisista\/1912767\" rel=\"nofollow noopener\" target=\"_blank\"><\/p>\n<p>\nEl\u00e4m\u00e4ni biisi\n<\/p>\n<p class=\"section-date\">\n        <strong class=\"article-section\" data-section=\"katso\"><br \/>\n            katso<br \/>\n        <\/strong><br \/>\n        31.8. 11:30\n    <\/p>\n<p>N\u00e4in Diandra tienaa El\u00e4m\u00e4ni biisist\u00e4\n    <\/p>\n<p itemprop=\"description\" class=\"subtitle \">\n    Diandran syksyn kalenterissa ei ole paljoa tyhji\u00e4 p\u00e4ivi\u00e4. Ne kuluvat El\u00e4m\u00e4ni biisiss\u00e4 ja keikkailessa.\n<\/p>\n<p>        <\/a><\/p>\n<p class=\"article-content article-content-width !bg-background\">\u2013 T\u00e4t\u00e4 ohjelmaa on aina mukava katsoa. Katja on hauska juontaja, joka osaa my\u00f6s herkisty\u00e4. Kappaleet eiv\u00e4t t\u00e4ll\u00e4 kertaa olleet minun mieleeni, mutta kertomukset ihan hyvi\u00e4. M\u00e4 annan sut pois olisi tarvinnut paremman tulkitsijan, er\u00e4s viittaa \u00a0tulkintaan.<\/p>\n<p class=\"article-content article-content-width !bg-background\">\u2013 Upea veto JP Lepp\u00e4luoto ja hieno biisi.<\/p>\n<p class=\"article-content article-content-width !bg-background\">\u2013  Audioslave veto oli illan magneettisin veto! Hurmaava lavakarisma t\u00e4ll\u00e4 ohjelman parhaalla esiintyj\u00e4ll\u00e4 kerrasta toiseen! Muutkin laulajat on hyvi\u00e4, mutta Lauri on paras!<\/p>\n<p class=\"italic m-italic article-content article-content-width !bg-background\">El\u00e4m\u00e4ni biisi lauantaisin Yle Areenassa ja TV1:ll\u00e4.<\/p>\n<p>        <a itemprop=\"url\" href=\"https:\/\/www.seiska.fi\/katso\/tienaako-tv-ohjelmalla-markku-aro-avoimena\/1912839\" rel=\"nofollow noopener\" target=\"_blank\"><\/p>\n<p>\nMarkku Aro:\n<\/p>\n<p class=\"section-date\">\n        <strong class=\"article-section\" data-section=\"katso\"><br \/>\n            katso<br \/>\n        <\/strong><br \/>\n        28.8. 14:15\n    <\/p>\n<p>Tienaako tv-ohjelmalla? Markku Aro avoimena\n    <\/p>\n<p itemprop=\"description\" class=\"subtitle \">\n    75-vuotiaan iskelm\u00e4legendan Markku Aron keikkatahti on kova, ja kalenterista on raivattu tilaa my\u00f6s El\u00e4m\u00e4ni biisi -ohjelmalle.\n<\/p>\n<p>        <\/a><\/p>\n","protected":false},"excerpt":{"rendered":"El\u00e4m\u00e4ni biisi: juontaja Katja St\u00e5hl. Atte M\u00e4l\u00e4sk\u00e4 \/ Yle Katja St\u00e5hlin luotsaama ohjelma jakaa rajusti katsojien mielipiteit\u00e4. Osan&hellip;\n","protected":false},"author":2,"featured_media":61101,"comment_status":"","ping_status":"","sticky":false,"template":"","format":"standard","meta":{"footnotes":""},"categories":[130],"tags":[2632,137,33,31,30,6923,2629,6922,32,1318,109,1149,913],"class_list":{"0":"post-61100","1":"post","2":"type-post","3":"status-publish","4":"format-standard","5":"has-post-thumbnail","7":"category-viihde","8":"tag-elamani-biisi","9":"tag-entertainment","10":"tag-fi","11":"tag-finland","12":"tag-finnish","13":"tag-jp-leppaluoto","14":"tag-katja-stahl","15":"tag-lauri-mikkola","16":"tag-suomi","17":"tag-tv-ohjelma","18":"tag-viihde","19":"tag-yle","20":"tag-yle-areena"},"share_on_mastodon":{"url":"","error":""},"_links":{"self":[{"href":"https:\/\/www.europesays.com\/fi\/wp-json\/wp\/v2\/posts\/61100","targetHints":{"allow":["GET"]}}],"collection":[{"href":"https:\/\/www.europesays.com\/fi\/wp-json\/wp\/v2\/posts"}],"about":[{"href":"https:\/\/www.europesays.com\/fi\/wp-json\/wp\/v2\/types\/post"}],"author":[{"embeddable":true,"href":"https:\/\/www.europesays.com\/fi\/wp-json\/wp\/v2\/users\/2"}],"replies":[{"embeddable":true,"href":"https:\/\/www.europesays.com\/fi\/wp-json\/wp\/v2\/comments?post=61100"}],"version-history":[{"count":0,"href":"https:\/\/www.europesays.com\/fi\/wp-json\/wp\/v2\/posts\/61100\/revisions"}],"wp:featuredmedia":[{"embeddable":true,"href":"https:\/\/www.europesays.com\/fi\/wp-json\/wp\/v2\/media\/61101"}],"wp:attachment":[{"href":"https:\/\/www.europesays.com\/fi\/wp-json\/wp\/v2\/media?parent=61100"}],"wp:term":[{"taxonomy":"category","embeddable":true,"href":"https:\/\/www.europesays.com\/fi\/wp-json\/wp\/v2\/categories?post=61100"},{"taxonomy":"post_tag","embeddable":true,"href":"https:\/\/www.europesays.com\/fi\/wp-json\/wp\/v2\/tags?post=61100"}],"curies":[{"name":"wp","href":"https:\/\/api.w.org\/{rel}","templated":true}]}}