{"id":61128,"date":"2025-10-13T17:46:09","date_gmt":"2025-10-13T17:46:09","guid":{"rendered":"https:\/\/www.europesays.com\/fi\/61128\/"},"modified":"2025-10-13T17:46:09","modified_gmt":"2025-10-13T17:46:09","slug":"heikoissa-voimissa-ollut-mustahaikara-harald-kuljetettiin-onnellisesti-oulusta-espanjan-aurinkorannikolle-kotimaa","status":"publish","type":"post","link":"https:\/\/www.europesays.com\/fi\/61128\/","title":{"rendered":"Heikoissa voimissa ollut mustahaikara Harald kuljetettiin onnellisesti Oulusta Espanjan Aurinko\u00adrannikolle | Kotimaa"},"content":{"rendered":"<p>Juttu tiivistettyn\u00e4<\/p>\n<ul class=\"aw-1jjocuh iJTSwP yle__article__list yle__article__list--ul\">\n<li class=\"aw-1j7gwms eEeLbO\">Mustahaikara Harald on p\u00e4\u00e4ssyt onnellisesti Espanjaan Jerez de la Fronteraan Suomessa saamansa hoidon j\u00e4lkeen.<\/li>\n<li class=\"aw-1j7gwms eEeLbO\">Lintu l\u00f6ytyi aliravittuna Torniosta ja sai hoitoa Oulussa nelj\u00e4 viikkoa.<\/li>\n<li class=\"aw-1j7gwms eEeLbO\">Haraldin matka Espanjaan vaati paljon byrokratiaa ja yli 20 ihmisen ty\u00f6panoksen.<\/li>\n<li class=\"aw-1j7gwms eEeLbO\">Harald vietiin Espanjassa el\u00e4intarhaan, jossa etsit\u00e4\u00e4n sopivaa paikkaa sen vapauttamiselle.<\/li>\n<\/ul>\n<p class=\"aw-1gybjub aw-1p7kakr ghpEtB jtovHP yle__article__paragraph\">T\u00e4m\u00e4 on teko\u00e4lyn avulla tuotettu, toimittajan tarkistama tiivistelm\u00e4.<\/p>\n<p class=\"aw-1gybjub aw-1p7kakr ghpEtB jtovHP yle__article__paragraph\">Mustahaikara Harald on p\u00e4\u00e4ssyt onnellisesti Espanjan Aurinkorannikon Jerez de la Fronteraan.<\/p>\n<p class=\"aw-1gybjub aw-1p7kakr ghpEtB jtovHP yle__article__paragraph\">Yle on raportoinut Haraldin edesottamuksista siit\u00e4 l\u00e4htien, kun kokenut lintujen rengastaja <strong class=\"aw-ak79eh KyCXm yle__article__strong\">Matti Suopaj\u00e4rvi<\/strong> <a class=\"aw-iao6s4 iHOxEa yle__article__link\" href=\"https:\/\/yle.fi\/a\/74-20183152\" role=\"link\" rel=\"nofollow noopener\" target=\"_blank\">otti Haraldin kiinni<\/a> Torniossa. Lintu oli tuolloin aliravittu ja muutenkin huonossa kunnossa.<\/p>\n<p class=\"aw-1gybjub aw-1p7kakr ghpEtB jtovHP yle__article__paragraph\">Harald osoitti kuitenkin merkkej\u00e4 hyv\u00e4st\u00e4 ruokahalusta, ja se siirrettiin hoitoon Ouluun <a class=\"aw-iao6s4 iHOxEa yle__article__link\" href=\"https:\/\/yle.fi\/a\/74-20184461\" role=\"link\" rel=\"nofollow noopener\" target=\"_blank\">Pohjois-Pohjanmaan lintutieteellisen yhdistyksen hoteisiin<\/a>.<\/p>\n<p class=\"aw-1gybjub aw-1p7kakr ghpEtB jtovHP yle__article__paragraph\">Luonnonvaraisten lintujen hoitoringin vet\u00e4j\u00e4 <strong class=\"aw-ak79eh KyCXm yle__article__strong\">Ari-Pekka Auvinen<\/strong> yhdistyksest\u00e4 kertoo, ett\u00e4 Harald painoi kiinniottohetkell\u00e4 vain 1,7 kilogrammaa.<\/p>\n<p class=\"aw-1gybjub aw-1p7kakr ghpEtB jtovHP yle__article__paragraph\">Nelj\u00e4n viikon hoidon j\u00e4lkeen Harald l\u00e4hti Oulusta Espanjaan, ja sen paino oli jo 3,2 kilogrammaa.<\/p>\n<p class=\"aw-1gybjub aw-1p7kakr ghpEtB jtovHP yle__article__paragraph\">\u2013 Se on haikaran normaalipaino. Haraldia ruokittiin kaloilla ja katsottiin, ett\u00e4 kunto l\u00e4htee kohoamaan, Ari-Pekka Auvinen sanoo.<\/p>\n<p>Silakka maistui nuorelle mustahaikaralle syyskuussa Torniossa. Videolla haikara odottelee viel\u00e4 kiinniottajansa eteisess\u00e4 kyyti\u00e4 Ouluun. Video: Matti Suopaj\u00e4rviOlisi ollut kyseenalaista vapauttaa lintu Suomessa<\/p>\n<p class=\"aw-1gybjub aw-1p7kakr ghpEtB jtovHP yle__article__paragraph\">Mustahaikaroilla olevien satelliittil\u00e4hettimien perusteella Haraldin hoitajat n\u00e4kiv\u00e4t, ett\u00e4 muuttomatkalla olleet linnut alkoivat syys-lokakuun taitteessa olla jo Egyptiss\u00e4 ja Afrikan luoteisrannikolla.<\/p>\n<p class=\"aw-1gybjub aw-1p7kakr ghpEtB jtovHP yle__article__paragraph\">Koska talvi alkoi jo painaa p\u00e4\u00e4lle, syntyi p\u00e4\u00e4t\u00f6s Haraldin lenn\u00e4tt\u00e4misest\u00e4 Espanjan Aurinkorannikolle.<\/p>\n<p class=\"aw-1gybjub aw-1p7kakr ghpEtB jtovHP yle__article__paragraph\">\u2013 Olisi ollut kyseenalaista vapauttaa lintu ja toivoa vain, ett\u00e4 se osaisi l\u00e4hte\u00e4 oikeaan suuntaan muuttamaan, Auvinen arvioi.<\/p>\n<p><img decoding=\"async\" alt=\"Kartta, joka kuvaa ajateltua mustahaikaran palautusreitti\u00e4 Torniosta Jerez de la Frontera.\" src=\"https:\/\/www.europesays.com\/fi\/wp-content\/uploads\/2025\/10\/39-153742868ecbd7ca9cf5.jpeg\" loading=\"lazy\" class=\"aw-1l9m598 hKVVvP\"\/><\/p>\n<p>Avaa kuvien katselu<\/p>\n<p>Mustahaikara Haraldin vaiherikas muuttomatka p\u00e4\u00e4ttyi Espanjan Aurinkorannikon Jerez de la Fronteraan. Kuva: Paulus Markkula \/ Yle, Mapcreator, OpenStreetMap<\/p>\n<p class=\"aw-1gybjub aw-1p7kakr ghpEtB jtovHP yle__article__paragraph\">Lennon j\u00e4rjest\u00e4misess\u00e4 oli melkoisesti paperit\u00f6it\u00e4.<\/p>\n<p class=\"aw-1gybjub aw-1p7kakr ghpEtB jtovHP yle__article__paragraph\">\u2013 Meinasi k\u00e4yd\u00e4 tuskaisaksi ja menn\u00e4 ihon alle t\u00e4m\u00e4 byrokratia.<\/p>\n<p class=\"aw-1gybjub aw-1p7kakr ghpEtB jtovHP yle__article__paragraph\">Haraldille piti saada maastavientilupa Varsinais-Suomen ely-keskuksesta. Lis\u00e4ksi Suomen ymp\u00e4rist\u00f6keskuksesta tarvittiin CITES-sopimuksen mukainen passi. CITES-sopimuksen tarkoituksena on suojella luonnonvaraisia kasveja ja el\u00e4imi\u00e4 valvomalla niill\u00e4 k\u00e4yt\u00e4v\u00e4\u00e4 kauppaa.<\/p>\n<p class=\"aw-1gybjub aw-1p7kakr ghpEtB jtovHP yle__article__paragraph\">Haraldille piti tehd\u00e4 Ruokavirastossa el\u00e4intautitestej\u00e4 L\u00e4nsi-Niilin viruksesta, Newcastlen taudista ja lintuinfluenssasta, jotta lintu voitiin ottaa vastaan Espanjassa. Lis\u00e4ksi Haraldin piti k\u00e4yd\u00e4 el\u00e4inl\u00e4\u00e4k\u00e4rin tarkastuksessa.<\/p>\n<p class=\"aw-1gybjub aw-1p7kakr ghpEtB jtovHP yle__article__paragraph\">Ari-Pekka Auvinen laskee, ett\u00e4 Haraldin saamiseen Espanjaan vaadittiin py\u00f6re\u00e4sti 20 ihmisen ty\u00f6panosta. Lentoyhti\u00f6 sponsoroi haikaran M\u00e1lagan-lennon.<\/p>\n<p class=\"aw-1gybjub aw-1p7kakr ghpEtB jtovHP yle__article__paragraph\">\u2013 N\u00e4it\u00e4 el\u00e4intenhoitot\u00f6it\u00e4 tehd\u00e4\u00e4n vapaaehtoisvoimin. Varsinkin Pohjois-Suomessa tekij\u00e4t ovat sataprosenttisesti vapaaehtoisia. V\u00e4lill\u00e4 se tuntuu kohtuuttomalta. Luonnonvaraiset linnut ovat lain mukaan valtion vastuulla.<\/p>\n<p>Luonnonvarainen el\u00e4in ei voi lent\u00e4\u00e4 kotimaanlennolla<\/p>\n<p class=\"aw-1gybjub aw-1p7kakr ghpEtB jtovHP yle__article__paragraph\">Auvinen kertoo, ett\u00e4 yksi mutka matkaan tuli, kun viime perjantaina k\u00e4vi ilmi, ettei luonnonvarainen lintu voi lent\u00e4\u00e4 kotimaanlennoilla.<\/p>\n<p class=\"aw-1gybjub aw-1p7kakr ghpEtB jtovHP yle__article__paragraph\">\u2013 Ajoin sitten Haraldin perjantain ja lauantain v\u00e4lisen\u00e4 y\u00f6n\u00e4 Helsinki-Vantaalle, Auvinen kertoo.<\/p>\n<p><img decoding=\"async\" alt=\"Mustahaikara Haraldia kuljettavasta puulaatikosta otetaan huume- ja r\u00e4j\u00e4hdysainetestit Helsinki\u2013Vantaan lentoasemalla.\" src=\"https:\/\/www.europesays.com\/fi\/wp-content\/uploads\/2025\/10\/39-153749868ecd33f71b70.jpeg\" loading=\"lazy\" class=\"aw-1l9m598 hKVVvP\"\/><\/p>\n<p>Avaa kuvien katselu<\/p>\n<p>Helsinki-Vantaan lentoasemalla Haraldin kuljetuslaatikolle tehtiin huume- ja r\u00e4j\u00e4hdysainetesti. Kuva: Ari-Pekka Auvinen<\/p>\n<p class=\"aw-1gybjub aw-1p7kakr ghpEtB jtovHP yle__article__paragraph\">Harald laskeutui M\u00e1lagan lentokent\u00e4lle eilen sunnuntai-iltana.<\/p>\n<p class=\"aw-1gybjub aw-1p7kakr ghpEtB jtovHP yle__article__paragraph\">Suomalainen pariskunta <strong class=\"aw-ak79eh KyCXm yle__article__strong\">Tuula<\/strong> ja <strong class=\"aw-ak79eh KyCXm yle__article__strong\">Jouni Huovinen<\/strong> oli Ylen jutun luettuaan ottanut Auviseen yhteytt\u00e4 ja kertonut, ett\u00e4 he voivat auttaa Haraldia matkanteossa.<\/p>\n<p class=\"aw-1gybjub aw-1p7kakr ghpEtB jtovHP yle__article__paragraph\">\u2013 He kuljettivat haikaran M\u00e1lagasta Jerez de la Fronteraan, Guadalquivir-joen suistoon, jossa mustahaikaroita joka vuosi talvehtii.<\/p>\n<p class=\"aw-1gybjub aw-1p7kakr ghpEtB jtovHP yle__article__paragraph\">Harald vietiin el\u00e4intarhaan, jolla on paljon kokemusta mustahaikaroiden kasvattamisesta ja luontoon siirt\u00e4misest\u00e4. Viel\u00e4 ei tiedet\u00e4, kuinka kauan tarkalleen Harald viipyy el\u00e4intarhassa.<\/p>\n<p class=\"aw-1gybjub aw-1p7kakr ghpEtB jtovHP yle__article__paragraph\">\u2013 Se ei kuitenkaan j\u00e4\u00e4 el\u00e4intarhaan kovin pitk\u00e4ksi aikaa. Ehk\u00e4 muutamaksi p\u00e4iv\u00e4ksi, kunnes l\u00f6ydet\u00e4\u00e4n sopiva paikka, jonne Harald voidaan vapauttaa.<\/p>\n<p><img decoding=\"async\" alt=\"Harald-haikara el\u00e4intarhassa Jerez de la Fronterassa Espanjassa.\" src=\"https:\/\/www.europesays.com\/fi\/wp-content\/uploads\/2025\/10\/39-153766668ecfd1b5add5.jpeg\" loading=\"lazy\" class=\"aw-1l9m598 hKVVvP\"\/><\/p>\n<p>Avaa kuvien katselu<\/p>\n<p>Harald-haikara Jerezin el\u00e4intarhassa, josta se p\u00e4\u00e4see pian luontoon. Kuva: Miguel A. QuevedoSuomessa tavataan nollasta viiteen mustahaikaraa vuodessa<\/p>\n<p class=\"aw-1gybjub aw-1p7kakr ghpEtB jtovHP yle__article__paragraph\">Ari-Pekka Auvisen mukaan mustahaikara on hyvin harvinainen Suomessa.<\/p>\n<p class=\"aw-1gybjub aw-1p7kakr ghpEtB jtovHP yle__article__paragraph\">\u2013 Niit\u00e4 tavataan nollasta viiteen yksil\u00f6\u00e4 vuodessa. Sen l\u00e4himm\u00e4t pesim\u00e4alueet ovat Virossa.<\/p>\n<p class=\"aw-1gybjub aw-1p7kakr ghpEtB jtovHP yle__article__paragraph\">Kaikesta p\u00e4\u00e4tellen Haraldin tarinalla on kuitenkin onnellinen loppu. Vai onko? Auvinen kertoo, ett\u00e4 nuorten lintujen kuolleisuus on ylip\u00e4\u00e4ns\u00e4 melko korkeaa.<\/p>\n<p class=\"aw-1gybjub aw-1p7kakr ghpEtB jtovHP yle__article__paragraph\">\u2013 Sit\u00e4h\u00e4n ei n\u00e4iss\u00e4 hommissa koskaan tied\u00e4, kuinka t\u00e4ss\u00e4 lopulta k\u00e4y. Jos Harald selvi\u00e4\u00e4 ensimm\u00e4isten kuukausien koettelemuksista kev\u00e4\u00e4seen saakka, niin silloin alkaa n\u00e4ytt\u00e4\u00e4 hyv\u00e4lt\u00e4. Haikarat ovat pitk\u00e4ik\u00e4isi\u00e4 lintuja.<\/p>\n","protected":false},"excerpt":{"rendered":"Juttu tiivistettyn\u00e4 Mustahaikara Harald on p\u00e4\u00e4ssyt onnellisesti Espanjaan Jerez de la Fronteraan Suomessa saamansa hoidon j\u00e4lkeen. Lintu l\u00f6ytyi&hellip;\n","protected":false},"author":2,"featured_media":61129,"comment_status":"","ping_status":"","sticky":false,"template":"","format":"standard","meta":{"footnotes":""},"categories":[117],"tags":[404,1819,33,31,30,14196,7050,71,1425,72,14197,476,952,728,118,32,119,477],"class_list":{"0":"post-61128","1":"post","2":"type-post","3":"status-publish","4":"format-standard","5":"has-post-thumbnail","7":"category-luonto","8":"tag-elaimet","9":"tag-espanja","10":"tag-fi","11":"tag-finland","12":"tag-finnish","13":"tag-haikarat","14":"tag-helsinki-vantaan-lentoasema","15":"tag-kotimaa","16":"tag-linnut","17":"tag-luonto","18":"tag-mustahaikara","19":"tag-nature","20":"tag-oulu","21":"tag-pohjois-pohjanmaa","22":"tag-science","23":"tag-suomi","24":"tag-tiede","25":"tag-wildlife"},"share_on_mastodon":{"url":"","error":""},"_links":{"self":[{"href":"https:\/\/www.europesays.com\/fi\/wp-json\/wp\/v2\/posts\/61128","targetHints":{"allow":["GET"]}}],"collection":[{"href":"https:\/\/www.europesays.com\/fi\/wp-json\/wp\/v2\/posts"}],"about":[{"href":"https:\/\/www.europesays.com\/fi\/wp-json\/wp\/v2\/types\/post"}],"author":[{"embeddable":true,"href":"https:\/\/www.europesays.com\/fi\/wp-json\/wp\/v2\/users\/2"}],"replies":[{"embeddable":true,"href":"https:\/\/www.europesays.com\/fi\/wp-json\/wp\/v2\/comments?post=61128"}],"version-history":[{"count":0,"href":"https:\/\/www.europesays.com\/fi\/wp-json\/wp\/v2\/posts\/61128\/revisions"}],"wp:featuredmedia":[{"embeddable":true,"href":"https:\/\/www.europesays.com\/fi\/wp-json\/wp\/v2\/media\/61129"}],"wp:attachment":[{"href":"https:\/\/www.europesays.com\/fi\/wp-json\/wp\/v2\/media?parent=61128"}],"wp:term":[{"taxonomy":"category","embeddable":true,"href":"https:\/\/www.europesays.com\/fi\/wp-json\/wp\/v2\/categories?post=61128"},{"taxonomy":"post_tag","embeddable":true,"href":"https:\/\/www.europesays.com\/fi\/wp-json\/wp\/v2\/tags?post=61128"}],"curies":[{"name":"wp","href":"https:\/\/api.w.org\/{rel}","templated":true}]}}