{"id":61136,"date":"2025-10-13T18:06:10","date_gmt":"2025-10-13T18:06:10","guid":{"rendered":"https:\/\/www.europesays.com\/fi\/61136\/"},"modified":"2025-10-13T18:06:10","modified_gmt":"2025-10-13T18:06:10","slug":"asuinalueen-keskella-raumalla-elaa-liito-orava-jonka-lahiymparistosta-kaadetaan-puita","status":"publish","type":"post","link":"https:\/\/www.europesays.com\/fi\/61136\/","title":{"rendered":"Asuinalueen keskell\u00e4 Raumalla el\u00e4\u00e4 liito-orava, jonka l\u00e4hiymp\u00e4rist\u00f6st\u00e4 kaadetaan puita."},"content":{"rendered":"<p>Elokuussa tehdyn selvityksen mukaan uuden paritalon tontti ei soveltuisi liito-oravan ruokailualueeksi.<\/p>\n<p class=\"article-body mb-nof-24 px-nof-16\">Rauma<\/p>\n<p class=\"article-body mb-nof-24 px-nof-16\">Asuinalueen keskell\u00e4 ja p\u00e4iv\u00e4kodin naapurissa Raumalla el\u00e4v\u00e4 liito-orava saa pit\u00e4\u00e4 kolopuunsa ja elinpiirins\u00e4 ytimen.<\/p>\n<p class=\"article-body mb-nof-24 px-nof-16\">Kiviluhdankadun varressa sijaitsevassa metsik\u00f6ss\u00e4 on kuitenkin jo tehty hakkuita uuden paritalon rakentamista varten.<\/p>\n","protected":false},"excerpt":{"rendered":"Elokuussa tehdyn selvityksen mukaan uuden paritalon tontti ei soveltuisi liito-oravan ruokailualueeksi. Rauma Asuinalueen keskell\u00e4 ja p\u00e4iv\u00e4kodin naapurissa Raumalla&hellip;\n","protected":false},"author":2,"featured_media":61137,"comment_status":"","ping_status":"","sticky":false,"template":"","format":"standard","meta":{"footnotes":""},"categories":[112],"tags":[33,31,30,80,118,32,119],"class_list":{"0":"post-61136","1":"post","2":"type-post","3":"status-publish","4":"format-standard","5":"has-post-thumbnail","7":"category-tiede","8":"tag-fi","9":"tag-finland","10":"tag-finnish","11":"tag-satakunnan-kansa","12":"tag-science","13":"tag-suomi","14":"tag-tiede"},"share_on_mastodon":{"url":"","error":""},"_links":{"self":[{"href":"https:\/\/www.europesays.com\/fi\/wp-json\/wp\/v2\/posts\/61136","targetHints":{"allow":["GET"]}}],"collection":[{"href":"https:\/\/www.europesays.com\/fi\/wp-json\/wp\/v2\/posts"}],"about":[{"href":"https:\/\/www.europesays.com\/fi\/wp-json\/wp\/v2\/types\/post"}],"author":[{"embeddable":true,"href":"https:\/\/www.europesays.com\/fi\/wp-json\/wp\/v2\/users\/2"}],"replies":[{"embeddable":true,"href":"https:\/\/www.europesays.com\/fi\/wp-json\/wp\/v2\/comments?post=61136"}],"version-history":[{"count":0,"href":"https:\/\/www.europesays.com\/fi\/wp-json\/wp\/v2\/posts\/61136\/revisions"}],"wp:featuredmedia":[{"embeddable":true,"href":"https:\/\/www.europesays.com\/fi\/wp-json\/wp\/v2\/media\/61137"}],"wp:attachment":[{"href":"https:\/\/www.europesays.com\/fi\/wp-json\/wp\/v2\/media?parent=61136"}],"wp:term":[{"taxonomy":"category","embeddable":true,"href":"https:\/\/www.europesays.com\/fi\/wp-json\/wp\/v2\/categories?post=61136"},{"taxonomy":"post_tag","embeddable":true,"href":"https:\/\/www.europesays.com\/fi\/wp-json\/wp\/v2\/tags?post=61136"}],"curies":[{"name":"wp","href":"https:\/\/api.w.org\/{rel}","templated":true}]}}