{"id":61138,"date":"2025-10-13T18:07:17","date_gmt":"2025-10-13T18:07:17","guid":{"rendered":"https:\/\/www.europesays.com\/fi\/61138\/"},"modified":"2025-10-13T18:07:17","modified_gmt":"2025-10-13T18:07:17","slug":"vivo-julkisti-x300-sarjan-huippupuhelimensa-kiinassa-varustettu-ensimmaisena-maailmassa-mediatekin-uudella-dimensity-9500-jarjestelmapiirilla","status":"publish","type":"post","link":"https:\/\/www.europesays.com\/fi\/61138\/","title":{"rendered":"Vivo julkisti X300-sarjan huippupuhelimensa Kiinassa \u2013 varustettu ensimm\u00e4isen\u00e4 maailmassa MediaTekin uudella Dimensity 9500 -j\u00e4rjestelm\u00e4piirill\u00e4"},"content":{"rendered":"<p><a href=\"https:\/\/mobiili.fi\/wp-content\/uploads\/2025\/10\/vivo_x300_pro_hero.jpg\" data-lightbox=\"image\" rel=\"nofollow noopener\" target=\"_blank\"><img fetchpriority=\"high\" decoding=\"async\" aria-describedby=\"caption-attachment-266937\" class=\"size-large wp-image-266937\" src=\"data:image\/svg+xml,%3Csvg%20xmlns=\" http:=\"\" alt=\"Vivo jatkaa yhteisty\u00f6t\u00e4 Zeissin kanssa X300-sarjassa.\" width=\"1200\" height=\"620\" data-lazy- data-lazy- data-lazy-src=\"https:\/\/www.europesays.com\/fi\/wp-content\/uploads\/2025\/10\/vivo_x300_pro_hero-1200x620.jpg\"\/><\/a><\/p>\n<p id=\"caption-attachment-266937\" class=\"wp-caption-text\">Vivo jatkaa yhteisty\u00f6t\u00e4 Zeissin kanssa X300-sarjassa.<\/p>\n<p>Vivo on julkistanut uudet X300-sarjan huippupuhelimensa X300:n ja X300 Pron, jotka ovat maailman ensimm\u00e4iset puhelimet MediaTekin uudella huippuluokan Dimensity 9500 -j\u00e4rjestelm\u00e4piirill\u00e4.<\/p>\n<p><a href=\"https:\/\/mobiili.fi\/2025\/09\/22\/mediatek-julkisti-uuden-huippuluokan-dimensity-9500-jarjestelmapiirinsa-ensimmaisena-kayttoon-oppon-ja-vivon-uusissa-huippupuhelimissa\/\" rel=\"nofollow noopener\" target=\"_blank\">MediaTek julkisti Dimensity 9500:n 22. syyskuuta<\/a>. Vivon j\u00e4lkeen seuraavaksi Dimensity 9500:n on ottamassa k\u00e4ytt\u00f6\u00f6n Oppo 16. lokakuuta Kiinassa julkistettavissa Find X9 -sarjan puhelimissaan.<\/p>\n<p>MediaTekin mukaan Dimensity 9500:n keskussuoritin on jopa 32 prosenttia nopeampi yhden ytimen ja 16 prosenttia nopeampi useamman ytimen suorituskyvylt\u00e4\u00e4n edelliseen sukupolveen verrattuna. Grafiikkasuorittimen osalta suorituskyvyn luvataan parantuneen jopa 33 prosentilla ja s\u00e4teenseurannassa jopa 119 prosentilla. Lis\u00e4ksi Dimensity 9500:n NPU-neuroverkkolaskentayksikk\u00f6 NPU 990 tarjoaa jopa kaksinkertaisen tokenien luomisen suorituskyvyn ja 56 prosenttia pienemm\u00e4n virrankulutuksen huipputehoilla.<\/p>\n<p style=\"width: 98%; text-align: center; font-size:13px; border-bottom: 1px solid #C8C8C8; line-height: 0.1em; margin: 8px 1% 16px 1%;\">MAINOS (ARTIKKELI JATKUU ALLA)<\/p>\n<p>Vivo X300 on varustettu 6,31 tuuman n\u00e4yt\u00f6ll\u00e4, jonka tarkkuus on 2640\u00d71216 pikseli\u00e4, kuin Vivo X300 Prossa on 6,78 tuuman n\u00e4ytt\u00f6 2800\u00d71260 pikselill\u00e4. Molempien AMOLED-n\u00e4yt\u00f6t on toteutettu 8T LTPO -paneeleilla ja tarjoavat 120 hertsiin ylt\u00e4v\u00e4n virkistystaajuuden sek\u00e4 4 500 nitin pistem\u00e4isen huippukirkkauden.<\/p>\n<p>N\u00e4ytt\u00f6reunukset ovat molemmissa todella pienet: Vivo X300:ssa vain 1,05 millimetri\u00e4 ja Vivo X300 Prossa 1,1 millimetri\u00e4.<\/p>\n<p>N\u00e4yt\u00f6n alla sijaitsee ultra\u00e4\u00e4niteknologian sormenj\u00e4lkilukija.<\/p>\n<p><a href=\"https:\/\/www.europesays.com\/fi\/wp-content\/uploads\/2025\/10\/vivo_x300_colors.jpg\" data-lightbox=\"image\"><img loading=\"lazy\" decoding=\"async\" aria-describedby=\"caption-attachment-266935\" class=\"size-full wp-image-266935\" src=\"data:image\/svg+xml,%3Csvg%20xmlns=\" http:=\"\" alt=\"Vivo X300 eri v\u00e4reiss\u00e4.\" width=\"1182\" height=\"640\" data-lazy- data-lazy- data-lazy-src=\"https:\/\/www.europesays.com\/fi\/wp-content\/uploads\/2025\/10\/vivo_x300_colors.jpg\"\/><\/a><\/p>\n<p id=\"caption-attachment-266935\" class=\"wp-caption-text\">Vivo X300 eri v\u00e4reiss\u00e4.<\/p>\n<p><a href=\"https:\/\/mobiili.fi\/wp-content\/uploads\/2025\/10\/vivo_x300_pro_colors.jpg\" data-lightbox=\"image\" rel=\"nofollow noopener\" target=\"_blank\"><img loading=\"lazy\" decoding=\"async\" aria-describedby=\"caption-attachment-266936\" class=\"size-large wp-image-266936\" src=\"data:image\/svg+xml,%3Csvg%20xmlns=\" http:=\"\" alt=\"Vivo X300 Pro eri v\u00e4reiss\u00e4.\" width=\"1200\" height=\"644\" data-lazy- data-lazy- data-lazy-src=\"https:\/\/www.europesays.com\/fi\/wp-content\/uploads\/2025\/10\/vivo_x300_pro_colors-1200x644.jpg\"\/><\/a><\/p>\n<p id=\"caption-attachment-266936\" class=\"wp-caption-text\">Vivo X300 Pro eri v\u00e4reiss\u00e4.<\/p>\n<p style=\"width: 98%; text-align: center; font-size:13px; border-bottom: 1px solid #C8C8C8; line-height: 0.1em; margin: 8px 1% 16px 1%;\">MAINOS (ARTIKKELI JATKUU ALLA)<\/p>\n<p>MediaTek Dimensity 9500:n rinnalta X300-puhelimista l\u00f6ytyy jopa 16 gigatavua RAM-k\u00e4ytt\u00f6muistia ja 1 teratavu tallennusmuistia. Vivo X300:ssa on 6 040 ja X300 Prossa 6 510 milliampeeritunnin akku. Molemmat tukevat 90 watin langallista ja 40 watin langatonta pikalatausta.<\/p>\n<p>Vivo jatkaa yhteisty\u00f6t\u00e4 Zeissin kanssa, ja k\u00e4yt\u00f6ss\u00e4 X300-puhelimissa on Zeissin linssit.<\/p>\n<p>Vivo X300 Prossa on 50 megapikselin p\u00e4\u00e4kamera 1\/1,28\u2033 Sony LYT-828 -kennolla, f\/1,57-aukolla ja optisella kuvanvakaimella, 50 megapikselin ultralaajakulmakamera 1\/2,76\u2033 Samsung ISOCELL JN1 -kennolla ja 200 megapikselin 3,7x optisen zoomin telekamera uudella 1\/1,4\u2033 Samsung ISOCELL HPB -kennolla.<\/p>\n<p><a href=\"https:\/\/mobiili.fi\/wp-content\/uploads\/2025\/10\/vivo_x300_pro.jpg\" data-lightbox=\"image\" rel=\"nofollow noopener\" target=\"_blank\"><img loading=\"lazy\" decoding=\"async\" aria-describedby=\"caption-attachment-266939\" class=\"size-large wp-image-266939\" src=\"data:image\/svg+xml,%3Csvg%20xmlns=\" http:=\"\" alt=\"Vivo X300 Pro takaa ja edest\u00e4.\" width=\"1200\" height=\"1000\" data-lazy- data-lazy- data-lazy-src=\"https:\/\/www.europesays.com\/fi\/wp-content\/uploads\/2025\/10\/vivo_x300_pro-1200x1000.jpg\"\/><\/a><\/p>\n<p id=\"caption-attachment-266939\" class=\"wp-caption-text\">Vivo X300 Pro takaa ja edest\u00e4.<\/p>\n<p>Vivo X300:ssa p\u00e4\u00e4kamerassa k\u00e4yt\u00f6ss\u00e4 on 200 megapikselin Samsung ISOCELL HPB -kenno ja f\/1,68-aukko. Muut takakamerat ovat 50 megapikselin utlraalajakulmakamera Samsung ISOCELL JN1 -kennolla ja 50 megapikselin 3x optisen zoomin telekamera 1\/1,95\u2033 Sony LYT-602 -kennolla.<\/p>\n<p style=\"width: 98%; text-align: center; font-size:13px; border-bottom: 1px solid #C8C8C8; line-height: 0.1em; margin: 8px 1% 16px 1%;\">MAINOS (ARTIKKELI JATKUU ALLA)<\/p>\n<p>My\u00f6s 50 megapikselin etukamera rakentuu Samsung ISOCELL JN1 -kennolle sek\u00e4 X300:ssa ett\u00e4 X300 Prossa.<\/p>\n<p>Kameroiden toimintaa tukee kuvadataa prosessoiva Vivon V3+piiri sek\u00e4 X300 Prossa my\u00f6s VS1-piiri, jonka on tarkoitus parantaa kuvien valotusta ja tarkennusta sek\u00e4 vastata useampien kuvaruutujen taltioinnista sopivalla tavalla j\u00e4lkik\u00e4sittely\u00e4 varten.<\/p>\n<p>Lis\u00e4varusteena puhelimille on tarjolla Zeissin 2,35x-lis\u00e4objektiivi.<\/p>\n<p><a href=\"https:\/\/www.europesays.com\/fi\/wp-content\/uploads\/2025\/10\/vivo_x300_pro_zeiss_kit.jpg\" data-lightbox=\"image\"><img loading=\"lazy\" decoding=\"async\" aria-describedby=\"caption-attachment-266938\" class=\"size-full wp-image-266938\" src=\"data:image\/svg+xml,%3Csvg%20xmlns=\" http:=\"\" alt=\"Vivo ja Zeiss ovat toteuttaneet my\u00f6s 2,35x-lis\u00e4osan X300-puhelimille.\" width=\"1100\" height=\"667\" data-lazy- data-lazy- data-lazy-src=\"https:\/\/www.europesays.com\/fi\/wp-content\/uploads\/2025\/10\/vivo_x300_pro_zeiss_kit.jpg\"\/><\/a><\/p>\n<p id=\"caption-attachment-266938\" class=\"wp-caption-text\">Vivo ja Zeiss ovat toteuttaneet my\u00f6s 2,35x-lis\u00e4osan X300-puhelimille.<\/p>\n<p>Vivo X300 Pro on 7,99 millimetri\u00e4 paksu ja 226 grammaa painava, kun kompaktimmalla Vivo X300:lla paksuutta on 7,95 millimetri\u00e4 ja painoa 190 grammaa. Puhelimet ovat IP68 \/ IP69 -luokitellusti p\u00f6ly- ja vesitiiviit\u00e4.<\/p>\n<p style=\"width: 98%; text-align: center; font-size:13px; border-bottom: 1px solid #C8C8C8; line-height: 0.1em; margin: 8px 1% 16px 1%;\">MAINOS (ARTIKKELI JATKUU ALLA)<\/p>\n<p>K\u00e4ytt\u00f6j\u00e4rjestelm\u00e4versiona on Android 16 -versioon perustuva OriginOS 6.<\/p>\n<p>Kiinassa Vivo X300:n hinnat 4 399 juanista eli noin 533 eurosta (12+256 Gt) ja 5 999 juaniin eli noin 727 euroon (16 Gt + 1 Tt) ja Vivo X300 Pron hinnat 5 299 juanista eli noin 642 eurosta (12+256 Gt) 6 699 juaniin eli noin 812 euroon (16 Gt + 1 Tt).<\/p>\n<p>Vivo X300 -puhelinten laajemmasta saatavuudesta ei ole tietoa. Suomessa Vivo-puhelimia ei myyd\u00e4.<\/p>\n<p>Mainos: <a href=\"https:\/\/hinta.fi\/?src=gPp6fX03\" target=\"_blank\" rel=\"nofollow noopener\">Noin 1 600 000 tuotteen hintavertailu ja hintaseuranta &#8211; katso Hinta.fist\u00e4 mist\u00e4 saat halvimmalla<\/a><\/p>\n","protected":false},"excerpt":{"rendered":"Vivo jatkaa yhteisty\u00f6t\u00e4 Zeissin kanssa X300-sarjassa. Vivo on julkistanut uudet X300-sarjan huippupuhelimensa X300:n ja X300 Pron, jotka ovat&hellip;\n","protected":false},"author":2,"featured_media":61139,"comment_status":"","ping_status":"","sticky":false,"template":"","format":"standard","meta":{"footnotes":""},"categories":[84],"tags":[33,31,30,32,91,92],"class_list":{"0":"post-61138","1":"post","2":"type-post","3":"status-publish","4":"format-standard","5":"has-post-thumbnail","7":"category-teknologia","8":"tag-fi","9":"tag-finland","10":"tag-finnish","11":"tag-suomi","12":"tag-technology","13":"tag-teknologia"},"share_on_mastodon":{"url":"","error":""},"_links":{"self":[{"href":"https:\/\/www.europesays.com\/fi\/wp-json\/wp\/v2\/posts\/61138","targetHints":{"allow":["GET"]}}],"collection":[{"href":"https:\/\/www.europesays.com\/fi\/wp-json\/wp\/v2\/posts"}],"about":[{"href":"https:\/\/www.europesays.com\/fi\/wp-json\/wp\/v2\/types\/post"}],"author":[{"embeddable":true,"href":"https:\/\/www.europesays.com\/fi\/wp-json\/wp\/v2\/users\/2"}],"replies":[{"embeddable":true,"href":"https:\/\/www.europesays.com\/fi\/wp-json\/wp\/v2\/comments?post=61138"}],"version-history":[{"count":0,"href":"https:\/\/www.europesays.com\/fi\/wp-json\/wp\/v2\/posts\/61138\/revisions"}],"wp:featuredmedia":[{"embeddable":true,"href":"https:\/\/www.europesays.com\/fi\/wp-json\/wp\/v2\/media\/61139"}],"wp:attachment":[{"href":"https:\/\/www.europesays.com\/fi\/wp-json\/wp\/v2\/media?parent=61138"}],"wp:term":[{"taxonomy":"category","embeddable":true,"href":"https:\/\/www.europesays.com\/fi\/wp-json\/wp\/v2\/categories?post=61138"},{"taxonomy":"post_tag","embeddable":true,"href":"https:\/\/www.europesays.com\/fi\/wp-json\/wp\/v2\/tags?post=61138"}],"curies":[{"name":"wp","href":"https:\/\/api.w.org\/{rel}","templated":true}]}}