{"id":61142,"date":"2025-10-13T18:09:12","date_gmt":"2025-10-13T18:09:12","guid":{"rendered":"https:\/\/www.europesays.com\/fi\/61142\/"},"modified":"2025-10-13T18:09:12","modified_gmt":"2025-10-13T18:09:12","slug":"ukrainassa-kokonaisia-maanteita-on-katettu-suojaverkoilla-ulkomaat","status":"publish","type":"post","link":"https:\/\/www.europesays.com\/fi\/61142\/","title":{"rendered":"Ukrainassa kokonaisia maanteit\u00e4 on katettu suojaverkoilla | Ulkomaat"},"content":{"rendered":"<p class=\"aw-1gybjub aw-5vja16 ghpEtB kjanFo yle__article__paragraph\">Ven\u00e4j\u00e4 on puolestaan suojannut verkoilla polttoainevarastojaan.<\/p>\n<p><img decoding=\"async\" alt=\"Peiteverkko maantien yl\u00e4puolella.\" src=\"https:\/\/www.europesays.com\/fi\/wp-content\/uploads\/2025\/10\/39-153260868df802229114.jpeg\" class=\"aw-1l9m598 hKVVvP\"\/><\/p>\n<p>Avaa kuvien katselu<\/p>\n<p>Auto ajaa verkkojen suojassa It\u00e4-Ukrainan Oleksandrijassa lokakuussa. Auton katolla on droonien h\u00e4irint\u00e4laite. Kuva: Ed Jones \/ AFP<\/p>\n<p>19:38\u2022P\u00e4ivitetty 20:17<\/p>\n<p class=\"aw-1gybjub aw-1p7kakr ghpEtB jtovHP yle__article__paragraph\">It\u00e4-Ukrainassa maanteit\u00e4 on peitetty verkoilla. Lopputulos n\u00e4ytt\u00e4\u00e4 silt\u00e4, ett\u00e4 autoilijat ajavat verkosta tehdyn tunnelin sis\u00e4ll\u00e4.<\/p>\n<p class=\"aw-1gybjub aw-1p7kakr ghpEtB jtovHP yle__article__paragraph\">Rakennelmien tarkoitus on suojata tiell\u00e4liikkujia ven\u00e4l\u00e4isten droonihy\u00f6kk\u00e4yksilt\u00e4. R\u00e4j\u00e4hteill\u00e4 varustetut pienikokoiset droonit eiv\u00e4t pysty lent\u00e4m\u00e4\u00e4n verkon l\u00e4pi. Ne saattavat my\u00f6s takertua verkkoon.<\/p>\n<p class=\"aw-1gybjub aw-1p7kakr ghpEtB jtovHP yle__article__paragraph\">Ukrainalaiset sotilaat ovat pystytt\u00e4neet verkkoja t\u00e4rkeiden huoltoreittien suojaksi. Niit\u00e4 on rakennettu l\u00e4helle rintamaa, jonne ven\u00e4l\u00e4isten pienikokoiset droonit ylt\u00e4v\u00e4t lent\u00e4m\u00e4\u00e4n. Niiden uhka ulottuu 20\u201325 kilometrin et\u00e4isyydelle rintamalinjasta.<\/p>\n<p><img decoding=\"async\" alt=\"Henkil\u00f6 asettelee tien reunassa j\u00e4ttim\u00e4ist\u00e4 verkkoa.\" src=\"https:\/\/www.europesays.com\/fi\/wp-content\/uploads\/2025\/10\/39-153680168e90f7247cea.jpeg\" loading=\"lazy\" class=\"aw-1l9m598 hKVVvP\"\/><\/p>\n<p>Avaa kuvien katselu<\/p>\n<p>Ukrainalainen sotilas asetteli suojaverkkoa maantien laidassa Oleksandrivkassa maanantaina 6. p\u00e4iv\u00e4 lokakuuta. Kuva: Ed Jones \/ AFP<\/p>\n<p class=\"aw-1gybjub aw-1p7kakr ghpEtB jtovHP yle__article__paragraph\">Maanteit\u00e4 on kuitenkin niin paljon, ett\u00e4 vain osa niist\u00e4 pystyt\u00e4\u00e4n suojaamaan verkoilla. Sen takia monien armeijan taisteluajoneuvojen ymp\u00e4rille on rakennettu metallinen h\u00e4kki, joka suojaa drooni-iskuilta.<\/p>\n<p class=\"aw-1gybjub aw-1p7kakr ghpEtB jtovHP yle__article__paragraph\">Autojen katoilla n\u00e4kee my\u00f6s sienen muotoisia droonien h\u00e4irint\u00e4laitteita. Ne l\u00e4hett\u00e4v\u00e4t voimakkaita radiosignaaleja, jotka sekoittavat droonien ohjauksen ja est\u00e4v\u00e4t n\u00e4in niiden hy\u00f6kk\u00e4yksen.<\/p>\n<p><img decoding=\"async\" alt=\"Tiell\u00e4 ajavan panssaroidun auton ymp\u00e4rill\u00e4 on metallinen h\u00e4kki.\" src=\"https:\/\/www.europesays.com\/fi\/wp-content\/uploads\/2025\/10\/39-153576068e7751eb7867.jpeg\" loading=\"lazy\" class=\"aw-1l9m598 hKVVvP\"\/><\/p>\n<p>Avaa kuvien katselu<\/p>\n<p>H\u00e4kill\u00e4 suojattu panssaroitu auto ajaa lokakuussa Donetskin alueella l\u00e4hell\u00e4 Dru\u017ekivkan kaupunkia. Kuva: Ed Jones \/ AFP<\/p>\n<p class=\"aw-1gybjub aw-1p7kakr ghpEtB jtovHP yle__article__paragraph\">Suojaverkkoja tarvitaan valtavia m\u00e4\u00e4ri\u00e4, joten esimerkiksi Tanska on toimittanut Ukrainaan <a class=\"aw-iao6s4 iHOxEa yle__article__link\" href=\"https:\/\/yle.fi\/a\/74-20163870\" role=\"link\" rel=\"nofollow noopener\" target=\"_blank\">vanhoja kalaverkkoja<\/a>. My\u00f6s <a class=\"aw-iao6s4 iHOxEa yle__article__link\" href=\"https:\/\/yle.fi\/a\/74-20131137\" role=\"link\" rel=\"nofollow noopener\" target=\"_blank\">Suomesta<\/a> on lahjoitettu kalaverkkoja ukrainalaisille.<\/p>\n<p class=\"aw-1gybjub aw-1p7kakr ghpEtB jtovHP yle__article__paragraph\"><a class=\"aw-iao6s4 iHOxEa yle__article__link\" href=\"https:\/\/www.kyivpost.com\/post\/47967\" role=\"link\" rel=\"nofollow noopener\" target=\"_blank\">Kyiv Post <\/a>on kertonut, ett\u00e4 ukrainalaiset sotilaat ovat suojelleet kalaverkoilla asemiaan drooni-iskuilta etulinjassa.<\/p>\n<p class=\"aw-1gybjub aw-1p7kakr ghpEtB jtovHP yle__article__paragraph\">My\u00f6s Ven\u00e4j\u00e4n joukot k\u00e4ytt\u00e4v\u00e4t verkkoja drooneilta puolustautumiseen. <a class=\"aw-iao6s4 iHOxEa yle__article__link\" href=\"https:\/\/www.thebarentsobserver.com\/security\/russia-puts-drone-nets-on-fuel-tanks-at-faraway-arctic-nuclear-test-site\/438347\" role=\"link\" rel=\"nofollow noopener\" target=\"_blank\">The Barents Observer<\/a> kertoo Ven\u00e4j\u00e4n suojanneen verkoilla my\u00f6s polttoainevarastojaan. Ukrainan drooni-iskujen takia <a class=\"aw-iao6s4 iHOxEa yle__article__link\" href=\"https:\/\/yle.fi\/a\/74-20179068\" role=\"link\" rel=\"nofollow noopener\" target=\"_blank\">Ven\u00e4j\u00e4ll\u00e4 on k\u00e4rsitty bensapulasta<\/a>.<\/p>\n<p>Vanhat kalaverkot est\u00e4v\u00e4t droonien etenemisen kohteeseen. Video on julkaistu 24.5.2025.<\/p>\n<p class=\"aw-1gybjub aw-1p7kakr ghpEtB jtovHP yle__article__paragraph\">L\u00e4hde: AFP, Reuters<\/p>\n","protected":false},"excerpt":{"rendered":"Ven\u00e4j\u00e4 on puolestaan suojannut verkoilla polttoainevarastojaan. Avaa kuvien katselu Auto ajaa verkkojen suojassa It\u00e4-Ukrainan Oleksandrijassa lokakuussa. Auton katolla&hellip;\n","protected":false},"author":2,"featured_media":61143,"comment_status":"","ping_status":"","sticky":false,"template":"","format":"standard","meta":{"footnotes":""},"categories":[14],"tags":[22,23,759,26,27,33,31,30,17,24,25,28,29,15,18,21,14199,32,3818,19,20,1303,5914,56,16,987,59,60,61],"class_list":{"0":"post-61142","1":"post","2":"type-post","3":"status-publish","4":"format-standard","5":"has-post-thumbnail","7":"category-ulkomaat","8":"tag-breaking-news","9":"tag-breakingnews","10":"tag-droonit","11":"tag-featured-news","12":"tag-featurednews","13":"tag-fi","14":"tag-finland","15":"tag-finnish","16":"tag-headlines","17":"tag-latest-news","18":"tag-latestnews","19":"tag-main-news","20":"tag-mainnews","21":"tag-news","22":"tag-otsikot","23":"tag-paauutiset","24":"tag-suojaverkot","25":"tag-suomi","26":"tag-tiet","27":"tag-top-stories","28":"tag-topstories","29":"tag-ukraina","30":"tag-ukrainan-asevoimat","31":"tag-ulkomaat","32":"tag-uutiset","33":"tag-venajan-hyokkays","34":"tag-world","35":"tag-world-news","36":"tag-worldnews"},"share_on_mastodon":{"url":"","error":""},"_links":{"self":[{"href":"https:\/\/www.europesays.com\/fi\/wp-json\/wp\/v2\/posts\/61142","targetHints":{"allow":["GET"]}}],"collection":[{"href":"https:\/\/www.europesays.com\/fi\/wp-json\/wp\/v2\/posts"}],"about":[{"href":"https:\/\/www.europesays.com\/fi\/wp-json\/wp\/v2\/types\/post"}],"author":[{"embeddable":true,"href":"https:\/\/www.europesays.com\/fi\/wp-json\/wp\/v2\/users\/2"}],"replies":[{"embeddable":true,"href":"https:\/\/www.europesays.com\/fi\/wp-json\/wp\/v2\/comments?post=61142"}],"version-history":[{"count":0,"href":"https:\/\/www.europesays.com\/fi\/wp-json\/wp\/v2\/posts\/61142\/revisions"}],"wp:featuredmedia":[{"embeddable":true,"href":"https:\/\/www.europesays.com\/fi\/wp-json\/wp\/v2\/media\/61143"}],"wp:attachment":[{"href":"https:\/\/www.europesays.com\/fi\/wp-json\/wp\/v2\/media?parent=61142"}],"wp:term":[{"taxonomy":"category","embeddable":true,"href":"https:\/\/www.europesays.com\/fi\/wp-json\/wp\/v2\/categories?post=61142"},{"taxonomy":"post_tag","embeddable":true,"href":"https:\/\/www.europesays.com\/fi\/wp-json\/wp\/v2\/tags?post=61142"}],"curies":[{"name":"wp","href":"https:\/\/api.w.org\/{rel}","templated":true}]}}