{"id":61156,"date":"2025-10-13T18:32:11","date_gmt":"2025-10-13T18:32:11","guid":{"rendered":"https:\/\/www.europesays.com\/fi\/61156\/"},"modified":"2025-10-13T18:32:11","modified_gmt":"2025-10-13T18:32:11","slug":"kolarissa-olleita-villisikoja-ei-loydetty-lajitoverit-saattaneet-syoda-ne-kanta-hame","status":"publish","type":"post","link":"https:\/\/www.europesays.com\/fi\/61156\/","title":{"rendered":"Kolarissa olleita villisikoja ei l\u00f6ydetty \u2013 lajitoverit saattaneet sy\u00f6d\u00e4 ne | Kanta-H\u00e4me"},"content":{"rendered":"<p class=\"aw-1gybjub aw-5vja16 ghpEtB kjanFo yle__article__paragraph\">Liikenneonnettomuudessa loukkaantuneista villisioista ei ole tehty havaintoja Rengon ja Lopen onnettomuuksien j\u00e4lkeen.<\/p>\n<p><img decoding=\"async\" alt=\"Kaksi villisikaa\" src=\"https:\/\/www.europesays.com\/fi\/wp-content\/uploads\/2025\/10\/17-3292555eeb9dab53aa.jpeg\" class=\"aw-1l9m598 hKVVvP\"\/><\/p>\n<p>Avaa kuvien katselu<\/p>\n<p>Villisikojen m\u00e4\u00e4r\u00e4 on kasvussa, arvioi Luonnonvarakeskus tammikuussa 2025. Arkistokuva. Kuva: Asko Hauta-aho \/ Yle<\/p>\n<p class=\"aw-1gybjub aw-1p7kakr ghpEtB jtovHP yle__article__paragraph\">Lokakuun ensimm\u00e4isen\u00e4 viikonloppuna Kanta-H\u00e4meess\u00e4 sattui kaksi villisikakolaria. Rengossa ja Lopella loukkaantuneita villisikoja j\u00e4ljestiv\u00e4t poliisin pyynn\u00f6st\u00e4 suurriistavirka-aputoiminnassa mukana olevat mets\u00e4st\u00e4j\u00e4t. Havaintoja kolaroineista el\u00e4imist\u00e4 ei kuitenkaan saatu.<\/p>\n<p class=\"aw-1gybjub aw-1p7kakr ghpEtB jtovHP yle__article__paragraph\">\u2013 Kummassakaan tapauksessa loukkaantuneiden el\u00e4inten j\u00e4ljest\u00e4minen ei onnistunut, koska sateet sotkivat el\u00e4inten j\u00e4ljet, kertoo H\u00e4meen poliisin komisario <strong class=\"aw-ak79eh KyCXm yle__article__strong\">Rauno Piispa<\/strong>.<\/p>\n<p class=\"aw-1gybjub aw-1p7kakr ghpEtB jtovHP yle__article__paragraph\">Piispa muistuttaa, ett\u00e4 villisika on kaikkiruokainen.<\/p>\n<p class=\"aw-1gybjub aw-1p7kakr ghpEtB jtovHP yle__article__paragraph\">\u2013 Kyll\u00e4 luonto hoitaa teht\u00e4v\u00e4ns\u00e4 eli villisiat voivat sy\u00f6d\u00e4 omat loukkaantuneet lajitoverinsa, varsinkin jos loukkaantunut on porsas.<\/p>\n<p class=\"aw-1gybjub aw-1p7kakr ghpEtB jtovHP yle__article__paragraph\">Toinen kolareista tapahtui <a class=\"aw-iao6s4 iHOxEa yle__article__link\" href=\"https:\/\/yle.fi\/a\/74-20186753\" role=\"link\" rel=\"nofollow noopener\" target=\"_blank\">Rengossa valtatiell\u00e4 10<\/a>, miss\u00e4 kaksi villisikaa t\u00f6rm\u00e4si pikkubussiin. Komisario Rauno Piispan mukaan t\u00f6rm\u00e4yksess\u00e4 villisian hampaita j\u00e4i kiinni pikkubussin etumaskiin. Toisessa turmassa linja-auto t\u00f6rm\u00e4si villisikaan Lopen Topenolla.<\/p>\n<p><img decoding=\"async\" alt=\"Hannu Saukkola seisoo vihre\u00e4n pellon laidassa mets\u00e4n reunassa. H\u00e4nen vieress\u00e4\u00e4n pellossa on pitk\u00e4 musta kaivuuj\u00e4lki, joka on villisikojen tekem\u00e4. \" src=\"https:\/\/www.europesays.com\/fi\/wp-content\/uploads\/2025\/10\/1760380331_90_39-153408968e3bb14ab3b5.jpeg\" class=\"aw-1l9m598 hKVVvP\"\/><\/p>\n<p class=\"aw-1gybjub aw-1p7kakr ghpEtB jtovHP yle__article__paragraph\">Luonnonvarakeskuksen tammikuussa 2025 tekem\u00e4n kanta-arvion mukaan villisikakanta l\u00e4htee kasvuun muutaman vuoden pienenemisen j\u00e4lkeen. Luken karttapalvelun mukaan Kanta-H\u00e4meess\u00e4 on tehty havaintoja villisioista muun muassa Tammelassa, Rengossa, Lopella, Hauholla, Tuuloksessa ja Lammilla.<\/p>\n<p class=\"aw-1gybjub aw-1p7kakr ghpEtB jtovHP yle__article__paragraph\">Seuraa Kanta-H\u00e4meen uutisia <a class=\"aw-iao6s4 iHOxEa yle__article__link\" href=\"https:\/\/areena.yle.fi\/tv\/ohjelmat\/57-4DAy6mXXW\" role=\"link\" rel=\"nofollow noopener\" target=\"_blank\">Yle Areenassa<\/a> ja <a class=\"aw-iao6s4 iHOxEa yle__article__link\" href=\"https:\/\/yle.fi\/uutiset\/18-195288\" role=\"link\" rel=\"nofollow noopener\" target=\"_blank\">Ylen verkossa<\/a>.<\/p>\n","protected":false},"excerpt":{"rendered":"Liikenneonnettomuudessa loukkaantuneista villisioista ei ole tehty havaintoja Rengon ja Lopen onnettomuuksien j\u00e4lkeen. Avaa kuvien katselu Villisikojen m\u00e4\u00e4r\u00e4 on&hellip;\n","protected":false},"author":2,"featured_media":61157,"comment_status":"","ping_status":"","sticky":false,"template":"","format":"standard","meta":{"footnotes":""},"categories":[112],"tags":[33,31,30,1794,1161,990,13116,14200,118,32,119,9882,13117],"class_list":{"0":"post-61156","1":"post","2":"type-post","3":"status-publish","4":"format-standard","5":"has-post-thumbnail","7":"category-tiede","8":"tag-fi","9":"tag-finland","10":"tag-finnish","11":"tag-kanta-hame","12":"tag-liikenne","13":"tag-liikenneonnettomuudet","14":"tag-loppi","15":"tag-renko","16":"tag-science","17":"tag-suomi","18":"tag-tiede","19":"tag-villisika","20":"tag-villisikakolari"},"share_on_mastodon":{"url":"","error":""},"_links":{"self":[{"href":"https:\/\/www.europesays.com\/fi\/wp-json\/wp\/v2\/posts\/61156","targetHints":{"allow":["GET"]}}],"collection":[{"href":"https:\/\/www.europesays.com\/fi\/wp-json\/wp\/v2\/posts"}],"about":[{"href":"https:\/\/www.europesays.com\/fi\/wp-json\/wp\/v2\/types\/post"}],"author":[{"embeddable":true,"href":"https:\/\/www.europesays.com\/fi\/wp-json\/wp\/v2\/users\/2"}],"replies":[{"embeddable":true,"href":"https:\/\/www.europesays.com\/fi\/wp-json\/wp\/v2\/comments?post=61156"}],"version-history":[{"count":0,"href":"https:\/\/www.europesays.com\/fi\/wp-json\/wp\/v2\/posts\/61156\/revisions"}],"wp:featuredmedia":[{"embeddable":true,"href":"https:\/\/www.europesays.com\/fi\/wp-json\/wp\/v2\/media\/61157"}],"wp:attachment":[{"href":"https:\/\/www.europesays.com\/fi\/wp-json\/wp\/v2\/media?parent=61156"}],"wp:term":[{"taxonomy":"category","embeddable":true,"href":"https:\/\/www.europesays.com\/fi\/wp-json\/wp\/v2\/categories?post=61156"},{"taxonomy":"post_tag","embeddable":true,"href":"https:\/\/www.europesays.com\/fi\/wp-json\/wp\/v2\/tags?post=61156"}],"curies":[{"name":"wp","href":"https:\/\/api.w.org\/{rel}","templated":true}]}}