{"id":61166,"date":"2025-10-13T18:38:07","date_gmt":"2025-10-13T18:38:07","guid":{"rendered":"https:\/\/www.europesays.com\/fi\/61166\/"},"modified":"2025-10-13T18:38:07","modified_gmt":"2025-10-13T18:38:07","slug":"tutkijat-loysivat-keskiaikaisen-sandaalin-ja-muita-yllattavia-esineita-espanjalaisten-partakorppikotkien-pesista-yle","status":"publish","type":"post","link":"https:\/\/www.europesays.com\/fi\/61166\/","title":{"rendered":"Tutkijat l\u00f6ysiv\u00e4t keskiaikaisen sandaalin ja muita yll\u00e4tt\u00e4vi\u00e4 esineit\u00e4 espanjalaisten partakorppikotkien pesist\u00e4 &#8211; Yle"},"content":{"rendered":"<ol>\n<li><a href=\"https:\/\/news.google.com\/rss\/articles\/CBMiVkFVX3lxTFA5Z3Qwc1dlTGg3ZWlLME9zb3hHd09yQXZIby0ta3BaQk1EUjA3RHhaLVVZeGw2YUZTR19rV1lpbmpxREkyWWl0QWs5V3I4UlBiUERGQzVB?oc=5\" target=\"_blank\" rel=\"nofollow noopener\">Tutkijat l\u00f6ysiv\u00e4t keskiaikaisen sandaalin ja muita yll\u00e4tt\u00e4vi\u00e4 esineit\u00e4 espanjalaisten partakorppikotkien pesist\u00e4<\/a>&nbsp;&nbsp;Yle<\/li>\n<li><a href=\"https:\/\/news.google.com\/rss\/articles\/CBMiQkFVX3lxTE9lb1hFV3VJaXFkN25UbGdhaWYtWV9zejhySFZVTFFBQnpvUG1BM2tQdkdHOEFqOV9Va2Z5R2UzdzBSQQ?oc=5\" target=\"_blank\" rel=\"nofollow noopener\">VM: Ensi vaalikauden sopeutustarve voi olla paljon arveltua kovempi<\/a>&nbsp;&nbsp;Yle<\/li>\n<li><a href=\"https:\/\/news.google.com\/rss\/articles\/CBMiVkFVX3lxTE1TNzJaQUU4THNnaEV0ek5fSDZDQ0xkZFFJSG50WF9NR2ZlZXNpVHJBcWlPc0tYOHJpQ0NMbVVEUHMteW0tRHNwazlzRHBqR2FVYl9FUWp3?oc=5\" target=\"_blank\" rel=\"nofollow noopener\">Ven\u00e4l\u00e4inen sukellusvene vaikeuksissa Ranskan edustalla<\/a>&nbsp;&nbsp;Yle<\/li>\n<li><a href=\"https:\/\/news.google.com\/rss\/articles\/CBMiogJBVV95cUxNRElkWXNNRmRpMTljM2NXYmRwa2dtemd3eDVtdEhzd2k0cWNKUW80bHZhU3FWeFczczhRekVaRzdxNjRTY3lialdESk5yWUdvSEZ3OUNiSkg2WE5uekxTT0wtOGE3Z2tqRUhYbFJfeXRZVThjcWQ3RE95VDc1VnBPMlVlLXRzMm9lNDlhUDVOYktabFlDNURUMDNhUVZfMDRfWHVyQjUxR0lHUWFMWlhybVk3OHpJcms2TWRvSzFkSFAwWEtaVlpoaXVGUVNiT3djSC1XNmlIZDNqb3BFZFE0SzAwUkI2UF9OMHY3ZnVBQU8wcURxSUR2MzVvZ0VWbmNKakV6MldDQUJ0ZFpqZ3lWU3Qxek5JZ2ZSU2RnbzRlbGRlUQ?oc=5\" target=\"_blank\" rel=\"nofollow noopener\">VM:n arvio: Ensi vaalikauden sopeutustarve voi olla jopa yli 18 miljardia, jos iskee iso kriisi<\/a>&nbsp;&nbsp;MSN<\/li>\n<li><a href=\"https:\/\/news.google.com\/rss\/articles\/CBMimgFBVV95cUxNR0ZlelJUU0NmVk1oc1poUDV2OVlwQU1pR2F4ZUFuNlQ0ZGpQQzFXajdRSkl0RjFpYUdvMlpiMkVyYnAwV2pfZVJteWdPTUxoWkZUMTZhdDFSLTFseWhkSGR3dWw3NzNNWll2amtuazRoREU2RTdHbTJPLTZSSjNKeEV3dE9Ka1VibzQyNlBLdFNVa3ZrUl95NXVR?oc=5\" target=\"_blank\" rel=\"nofollow noopener\">VM: T\u00e4llainen miljardivaillinki voi iske\u00e4 seuraavan hallituksen riesaksi<\/a>&nbsp;&nbsp;Demokraatti.fi<\/li>\n<\/ol>\n","protected":false},"excerpt":{"rendered":"Tutkijat l\u00f6ysiv\u00e4t keskiaikaisen sandaalin ja muita yll\u00e4tt\u00e4vi\u00e4 esineit\u00e4 espanjalaisten partakorppikotkien pesist\u00e4&nbsp;&nbsp;Yle VM: Ensi vaalikauden sopeutustarve voi olla paljon&hellip;\n","protected":false},"author":2,"featured_media":60770,"comment_status":"","ping_status":"","sticky":false,"template":"","format":"standard","meta":{"footnotes":""},"categories":[117],"tags":[33,31,30,72,476,118,32,119,477],"class_list":{"0":"post-61166","1":"post","2":"type-post","3":"status-publish","4":"format-standard","5":"has-post-thumbnail","7":"category-luonto","8":"tag-fi","9":"tag-finland","10":"tag-finnish","11":"tag-luonto","12":"tag-nature","13":"tag-science","14":"tag-suomi","15":"tag-tiede","16":"tag-wildlife"},"share_on_mastodon":{"url":"","error":""},"_links":{"self":[{"href":"https:\/\/www.europesays.com\/fi\/wp-json\/wp\/v2\/posts\/61166","targetHints":{"allow":["GET"]}}],"collection":[{"href":"https:\/\/www.europesays.com\/fi\/wp-json\/wp\/v2\/posts"}],"about":[{"href":"https:\/\/www.europesays.com\/fi\/wp-json\/wp\/v2\/types\/post"}],"author":[{"embeddable":true,"href":"https:\/\/www.europesays.com\/fi\/wp-json\/wp\/v2\/users\/2"}],"replies":[{"embeddable":true,"href":"https:\/\/www.europesays.com\/fi\/wp-json\/wp\/v2\/comments?post=61166"}],"version-history":[{"count":0,"href":"https:\/\/www.europesays.com\/fi\/wp-json\/wp\/v2\/posts\/61166\/revisions"}],"wp:featuredmedia":[{"embeddable":true,"href":"https:\/\/www.europesays.com\/fi\/wp-json\/wp\/v2\/media\/60770"}],"wp:attachment":[{"href":"https:\/\/www.europesays.com\/fi\/wp-json\/wp\/v2\/media?parent=61166"}],"wp:term":[{"taxonomy":"category","embeddable":true,"href":"https:\/\/www.europesays.com\/fi\/wp-json\/wp\/v2\/categories?post=61166"},{"taxonomy":"post_tag","embeddable":true,"href":"https:\/\/www.europesays.com\/fi\/wp-json\/wp\/v2\/tags?post=61166"}],"curies":[{"name":"wp","href":"https:\/\/api.w.org\/{rel}","templated":true}]}}