{"id":61195,"date":"2025-10-13T19:22:06","date_gmt":"2025-10-13T19:22:06","guid":{"rendered":"https:\/\/www.europesays.com\/fi\/61195\/"},"modified":"2025-10-13T19:22:06","modified_gmt":"2025-10-13T19:22:06","slug":"nakokulma-kaapiomaan-sensaatio-mm-karsinnassa-presidentilta-pelimiehen-teko-iltalehti","status":"publish","type":"post","link":"https:\/\/www.europesays.com\/fi\/61195\/","title":{"rendered":"N\u00e4k\u00f6kulma: K\u00e4\u00e4pi\u00f6maan sensaatio MM-karsinnassa \u2013 Presidentilt\u00e4 pelimiehen teko &#8211; Iltalehti"},"content":{"rendered":"<ol>\n<li><a href=\"https:\/\/news.google.com\/rss\/articles\/CBMif0FVX3lxTE1fcHY5R1J1YXdHRVFRNjFXQVVDa3hOZlpoSDZIRFMwZVdaYUw1b18xVnBZVm9XVjRqOEQ2X1EzWWlSSk8xcFh0UTZWQ1J5dEJRZHhDLUx5Y1k2OUNra0tneTRuRVBiaVNlaWRaa1dTbGU5eF9GcWZUaGtPcnBEZTA?oc=5\" target=\"_blank\" rel=\"nofollow noopener\">N\u00e4k\u00f6kulma: K\u00e4\u00e4pi\u00f6maan sensaatio MM-karsinnassa \u2013 Presidentilt\u00e4 pelimiehen teko<\/a>&nbsp;&nbsp;Iltalehti<\/li>\n<li><a href=\"https:\/\/news.google.com\/rss\/articles\/CBMiQkFVX3lxTE1aQXhpZ1VXV0JfUkx5S0dPZnlmT241cEFxeWlwT0Mza1pYUlFQQjhEUkZHU3VjYVpQOVlycTBiU1NXQQ?oc=5\" target=\"_blank\" rel=\"nofollow noopener\">Suomen sijasta jalkapallon MM-kisoihin on p\u00e4\u00e4sem\u00e4ss\u00e4 nyt todellinen lilliputti \u2013 Ruotsikin vaarassa j\u00e4\u00e4d\u00e4 ulos<\/a>&nbsp;&nbsp;Yle<\/li>\n<li><a href=\"https:\/\/news.google.com\/rss\/articles\/CBMimAFBVV95cUxPUDBiN3oyOC1wVlZTMWNxekU1ZXlaanQ0NmtwTUVXS0hMLVJnS1Nvc3pwdnNtZF9ZX1ZDQW1vZ0E1TWJNcmxfcnV1MDZPYzRlanZYUFQwLXpZclFpX1ZSUWVyRWhFalBjc0NPdnM4RUtoWFZaOE5TMkxNOC15VjAwQlZRSm1jTzAyc3BrRkxPSnJ4SThJVFYtUA?oc=5\" target=\"_blank\" rel=\"nofollow noopener\">Taas varmistui MM-kisapaikka \u2013 l\u00e4hes puolet maista selvill\u00e4<\/a>&nbsp;&nbsp;SuomiFutis<\/li>\n<li><a href=\"https:\/\/news.google.com\/rss\/articles\/CBMimgFBVV95cUxQYVRRSFhxN2hUY2V3REt2WkpnSmwzZGp6YkVyV2w1S1lWalFaYjlIUXZhSS00VW9pZWhFS3pJeF9OcVNhNmcxUTAyMXdTcnI2RmhjXzVmZGV2ZWFnWHdXdDlmMGozZF95VW9FTmtQTENxSXktM3NLWE55T29taVRtTlVSV1JnT2RRTlR3YzhoWXVmQTZLYldJUnhn?oc=5\" target=\"_blank\" rel=\"nofollow noopener\">Jalkapallon pikkuvaltio teki historiallisen tempun<\/a>&nbsp;&nbsp;mtvuutiset.fi<\/li>\n<li><a href=\"https:\/\/news.google.com\/rss\/articles\/CBMiQkFVX3lxTE0tdmNfcFlhX3BVNVRBYzRUZHFXUjJZU2lSUS1uRVdWTjFyQmI1OHVPaTNzQzRIMlRoaXNidVAxeXRuUQ?oc=5\" target=\"_blank\" rel=\"nofollow noopener\">\u201dMiten t\u00e4llaista voi tapahtua 2020-luvulla?\u201d Arvio Fifan ja Trumpin MM-projektista hiljensi tutkijat<\/a>&nbsp;&nbsp;Yle<\/li>\n<\/ol>\n","protected":false},"excerpt":{"rendered":"N\u00e4k\u00f6kulma: K\u00e4\u00e4pi\u00f6maan sensaatio MM-karsinnassa \u2013 Presidentilt\u00e4 pelimiehen teko&nbsp;&nbsp;Iltalehti Suomen sijasta jalkapallon MM-kisoihin on p\u00e4\u00e4sem\u00e4ss\u00e4 nyt todellinen lilliputti \u2013&hellip;\n","protected":false},"author":2,"featured_media":61196,"comment_status":"","ping_status":"","sticky":false,"template":"","format":"standard","meta":{"footnotes":""},"categories":[158],"tags":[35,33,31,30,43,42,1745,1984,41,159,32,160],"class_list":{"0":"post-61195","1":"post","2":"type-post","3":"status-publish","4":"format-standard","5":"has-post-thumbnail","7":"category-urheilu","8":"tag-24h","9":"tag-fi","10":"tag-finland","11":"tag-finnish","12":"tag-jalkapallo","13":"tag-jalkapalloon-perustuvat-lajit","14":"tag-jalkapallopelaajat","15":"tag-jalkapallopelaajat-miehet","16":"tag-liikunta-ja-urheilu","17":"tag-sports","18":"tag-suomi","19":"tag-urheilu"},"share_on_mastodon":{"url":"","error":""},"_links":{"self":[{"href":"https:\/\/www.europesays.com\/fi\/wp-json\/wp\/v2\/posts\/61195","targetHints":{"allow":["GET"]}}],"collection":[{"href":"https:\/\/www.europesays.com\/fi\/wp-json\/wp\/v2\/posts"}],"about":[{"href":"https:\/\/www.europesays.com\/fi\/wp-json\/wp\/v2\/types\/post"}],"author":[{"embeddable":true,"href":"https:\/\/www.europesays.com\/fi\/wp-json\/wp\/v2\/users\/2"}],"replies":[{"embeddable":true,"href":"https:\/\/www.europesays.com\/fi\/wp-json\/wp\/v2\/comments?post=61195"}],"version-history":[{"count":0,"href":"https:\/\/www.europesays.com\/fi\/wp-json\/wp\/v2\/posts\/61195\/revisions"}],"wp:featuredmedia":[{"embeddable":true,"href":"https:\/\/www.europesays.com\/fi\/wp-json\/wp\/v2\/media\/61196"}],"wp:attachment":[{"href":"https:\/\/www.europesays.com\/fi\/wp-json\/wp\/v2\/media?parent=61195"}],"wp:term":[{"taxonomy":"category","embeddable":true,"href":"https:\/\/www.europesays.com\/fi\/wp-json\/wp\/v2\/categories?post=61195"},{"taxonomy":"post_tag","embeddable":true,"href":"https:\/\/www.europesays.com\/fi\/wp-json\/wp\/v2\/tags?post=61195"}],"curies":[{"name":"wp","href":"https:\/\/api.w.org\/{rel}","templated":true}]}}