{"id":61221,"date":"2025-10-13T19:55:09","date_gmt":"2025-10-13T19:55:09","guid":{"rendered":"https:\/\/www.europesays.com\/fi\/61221\/"},"modified":"2025-10-13T19:55:09","modified_gmt":"2025-10-13T19:55:09","slug":"vuokranantajaa-odotti-kuvottava-naky-19-vuotias-lapsenraiskaaja-tarveli-kaiken","status":"publish","type":"post","link":"https:\/\/www.europesays.com\/fi\/61221\/","title":{"rendered":"Vuokranantajaa odotti kuvottava n\u00e4ky: 19-vuotias lapsenraiskaaja t\u00e4rveli kaiken"},"content":{"rendered":"<p>Nuori mies aiheutti vuokra-asuntoonsa yli 20\u00a0000 euron vahingot.<\/p>\n<p><img decoding=\"async\" class=\"image image-show image-preview\" src=\"https:\/\/www.europesays.com\/fi\/wp-content\/uploads\/2025\/10\/59683b426b9bc40d8b0276951eea74c527e70317756140faa1ef50947c33c8d3.png\" alt=\"\"\/><img decoding=\"async\" class=\"image image-show\" src=\"https:\/\/www.europesays.com\/fi\/wp-content\/uploads\/2025\/10\/1760385309_666_59683b426b9bc40d8b0276951eea74c527e70317756140faa1ef50947c33c8d3.png\" alt=\"\"\/><\/p>\n<p>Asuntoon aiheutui yli 20\u00a0000 euron vahingot. oikeudenk\u00e4yntiaineisto<\/p>\n<p class=\"paragraph\">19-vuotias rovaniemel\u00e4ismies j\u00e4tti vuokra-asuntonsa j\u00e4rkytt\u00e4v\u00e4\u00e4n kuntoon syksyll\u00e4 2023.<\/p>\n<p class=\"paragraph\">Huoneiston omistavalle Lumo Vuokratalot oy:lle aiheutui nuorukaisen j\u00e4ljilt\u00e4 yli 20\u00a0000 euron vahingot.<\/p>\n<p class=\"paragraph\">Asunto oli t\u00e4ysin t\u00e4rvelty: sein\u00e4t tuhrittu t\u00e4gein, kalusteet rikottu ja ovet irrotettu saranoistaan.<\/p>\n<p>Asunnon pintoihin oli spraymaalattu muun muassa hakaristej\u00e4. oikeudenk\u00e4yntiaineisto<\/p>\n<p class=\"paragraph\">Muovilattia oli peittynyt moskasta ja roskasta. Seiniin ynn\u00e4 muihin pintoihin oli spraymaalattu alatyylisi\u00e4, rasistisiakin termej\u00e4 sek\u00e4 runsaasti hakaristej\u00e4.<\/p>\n<p class=\"paragraph\">Pintoihin oli kirjattu my\u00f6s muita natsi-Saksaan viittaavia ilmaisuja.<\/p>\n<p class=\"paragraph\">Ikkunatkaan eiv\u00e4t olleet s\u00e4\u00e4styneet ilkivallalta.<\/p>\n<p>Nuorukaisen omaisuus oli sullottu eteiseen hyl\u00e4ttyihin s\u00e4kkeihin. oikeudenk\u00e4yntiaineisto<\/p>\n<p class=\"paragraph\">Loppusiivouksen t\u00e4ydellisen laiminly\u00f6nnin lis\u00e4ksi nuorukainen oli j\u00e4tt\u00e4nyt v\u00e4h\u00e4isen omaisuutensa huoneistoon.<\/p>\n<p class=\"paragraph\">Keitti\u00f6n tasot olivat t\u00e4ynn\u00e4 t\u00f6rkyisi\u00e4 astioita, olohuoneeseen oli hyl\u00e4tty nuhjuinen s\u00e4nky sek\u00e4 suurehko siivoton sohva. Muu irtaimisto oli kasattu eteiseen muovikasseihin ja j\u00e4tes\u00e4kkeihin sullottuna.<\/p>\n<p class=\"paragraph\">Mies sai syytteen t\u00f6rke\u00e4st\u00e4 vahingonteosta. H\u00e4n my\u00f6nsi syyllistyneens\u00e4 rikokseen Lapin k\u00e4r\u00e4j\u00e4oikeudessa.<\/p>\n<p>Ehj\u00e4\u00e4 tai puhdasta pintaa ei asunnosta l\u00f6ytynyt lainkaan. oikeudenk\u00e4yntiaineisto<\/p>\n<p class=\"paragraph\">Samassa kokonaisuudessa k\u00e4siteltiin my\u00f6s muita syytteit\u00e4: t\u00f6rke\u00e4n pahoinpitelyn yrityst\u00e4 ja laitonta uhkausta.<\/p>\n<p class=\"paragraph\">19-vuotias mies oli saman syksyn aikana uhannut tappaa taksinkuljettajan. H\u00e4n oli tehostanut uhkaustaan veitsell\u00e4. Taksimatkan p\u00e4\u00e4tteeksi nuorukainen iski kuljettajaa nyrkill\u00e4 nen\u00e4\u00e4n.<\/p>\n<p>Kylpyhuone oli saastainen. oikeudenk\u00e4yntiaineisto<\/p>\n<p class=\"paragraph\">N\u00e4m\u00e4 syytteet mies kiisti. H\u00e4n v\u00e4itti vain esitelleens\u00e4 veist\u00e4\u00e4n taksinkuljettajalle, sill\u00e4 piti sit\u00e4 hienona. Kyse oli humalaisesta p\u00e4\u00e4h\u00e4npistosta, mies selitteli.<\/p>\n<p class=\"paragraph\">Lapin k\u00e4r\u00e4j\u00e4oikeus ei uskonut. Se tuomitsi miehen kaikkien syytteiden mukaisesti nelj\u00e4n kuukauden mittaiseen ehdottomaan vankeusrangaistukseen.<\/p>\n<p class=\"paragraph\">Miehen tulee maksaa vahingonkorvauksia Lumolle reilut 20\u00a0000 euroa sek\u00e4 taksinkuljettajalle yhteens\u00e4 1\u00a0500 euroa.<\/p>\n<p>Vuokra-asunnon ulko-ovessa muistutettiin veloista. oikeudenk\u00e4yntiaineisto<\/p>\n<p class=\"paragraph\">Oikeudenmukainen rangaistus olisi ollut 10 kuukautta vankeutta. Asiassa otettiin kuitenkin huomioon se, ett\u00e4 miehell\u00e4 oli tuore yli kolmen vuoden vankeusrangaistus.<\/p>\n<p class=\"paragraph\"><strong>Miki Matias Uusinarkaus<\/strong>, 21, tuomittiin <a href=\"https:\/\/www.iltalehti.fi\/kotimaa\/8c56d23c-916e-4825-82f7-c1772e1b1713\" rel=\"nofollow noopener\" target=\"_blank\">t\u00e4m\u00e4n vuoden huhtikuussa<\/a> kahdesta lapsenraiskauksesta, salakatselusta ja lasta seksuaalisesti esitt\u00e4v\u00e4n kuvan levitt\u00e4misest\u00e4.<\/p>\n<p>J\u00e4i vuokranantajan kontolle raivata nuhjuiset huonekalut asunnosta. oikeudenk\u00e4yntiaineisto<\/p>\n<p class=\"paragraph\">Yhteinen rangaistus teoista oli kolme vuotta ja nelj\u00e4 kuukautta. Uusinarkaus m\u00e4\u00e4r\u00e4ttiin heti vangittavaksi. Raiskaustuomio on lainvoimainen.<\/p>\n<p class=\"paragraph\">Sen sijaan Uusinarkaus on ilmoittanut tyytym\u00e4tt\u00f6myytt\u00e4\u00e4n syyskuun lopulla annettuun tuomioon t\u00f6rke\u00e4st\u00e4 pahoinpitelyst\u00e4.<\/p>\n<p>Miki Uusinarkaus kuvattuna Rovaniemen p\u00e4\u00e4poliisiasemalla syksyll\u00e4 2023. oikeudenk\u00e4yntiaineisto<\/p>\n","protected":false},"excerpt":{"rendered":"Nuori mies aiheutti vuokra-asuntoonsa yli 20\u00a0000 euron vahingot. Asuntoon aiheutui yli 20\u00a0000 euron vahingot. oikeudenk\u00e4yntiaineisto 19-vuotias rovaniemel\u00e4ismies j\u00e4tti&hellip;\n","protected":false},"author":2,"featured_media":61222,"comment_status":"","ping_status":"","sticky":false,"template":"","format":"standard","meta":{"footnotes":""},"categories":[5],"tags":[35,36,22,23,26,27,33,31,30,17,545,543,24,25,28,29,15,977,976,18,21,32,19,20,16],"class_list":{"0":"post-61221","1":"post","2":"type-post","3":"status-publish","4":"format-standard","5":"has-post-thumbnail","7":"category-otsikot","8":"tag-24h","9":"tag-asuintalot-ja-asunnot","10":"tag-breaking-news","11":"tag-breakingnews","12":"tag-featured-news","13":"tag-featurednews","14":"tag-fi","15":"tag-finland","16":"tag-finnish","17":"tag-headlines","18":"tag-huoneistot","19":"tag-koti-ja-asuminen","20":"tag-latest-news","21":"tag-latestnews","22":"tag-main-news","23":"tag-mainnews","24":"tag-news","25":"tag-oikeusistuimet","26":"tag-oikeusprosessit","27":"tag-otsikot","28":"tag-paauutiset","29":"tag-suomi","30":"tag-top-stories","31":"tag-topstories","32":"tag-uutiset"},"share_on_mastodon":{"url":"","error":""},"_links":{"self":[{"href":"https:\/\/www.europesays.com\/fi\/wp-json\/wp\/v2\/posts\/61221","targetHints":{"allow":["GET"]}}],"collection":[{"href":"https:\/\/www.europesays.com\/fi\/wp-json\/wp\/v2\/posts"}],"about":[{"href":"https:\/\/www.europesays.com\/fi\/wp-json\/wp\/v2\/types\/post"}],"author":[{"embeddable":true,"href":"https:\/\/www.europesays.com\/fi\/wp-json\/wp\/v2\/users\/2"}],"replies":[{"embeddable":true,"href":"https:\/\/www.europesays.com\/fi\/wp-json\/wp\/v2\/comments?post=61221"}],"version-history":[{"count":0,"href":"https:\/\/www.europesays.com\/fi\/wp-json\/wp\/v2\/posts\/61221\/revisions"}],"wp:featuredmedia":[{"embeddable":true,"href":"https:\/\/www.europesays.com\/fi\/wp-json\/wp\/v2\/media\/61222"}],"wp:attachment":[{"href":"https:\/\/www.europesays.com\/fi\/wp-json\/wp\/v2\/media?parent=61221"}],"wp:term":[{"taxonomy":"category","embeddable":true,"href":"https:\/\/www.europesays.com\/fi\/wp-json\/wp\/v2\/categories?post=61221"},{"taxonomy":"post_tag","embeddable":true,"href":"https:\/\/www.europesays.com\/fi\/wp-json\/wp\/v2\/tags?post=61221"}],"curies":[{"name":"wp","href":"https:\/\/api.w.org\/{rel}","templated":true}]}}