{"id":61232,"date":"2025-10-13T20:20:07","date_gmt":"2025-10-13T20:20:07","guid":{"rendered":"https:\/\/www.europesays.com\/fi\/61232\/"},"modified":"2025-10-13T20:20:07","modified_gmt":"2025-10-13T20:20:07","slug":"ohjelmistoyhtio-fennoa-menestyy-taysin-etana","status":"publish","type":"post","link":"https:\/\/www.europesays.com\/fi\/61232\/","title":{"rendered":"Ohjelmistoyhti\u00f6 Fennoa menestyy t\u00e4ysin et\u00e4n\u00e4"},"content":{"rendered":"<p>Et\u00e4ty\u00f6 on enemm\u00e4n kasvun mahdollistaja kuin sen este, sanoo t\u00e4ysin et\u00e4n\u00e4 toimivan kasvuyhti\u00f6 Fennoan toimitusjohtaja.<\/p>\n<p>Lue tiivistelm\u00e4<\/p>\n<p>Tiivistelm\u00e4 on teko\u00e4lyn tekem\u00e4 ja ihmisen tarkistama.<\/p>\n<p class=\"article-body mb-nof-24 px-nof-16 sndp-summary-bullet-point-font\">Ohjelmistoyhti\u00f6 Fennoan kaikki 80 ty\u00f6ntekij\u00e4\u00e4 tekev\u00e4t t\u00f6it\u00e4 et\u00e4n\u00e4.<\/p>\n<p class=\"article-body mb-nof-24 px-nof-16 sndp-summary-bullet-point-font\">Fennoa on kasvanut voimakkaasti viidess\u00e4 vuodessa: liikevaihto nousi 3 miljoonasta 18 miljoonaan euroon.<\/p>\n<p class=\"article-body mb-nof-24 px-nof-16 sndp-summary-bullet-point-font\">Yhti\u00f6 j\u00e4rjest\u00e4\u00e4 s\u00e4\u00e4nn\u00f6llisi\u00e4 tapaamisia ja tukee kotona ty\u00f6skentely\u00e4 kattavalla et\u00e4ty\u00f6paketilla.<\/p>\n<p class=\"article-body mb-nof-24 px-nof-16\">Ohjelmistoyhti\u00f6 Fennoan toimitusjohtaja <a class=\"article-personlink\" href=\"https:\/\/www.satakunnankansa.fi\/haku\/?query=Ilari%20Nurmi\" rel=\"nofollow noopener\" target=\"_blank\">Ilari Nurmi<\/a> vastaa puheluun kotoaan Espoosta. Paikkaa on syyt\u00e4 korostaa, sill\u00e4 kaikki Fennoan noin kahdeksankymment\u00e4 ty\u00f6ntekij\u00e4\u00e4 tekee t\u00f6it\u00e4 et\u00e4n\u00e4.<\/p>\n<p class=\"article-body mb-nof-24 px-nof-16\">Runsaasta et\u00e4ty\u00f6st\u00e4 huolimatta kirjanpito-ohjelmistoja tilitoimistoille kehitt\u00e4v\u00e4 Fennoa on kasvanut voimakkaasti viimeisen viiden vuoden aikana.<\/p>\n<p class=\"article-body mb-nof-24 px-nof-16\">Et\u00e4t\u00f6iden m\u00e4\u00e4r\u00e4n vaikutus talouskasvuun nousi julkiseen keskusteluun maanantaina, kun Elinkeinoel\u00e4m\u00e4n keskusliitto (EK) <a class=\"article-genericlink\" href=\"https:\/\/www.hs.fi\/talous\/art-2000011534125.html\" rel=\"nofollow noopener\" target=\"_blank\">julkisti j\u00e4senkyselyns\u00e4<\/a>. Kyselyn mukaan liiallinen et\u00e4ty\u00f6 on yksi syy Suomen hitaaseen talouskasvuun ja kaupunkikeskustojen hiljentymiseen.<\/p>\n<p class=\"article-body mb-nof-24 px-nof-16\">Osa yritt\u00e4jist\u00e4 on arvostellut EK:n kysely\u00e4 sosiaalisessa mediassa siit\u00e4, ettei vastaajilla ollut siin\u00e4 mahdollisuutta kertoa et\u00e4ty\u00f6n mahdollisista hy\u00f6dyist\u00e4.<\/p>\n<p class=\"article-body mb-nof-24 px-nof-16\">\u201dSuomen taloudessa on paljon isompia ja fundamentaalisimpia syit\u00e4 talouskasvun puutteeseen kuin et\u00e4ty\u00f6. Et\u00e4ty\u00f6, jossa ihmiset pystyv\u00e4t tekem\u00e4\u00e4n t\u00f6it\u00e4 paikasta ja osin ajasta riippumatta, on enemm\u00e4n kasvun mahdollistaja kuin este\u201d, Nurmi sanoo.<\/p>\n<p class=\"article-body mb-nof-24 px-nof-16\">Fennoa on esimerkki nopeasti kasvavista yrityksist\u00e4, joita Suomen talous tarvitsisi entist\u00e4 enemm\u00e4n. Fennoan liikevaihto on kasvanut yhti\u00f6n julkaisemien tietojen mukaan viidess\u00e4 vuodessa alle kolmesta miljoonasta viime vuoden l\u00e4hes 18 miljoonaan euroon.<\/p>\n<p class=\"article-body mb-nof-24 px-nof-16\">Samalla yhti\u00f6n tulos on parantanut ja henkil\u00f6st\u00f6m\u00e4\u00e4r\u00e4 kasvanut viidest\u00e4toista nykyiseen eli noin kahdeksaankymmeneen. Henkil\u00f6st\u00f6n vaihtuvuus on pient\u00e4.<\/p>\n<p class=\"article-body mb-nof-24 px-nof-16\">\u201dTulokset puhuvat puolestaan\u201d, Nurmi vastaa kysymykseen et\u00e4ty\u00f6n vaikutuksesta yhti\u00f6n ohjelmistokehitt\u00e4jien tuottavuuteen.<\/p>\n<p class=\"article-body mb-nof-24 px-nof-16\">Tavoitteena on listautua p\u00f6rssiin vuonna 2027.<\/p>\n<p class=\"article-body mb-nof-24 px-nof-16\">Et\u00e4ty\u00f6 lis\u00e4\u00e4ntyi suomalaisissa yrityksiss\u00e4 koronapandemian seurauksena, mutta Fennoa on ollut puhtaasti et\u00e4ty\u00f6organisaatio yrityksen perustamisesta l\u00e4htien vuodesta 2014.<\/p>\n<p class=\"article-body mb-nof-24 px-nof-16\">Syyn\u00e4 oli se, ett\u00e4 yhti\u00f6n perustajat <a class=\"article-personlink\" href=\"https:\/\/www.satakunnankansa.fi\/haku\/?query=Mikko%20Kalliovaara\" rel=\"nofollow noopener\" target=\"_blank\">Mikko Kalliovaara<\/a> ja <a class=\"article-personlink\" href=\"https:\/\/www.satakunnankansa.fi\/haku\/?query=Lasse%20Elfving\" rel=\"nofollow noopener\" target=\"_blank\">Lasse Elfving<\/a> asuivat eri puolilla Suomea.<\/p>\n<p class=\"article-body mb-nof-24 px-nof-16\">Yhti\u00f6ll\u00e4 on nykyisin ty\u00f6ntekij\u00f6it\u00e4 Kirkkonummelta Rovaniemelle. Noin nelj\u00e4nnes henkil\u00f6st\u00f6st\u00e4 asuu p\u00e4\u00e4kaupunkiseudulla. Johtoryhm\u00e4n j\u00e4senet ty\u00f6skentelev\u00e4t p\u00e4\u00e4kaupunkiseudun lis\u00e4ksi Sein\u00e4joella, Tampereen l\u00e4hikunnissa ja H\u00e4meenlinnassa.<\/p>\n<p class=\"article-body mb-nof-24 px-nof-16\">Et\u00e4ty\u00f6mahdollisuus on ollut yhti\u00f6lle rekrytointivaltti, sanoo Nurmi..<\/p>\n<p class=\"article-body mb-nof-24 px-nof-16\">\u201dKoska rekrytointi ei ole ollut sidottu paikkaan, meid\u00e4n on ollut helppo l\u00f6yt\u00e4\u00e4 parhaat ja motivoituneimmat ty\u00f6ntekij\u00e4t ymp\u00e4ri Suomen.\u201d<\/p>\n<p class=\"article-body mb-nof-24 px-nof-16\">Vaikka Fennoalla ei ole omia toimitiloja, yhti\u00f6n ty\u00f6ntekij\u00e4t tapaavat kasvokkain s\u00e4\u00e4nn\u00f6llisesti.<\/p>\n<p class=\"article-body mb-nof-24 px-nof-16\">Osastot ja tiimit tapaavat paikan p\u00e4\u00e4ll\u00e4 kerran kuukaudessa tai vuosinelj\u00e4nneksess\u00e4. Toisinaan yhti\u00f6 ker\u00e4\u00e4 koko henkil\u00f6st\u00f6n yhteen paikkaan tekem\u00e4\u00e4n t\u00f6it\u00e4 p\u00e4iv\u00e4ksi johonkin kokouskeskukseen.<\/p>\n<p class=\"article-body mb-nof-24 px-nof-16\">Kaksi kertaa vuodessa yhti\u00f6 j\u00e4rjest\u00e4\u00e4 l\u00e4hity\u00f6viikoiksi kutsutun pidemm\u00e4n tapaamisen, johon kokoontuvat kaikki ty\u00f6ntekij\u00e4t. Toinen vuositapaaminen j\u00e4rjestet\u00e4\u00e4n Suomessa ja toinen ulkomailla.<\/p>\n<p class=\"article-body mb-nof-24 px-nof-16\">Viime kev\u00e4\u00e4n\u00e4 henkil\u00f6st\u00f6 teki viikon t\u00f6it\u00e4 Espanjassa, ja nyt marraskuussa kaikki matkustavat vajaaksi viikoksi Tallinnaan.<\/p>\n<p class=\"article-body mb-nof-24 px-nof-16\">Fennoa tukee henkil\u00f6st\u00f6ns\u00e4 kotona ty\u00f6skentely\u00e4 varsin kattavalla et\u00e4ty\u00f6paketilla. Siihen kuuluu tietokone, n\u00e4ytt\u00f6 ja verkkoyhteys sek\u00e4 ty\u00f6p\u00f6yt\u00e4 ja -tuoli.<\/p>\n<p class=\"article-body mb-nof-24 px-nof-16\">\u201dKaikki mahdolliset ty\u00f6kalut, kuten n\u00e4pp\u00e4imist\u00f6t ja ergonomiset hiirituet, tulevat firman puolesta\u201d, Nurmi sanoo.<\/p>\n","protected":false},"excerpt":{"rendered":"Et\u00e4ty\u00f6 on enemm\u00e4n kasvun mahdollistaja kuin sen este, sanoo t\u00e4ysin et\u00e4n\u00e4 toimivan kasvuyhti\u00f6 Fennoan toimitusjohtaja. Lue tiivistelm\u00e4 Tiivistelm\u00e4&hellip;\n","protected":false},"author":2,"featured_media":61233,"comment_status":"","ping_status":"","sticky":false,"template":"","format":"standard","meta":{"footnotes":""},"categories":[12],"tags":[22,23,26,27,33,31,30,17,24,25,28,29,15,18,21,80,32,19,20,16],"class_list":{"0":"post-61232","1":"post","2":"type-post","3":"status-publish","4":"format-standard","5":"has-post-thumbnail","7":"category-suomi","8":"tag-breaking-news","9":"tag-breakingnews","10":"tag-featured-news","11":"tag-featurednews","12":"tag-fi","13":"tag-finland","14":"tag-finnish","15":"tag-headlines","16":"tag-latest-news","17":"tag-latestnews","18":"tag-main-news","19":"tag-mainnews","20":"tag-news","21":"tag-otsikot","22":"tag-paauutiset","23":"tag-satakunnan-kansa","24":"tag-suomi","25":"tag-top-stories","26":"tag-topstories","27":"tag-uutiset"},"share_on_mastodon":{"url":"","error":""},"_links":{"self":[{"href":"https:\/\/www.europesays.com\/fi\/wp-json\/wp\/v2\/posts\/61232","targetHints":{"allow":["GET"]}}],"collection":[{"href":"https:\/\/www.europesays.com\/fi\/wp-json\/wp\/v2\/posts"}],"about":[{"href":"https:\/\/www.europesays.com\/fi\/wp-json\/wp\/v2\/types\/post"}],"author":[{"embeddable":true,"href":"https:\/\/www.europesays.com\/fi\/wp-json\/wp\/v2\/users\/2"}],"replies":[{"embeddable":true,"href":"https:\/\/www.europesays.com\/fi\/wp-json\/wp\/v2\/comments?post=61232"}],"version-history":[{"count":0,"href":"https:\/\/www.europesays.com\/fi\/wp-json\/wp\/v2\/posts\/61232\/revisions"}],"wp:featuredmedia":[{"embeddable":true,"href":"https:\/\/www.europesays.com\/fi\/wp-json\/wp\/v2\/media\/61233"}],"wp:attachment":[{"href":"https:\/\/www.europesays.com\/fi\/wp-json\/wp\/v2\/media?parent=61232"}],"wp:term":[{"taxonomy":"category","embeddable":true,"href":"https:\/\/www.europesays.com\/fi\/wp-json\/wp\/v2\/categories?post=61232"},{"taxonomy":"post_tag","embeddable":true,"href":"https:\/\/www.europesays.com\/fi\/wp-json\/wp\/v2\/tags?post=61232"}],"curies":[{"name":"wp","href":"https:\/\/api.w.org\/{rel}","templated":true}]}}