{"id":61242,"date":"2025-10-13T20:44:09","date_gmt":"2025-10-13T20:44:09","guid":{"rendered":"https:\/\/www.europesays.com\/fi\/61242\/"},"modified":"2025-10-13T20:44:09","modified_gmt":"2025-10-13T20:44:09","slug":"janni-hussin-viime-vuoden-bisnesluvut-vihdoin-julki-jaatavaan-miljoonakerhoon","status":"publish","type":"post","link":"https:\/\/www.europesays.com\/fi\/61242\/","title":{"rendered":"Janni Hussin viime vuoden bisnesluvut vihdoin julki &#8211; j\u00e4\u00e4t\u00e4v\u00e4\u00e4n miljoonakerhoon!"},"content":{"rendered":"<p>Muutama p\u00e4iv\u00e4 sitten k\u00e4vi ilmi, ettei Janni Hussin luotsaamasta ja omistamasta yhti\u00f6st\u00e4, <a href=\"https:\/\/www.como.fi\/uutiset\/janni-hussin-firmasta-hammentava-tieto\/\" rel=\"nofollow noopener\" target=\"_blank\">JH Media Oy:st\u00e4 <\/a>ollut saatavilla julkisia tilinp\u00e4\u00e4t\u00f6stietoja, vaikka elet\u00e4\u00e4n jo loppuvuodessa. <\/p>\n<p>Jokaisen yhti\u00f6n, my\u00f6s toimimattoman, tulee toimittaa dokumentit ajallaan Patentti- ja rekisterihallitukselle tai pahimmassa tapauksessa se on yrityksen loppu \u2013 se lopetetaan.<\/p>\n<p>Lue my\u00f6s: <a href=\"https:\/\/www.como.fi\/uutiset\/janni-hussi-julkaisi-hauskan-lapsuuskuvan-teksti-sisalsi-kuitenkin-painavaa-asiaa-kaameasta-aiheesta\/\" title=\"Janni Hussi julkaisi hauskan lapsuuskuvan: teksti sis\u00e4lsi kuitenkin painavaa asiaa kaameasta aiheesta\" class=\"underline-custom !font-montserrat !font-bold !underline-offset-4 !decoration-4 !decoration-red-600 !text-md\" rel=\"nofollow noopener\" target=\"_blank\">Janni Hussi julkaisi hauskan lapsuuskuvan: teksti sis\u00e4lsi kuitenkin painavaa asiaa kaameasta aiheesta<\/a><\/p>\n<p>Lue my\u00f6s: <a href=\"https:\/\/www.como.fi\/uutiset\/kansa-tykkasi-nelosen-uutuusohjelmasta-juontajaa-ja-kilpailijoita-kyllakin-haukutaan\/\" title=\"Kansa tykk\u00e4si Nelosen uutuusohjelmasta \u2013 juontajaa ja kilpailijoita kyll\u00e4kin haukutaan\" class=\"underline-custom !font-montserrat !font-bold !underline-offset-4 !decoration-4 !decoration-red-600 !text-md\" rel=\"nofollow noopener\" target=\"_blank\">Kansa tykk\u00e4si Nelosen uutuusohjelmasta \u2013 juontajaa ja kilpailijoita kyll\u00e4kin haukutaan<\/a><\/p>\n<p>Liikevaihto nousi hyp\u00e4ht\u00e4en<\/p>\n<p>Jannilta paperit tosiaan puuttuivat, mutta eiv\u00e4tp\u00e4 puutu en\u00e4\u00e4. PRH oli l\u00e4hett\u00e4nyt Jannille kehotuskirjeen, ja nyt tilinp\u00e4\u00e4t\u00f6s l\u00f6ytyy asianmukaisesti rekister\u00f6ityn\u00e4.<\/p>\n<p>Como k\u00e4vi paperit l\u00e4pi uunituoreeltaan.<\/p>\n<p>Tilinp\u00e4\u00e4t\u00f6s kertoo siit\u00e4, ett\u00e4 Jannin ahkeruus on j\u00e4lleen palkittu. Liikevaihto on noussut kohisten. Kun se edellistilikaudella oli 349 093 euroa, nyt se pomppasi yli puoleen miljoonaan.<\/p>\n<p>Myynti\u00e4 oli 537 564 euroa!<\/p>\n<p>Palkkoja Janni nosti \u00e4\u00e4rimm\u00e4isen v\u00e4h\u00e4n, vain 1500 euroa kuussa. <\/p>\n<p>Tulos ennen veroja oli 381 361 euroa. Veroja Jannin firma tilitti 68 192 euroa, joten tilikauden puhdas voitto on huima, 313 168 euroa.<\/p>\n<p>Lue my\u00f6s: <a href=\"https:\/\/www.como.fi\/uutiset\/janni-hussi-se-on-siina-vihdoin-painava-totuus-suhteesta-jari-matti-latvalaan\/\" title=\"Janni Hussi: Se on siin\u00e4 \u2013 vihdoin painava totuus suhteesta Jari-Matti Latvalaan!\" class=\"underline-custom !font-montserrat !font-bold !underline-offset-4 !decoration-4 !decoration-red-600 !text-md\" rel=\"nofollow noopener\" target=\"_blank\">Janni Hussi: Se on siin\u00e4 \u2013 vihdoin painava totuus suhteesta Jari-Matti Latvalaan!<\/a><\/p>\n<p>Janni on sijoittanut rahansa <\/p>\n<p>AIkaisempina vuosina Janni on jakanut osinkoa 150 000 euroa ja 55 300 euroa, mutta nyt tilinp\u00e4\u00e4t\u00f6kseen on kirjattu, ett\u00e4 osingonjaosta p\u00e4\u00e4tet\u00e4\u00e4n my\u00f6hemmin. Voitto, 313 168 euroa siirret\u00e4\u00e4n voittovaroihin.<\/p>\n<p>N\u00e4in ollen firmassa on jakokelpoista p\u00e4\u00e4omaa t\u00e4ll\u00e4 hetkell\u00e4 huikeat 946 364 euroa. Sill\u00e4 luulisi p\u00e4rj\u00e4\u00e4v\u00e4n.<\/p>\n<p>Lue my\u00f6s: <a href=\"https:\/\/www.como.fi\/uutiset\/janni-hussi-katuu-tekoaan-joutu-rykimaan\/\" title=\"Janni Hussi katuu tekoaan \u2013 \u201dJoutu rykim\u00e4\u00e4n\u201d\" class=\"underline-custom !font-montserrat !font-bold !underline-offset-4 !decoration-4 !decoration-red-600 !text-md\" rel=\"nofollow noopener\" target=\"_blank\">Janni Hussi katuu tekoaan \u2013 \u201dJoutu rykim\u00e4\u00e4n\u201d<\/a><\/p>\n<p>Jannin firma on sijoittanut osakkeisiin 229 676 euroa, rahoitusarvopapereita sill\u00e4 on 300 000 euron edest\u00e4. Rahaa sill\u00e4 on yli 234 000 euroa.<\/p>\n<p>Velkaa Jannilla on kohtuullisen v\u00e4h\u00e4n, 86 000 euron verran.<\/p>\n<p>Mik\u00e4s t\u00e4llaista businesta on py\u00f6ritt\u00e4ess\u00e4. Taseen loppusumma nousee yli miljoonaan euroon.<\/p>\n<p>Lue my\u00f6s: <a href=\"https:\/\/www.como.fi\/tilaa-comon-uutiskirje\/\" title=\"Tilaa Comon uutiskirje ja tied\u00e4t mist\u00e4 kahvitauolla puhutaan! Nappaa kotimaan tv-vinkit ja puheenaiheet suoraan s\u00e4hk\u00f6postiin t\u00e4st\u00e4.\" class=\"underline-custom !font-montserrat !font-bold !underline-offset-4 !decoration-4 !decoration-red-600 !text-md\" rel=\"nofollow noopener\" target=\"_blank\">Tilaa Comon uutiskirje ja tied\u00e4t mist\u00e4 kahvitauolla puhutaan! Nappaa kotimaan tv-vinkit ja puheenaiheet suoraan s\u00e4hk\u00f6postiin t\u00e4st\u00e4.<\/a><\/p>\n","protected":false},"excerpt":{"rendered":"Muutama p\u00e4iv\u00e4 sitten k\u00e4vi ilmi, ettei Janni Hussin luotsaamasta ja omistamasta yhti\u00f6st\u00e4, JH Media Oy:st\u00e4 ollut saatavilla julkisia&hellip;\n","protected":false},"author":2,"featured_media":61243,"comment_status":"","ping_status":"","sticky":false,"template":"","format":"standard","meta":{"footnotes":""},"categories":[76],"tags":[79,77,33,31,30,2597,32,78],"class_list":{"0":"post-61242","1":"post","2":"type-post","3":"status-publish","4":"format-standard","5":"has-post-thumbnail","7":"category-talous","8":"tag-business","9":"tag-economy","10":"tag-fi","11":"tag-finland","12":"tag-finnish","13":"tag-janni-hussi","14":"tag-suomi","15":"tag-talous"},"share_on_mastodon":{"url":"","error":""},"_links":{"self":[{"href":"https:\/\/www.europesays.com\/fi\/wp-json\/wp\/v2\/posts\/61242","targetHints":{"allow":["GET"]}}],"collection":[{"href":"https:\/\/www.europesays.com\/fi\/wp-json\/wp\/v2\/posts"}],"about":[{"href":"https:\/\/www.europesays.com\/fi\/wp-json\/wp\/v2\/types\/post"}],"author":[{"embeddable":true,"href":"https:\/\/www.europesays.com\/fi\/wp-json\/wp\/v2\/users\/2"}],"replies":[{"embeddable":true,"href":"https:\/\/www.europesays.com\/fi\/wp-json\/wp\/v2\/comments?post=61242"}],"version-history":[{"count":0,"href":"https:\/\/www.europesays.com\/fi\/wp-json\/wp\/v2\/posts\/61242\/revisions"}],"wp:featuredmedia":[{"embeddable":true,"href":"https:\/\/www.europesays.com\/fi\/wp-json\/wp\/v2\/media\/61243"}],"wp:attachment":[{"href":"https:\/\/www.europesays.com\/fi\/wp-json\/wp\/v2\/media?parent=61242"}],"wp:term":[{"taxonomy":"category","embeddable":true,"href":"https:\/\/www.europesays.com\/fi\/wp-json\/wp\/v2\/categories?post=61242"},{"taxonomy":"post_tag","embeddable":true,"href":"https:\/\/www.europesays.com\/fi\/wp-json\/wp\/v2\/tags?post=61242"}],"curies":[{"name":"wp","href":"https:\/\/api.w.org\/{rel}","templated":true}]}}