{"id":61248,"date":"2025-10-13T20:59:07","date_gmt":"2025-10-13T20:59:07","guid":{"rendered":"https:\/\/www.europesays.com\/fi\/61248\/"},"modified":"2025-10-13T20:59:07","modified_gmt":"2025-10-13T20:59:07","slug":"minna-kuukka-holmoili-taas-takuunaurut","status":"publish","type":"post","link":"https:\/\/www.europesays.com\/fi\/61248\/","title":{"rendered":"Minna Kuukka h\u00f6lm\u00f6ili taas &#8211; takuunaurut!"},"content":{"rendered":"<p>Minna Kuukka on i-ha-na!<\/p>\n<p>Minna Kuukka on Suomen ihanin h\u00f6p\u00f6-hassu-rouvanen, jolle sattuu kaikkea hassua, mutta h\u00e4n my\u00f6s itse j\u00e4rjest\u00e4\u00e4 kaikkea hassua, ellei kaikkea hassua ala muuten sattua.<\/p>\n<p>Nyt Minnalle on sattunut ensinn\u00e4 mainittua. Eli ihan luonnon oikusta on kyse.<\/p>\n<p>Minna kertoo asiasta Instagrammarissaan.<\/p>\n<p>Minnan vaatemokat<\/p>\n<p>-No, se ei sitten ollut musta huivi, joka tuli aamulla kietaistua kaulaan. Ei. Oli legginsit. Mustat, Minna alustaa ja jatkaa:<\/p>\n<p>-On perjantai, ja yksikin nainen on t\u00f6iss\u00e4, housut kaulassaan.<\/p>\n<p>Mutta hetkinen, hei! Tarkemmalla kammalla huomaa, ett\u00e4 Minnahan on julkaissut muiston. Eli, t\u00e4m\u00e4 asia on siis tapahtunut h\u00e4nelle jo vuosi sitten!<\/p>\n<p>H\u00e4n julkaisi muiston, koska tavallaan aihe on ajankohtainen t\u00e4ll\u00e4kin hetkell\u00e4.<\/p>\n<p>-Oon nyt viikon sis\u00e4\u00e4n kolmesti suorittanut p\u00e4iv\u00e4ni paita nurinp\u00e4in p\u00e4\u00e4ll\u00e4. Ja face muistutti toisenlaisen vaatekompastelun vuosip\u00e4iv\u00e4st\u00e4.<\/p>\n<p>Minna ei kuitenkaan luovuta.<\/p>\n<p>-Ett\u00e4 lopultakaan, onko miten paljon v\u00e4li\u00e4? Kunhan nyt vaan pime\u00e4n l\u00e4pi puskee.<\/p>\n<p>Lue my\u00f6s: <a href=\"https:\/\/www.como.fi\/uutiset\/minna-kuukan-koukuttava-harrastus-tyontaa-raitiovaunuja-ja-busseja\/\" title=\"Minna Kuukan koukuttava harrastus: Ty\u00f6nt\u00e4\u00e4 raitiovaunuja ja busseja!\" class=\"underline-custom !font-montserrat !font-bold !underline-offset-4 !decoration-4 !decoration-red-600 !text-md\" rel=\"nofollow noopener\" target=\"_blank\">Minna Kuukan koukuttava harrastus: Ty\u00f6nt\u00e4\u00e4 raitiovaunuja ja busseja!<\/a><\/p>\n<p>Lue my\u00f6s: <a href=\"https:\/\/www.como.fi\/tilaa-comon-uutiskirje\/\" title=\"Tilaa Comon uutiskirje ja tied\u00e4t mist\u00e4 kahvitauolla puhutaan! Nappaa kotimaan tv-vinkit ja puheenaiheet suoraan s\u00e4hk\u00f6postiin t\u00e4st\u00e4.\" class=\"underline-custom !font-montserrat !font-bold !underline-offset-4 !decoration-4 !decoration-red-600 !text-md\" rel=\"nofollow noopener\" target=\"_blank\">Tilaa Comon uutiskirje ja tied\u00e4t mist\u00e4 kahvitauolla puhutaan! Nappaa kotimaan tv-vinkit ja puheenaiheet suoraan s\u00e4hk\u00f6postiin t\u00e4st\u00e4.<\/a><\/p>\n","protected":false},"excerpt":{"rendered":"Minna Kuukka on i-ha-na! Minna Kuukka on Suomen ihanin h\u00f6p\u00f6-hassu-rouvanen, jolle sattuu kaikkea hassua, mutta h\u00e4n my\u00f6s itse&hellip;\n","protected":false},"author":2,"featured_media":61249,"comment_status":"","ping_status":"","sticky":false,"template":"","format":"standard","meta":{"footnotes":""},"categories":[136],"tags":[407,137,33,31,30,408,3945,32,109],"class_list":{"0":"post-61248","1":"post","2":"type-post","3":"status-publish","4":"format-standard","5":"has-post-thumbnail","7":"category-julkkikset","8":"tag-celebrities","9":"tag-entertainment","10":"tag-fi","11":"tag-finland","12":"tag-finnish","13":"tag-julkkikset","14":"tag-minna-kuukka","15":"tag-suomi","16":"tag-viihde"},"share_on_mastodon":{"url":"","error":""},"_links":{"self":[{"href":"https:\/\/www.europesays.com\/fi\/wp-json\/wp\/v2\/posts\/61248","targetHints":{"allow":["GET"]}}],"collection":[{"href":"https:\/\/www.europesays.com\/fi\/wp-json\/wp\/v2\/posts"}],"about":[{"href":"https:\/\/www.europesays.com\/fi\/wp-json\/wp\/v2\/types\/post"}],"author":[{"embeddable":true,"href":"https:\/\/www.europesays.com\/fi\/wp-json\/wp\/v2\/users\/2"}],"replies":[{"embeddable":true,"href":"https:\/\/www.europesays.com\/fi\/wp-json\/wp\/v2\/comments?post=61248"}],"version-history":[{"count":0,"href":"https:\/\/www.europesays.com\/fi\/wp-json\/wp\/v2\/posts\/61248\/revisions"}],"wp:featuredmedia":[{"embeddable":true,"href":"https:\/\/www.europesays.com\/fi\/wp-json\/wp\/v2\/media\/61249"}],"wp:attachment":[{"href":"https:\/\/www.europesays.com\/fi\/wp-json\/wp\/v2\/media?parent=61248"}],"wp:term":[{"taxonomy":"category","embeddable":true,"href":"https:\/\/www.europesays.com\/fi\/wp-json\/wp\/v2\/categories?post=61248"},{"taxonomy":"post_tag","embeddable":true,"href":"https:\/\/www.europesays.com\/fi\/wp-json\/wp\/v2\/tags?post=61248"}],"curies":[{"name":"wp","href":"https:\/\/api.w.org\/{rel}","templated":true}]}}