{"id":61250,"date":"2025-10-13T21:06:07","date_gmt":"2025-10-13T21:06:07","guid":{"rendered":"https:\/\/www.europesays.com\/fi\/61250\/"},"modified":"2025-10-13T21:06:07","modified_gmt":"2025-10-13T21:06:07","slug":"kap-verde-selviytyi-kautta-aikain-toiseksi-pienimpana-maana-jalkapallon-miesten-mm-kisoihin-urheilu","status":"publish","type":"post","link":"https:\/\/www.europesays.com\/fi\/61250\/","title":{"rendered":"Kap Verde selviytyi kautta aikain toiseksi pienimp\u00e4n\u00e4 maana jalkapallon miesten MM-kisoihin | Urheilu"},"content":{"rendered":"<p>Saarivaltio Kap Verde varmisti paikkansa ensi kes\u00e4n\u00e4 Yhdysvalloissa, Kanadassa ja Meksikossa pelattavassa jalkapallon miesten MM-lopputurnauksessa, kun se juhli maanantaina 3\u20130-kotivoittoa Eswatinista (entisest\u00e4 Swazimaasta).<\/p>\n<p>Kap Verde ei ole koskaan aiemmin ylt\u00e4nyt MM-lopputurnaukseen. Samalla siit\u00e4 tulee v\u00e4kiluvultaan kaikkien aikojen pienin Afrikan maa, joka on n\u00e4hty miesten MM-kisoissa. Ylip\u00e4\u00e4t\u00e4\u00e4n sit\u00e4 pienempi MM-k\u00e4vij\u00e4 on ollut vain Islanti, jonka miehet pelasivat lopputurnauksessa 2018.<\/p>\n<p>Runsaan puolen miljoonan asukkaan Kap Verde voitti karsintalohkonsa, jossa se j\u00e4tti taakseen muun muassa Afrikan perinteisen jalkapalloj\u00e4tin Kamerunin.<\/p>\n<p>Suomen jalkapalloliigassa pelaavaa SJK:ta edustava Kelvin Pires oli nimetty Kap Verden lokakuun MM-karsintaotteluihin Libyaa ja Eswatinia vastaan, mutta h\u00e4n ei ollut kummassakaan kamppailussa kokoonpanossa.<\/p>\n","protected":false},"excerpt":{"rendered":"Saarivaltio Kap Verde varmisti paikkansa ensi kes\u00e4n\u00e4 Yhdysvalloissa, Kanadassa ja Meksikossa pelattavassa jalkapallon miesten MM-lopputurnauksessa, kun se juhli&hellip;\n","protected":false},"author":2,"featured_media":50730,"comment_status":"","ping_status":"","sticky":false,"template":"","format":"standard","meta":{"footnotes":""},"categories":[158],"tags":[722,33,31,30,43,42,1984,41,7418,159,32,160,161],"class_list":{"0":"post-61250","1":"post","2":"type-post","3":"status-publish","4":"format-standard","5":"has-post-thumbnail","7":"category-urheilu","8":"tag-amerikka","9":"tag-fi","10":"tag-finland","11":"tag-finnish","12":"tag-jalkapallo","13":"tag-jalkapalloon-perustuvat-lajit","14":"tag-jalkapallopelaajat-miehet","15":"tag-liikunta-ja-urheilu","16":"tag-seinajoen-jalkapallokerho-sjk","17":"tag-sports","18":"tag-suomi","19":"tag-urheilu","20":"tag-urheilutapahtumat"},"share_on_mastodon":{"url":"","error":""},"_links":{"self":[{"href":"https:\/\/www.europesays.com\/fi\/wp-json\/wp\/v2\/posts\/61250","targetHints":{"allow":["GET"]}}],"collection":[{"href":"https:\/\/www.europesays.com\/fi\/wp-json\/wp\/v2\/posts"}],"about":[{"href":"https:\/\/www.europesays.com\/fi\/wp-json\/wp\/v2\/types\/post"}],"author":[{"embeddable":true,"href":"https:\/\/www.europesays.com\/fi\/wp-json\/wp\/v2\/users\/2"}],"replies":[{"embeddable":true,"href":"https:\/\/www.europesays.com\/fi\/wp-json\/wp\/v2\/comments?post=61250"}],"version-history":[{"count":0,"href":"https:\/\/www.europesays.com\/fi\/wp-json\/wp\/v2\/posts\/61250\/revisions"}],"wp:featuredmedia":[{"embeddable":true,"href":"https:\/\/www.europesays.com\/fi\/wp-json\/wp\/v2\/media\/50730"}],"wp:attachment":[{"href":"https:\/\/www.europesays.com\/fi\/wp-json\/wp\/v2\/media?parent=61250"}],"wp:term":[{"taxonomy":"category","embeddable":true,"href":"https:\/\/www.europesays.com\/fi\/wp-json\/wp\/v2\/categories?post=61250"},{"taxonomy":"post_tag","embeddable":true,"href":"https:\/\/www.europesays.com\/fi\/wp-json\/wp\/v2\/tags?post=61250"}],"curies":[{"name":"wp","href":"https:\/\/api.w.org\/{rel}","templated":true}]}}