{"id":61251,"date":"2025-10-13T21:07:09","date_gmt":"2025-10-13T21:07:09","guid":{"rendered":"https:\/\/www.europesays.com\/fi\/61251\/"},"modified":"2025-10-13T21:07:09","modified_gmt":"2025-10-13T21:07:09","slug":"nina-tapion-uusi-upea-tyylimuutos-katso-video","status":"publish","type":"post","link":"https:\/\/www.europesays.com\/fi\/61251\/","title":{"rendered":"Nina Tapion uusi upea tyylimuutos \u2013 katso video"},"content":{"rendered":"<p>Laulaja <strong>Nina Tapio<\/strong> oli aikoinaan toinen Taikapeili-duon laulajista. Toinen heist\u00e4 oli Tapion hyv\u00e4 yst\u00e4v\u00e4 <strong>Hanna-Riikka Siitonen<\/strong>, joka menehtyi hein\u00e4kuussa 2018.<\/p>\n<p>Lue my\u00f6s: <a href=\"https:\/\/www.como.fi\/uutiset\/nina-tapio-muistelee-edesmennytta-ystavaansa-7-vuotta-taalla-ilman\/\" title=\"Nina Tapio muistelee edesmennytt\u00e4 yst\u00e4v\u00e4\u00e4ns\u00e4 \u2013 \u201d7 vuotta t\u00e4\u00e4ll\u00e4 ilman\u201d\" class=\"underline-custom !font-montserrat !font-bold !underline-offset-4 !decoration-4 !decoration-red-600 !text-md\" rel=\"nofollow noopener\" target=\"_blank\">Nina Tapio muistelee edesmennytt\u00e4 yst\u00e4v\u00e4\u00e4ns\u00e4 \u2013 \u201d7 vuotta t\u00e4\u00e4ll\u00e4 ilman\u201d<\/a><\/p>\n<p>Tapio on kertonut p\u00e4\u00e4tt\u00e4neens\u00e4, ettei Taikapeili en\u00e4\u00e4 esiinny Siitosen kuoleman j\u00e4lkeen. Musiikkiuraa h\u00e4n ei ole j\u00e4tt\u00e4nyt ja nyt h\u00e4n on julkaissut uuden kappaleen.<\/p>\n<p>Jos upotus ei n\u00e4y, avaa se auki <a href=\"https:\/\/www.instagram.com\/p\/DPneiZMCAUO\/?utm_source=ig_web_copy_link&amp;igsh=MzRlODBiNWFlZA==\" target=\"_blank\" rel=\"noreferrer noopener nofollow\">t\u00e4st\u00e4<\/a>.<\/p>\n<p>Tapio on julkaissut uutta musiikkia ja vaihtanut hiustyyli\u00e4<\/p>\n<p>Tapio kertoo tuoreessa julkaisussaan uudesta kappaleestaan. Julkaisussa on mukana video, josta n\u00e4hd\u00e4\u00e4n Tapion hiustyylin muuttuneen kovasti. H\u00e4net on totuttu n\u00e4kem\u00e4\u00e4n viime aikoina vaaleissa kutreissa. Vaaleat ne ovat edelleen, mutta niiss\u00e4 on mukana punaista s\u00e4vy\u00e4.<\/p>\n<p>Lue my\u00f6s: <a href=\"https:\/\/www.como.fi\/uutiset\/laulaja-nina-tapion-epaonni-jatkuu-taas-haaveri\/\" title=\"Laulaja Nina Tapion ep\u00e4onni jatkuu: taas haaveri!\" class=\"underline-custom !font-montserrat !font-bold !underline-offset-4 !decoration-4 !decoration-red-600 !text-md\" rel=\"nofollow noopener\" target=\"_blank\">Laulaja Nina Tapion ep\u00e4onni jatkuu: taas haaveri!<\/a><\/p>\n<p>\u2013 Maskin taa on otettu ihanasti vastaan ja her\u00e4tt\u00e4nyt paljon ajatuksia kuulijoissa. Tunnistatko s\u00e4 jotain tuttua siin\u00e4? kirjoittaa Tapio punaisten kutrien kera.<\/p>\n<p>Tapio paljastaa julkaisussaan kappaleen olevan h\u00e4nen itsens\u00e4 sanoittama.<\/p>\n<p>\u2013 M\u00e4 oon tottunut pit\u00e4m\u00e4\u00e4n paljon asioita sis\u00e4ll\u00e4ni. Ja selviytym\u00e4\u00e4n yksin. Kuitenkin on t\u00e4rke\u00e4\u00e4, ett\u00e4 el\u00e4m\u00e4ss\u00e4 olisi edes yksi ihminen, jonka voisi p\u00e4\u00e4st\u00e4\u00e4 oman maskin taa. Meill\u00e4 kaikilla on menneisyytemme. Ja sen kanssa on opittava el\u00e4m\u00e4\u00e4n, lukee videon p\u00e4\u00e4ll\u00e4.<\/p>\n<p>Julkaisussa tulee esille viel\u00e4 lis\u00e4\u00e4 kannustavaa teksti\u00e4.<\/p>\n<p>\u2013 Jos vaan uskaltaa avautua, voi huomata, ettei olekaan asioiden kanssa niin yksin. Ja rikkin\u00e4isen\u00e4kin voi el\u00e4\u00e4 hyv\u00e4\u00e4 el\u00e4m\u00e4\u00e4 ja rakastaa, jatkaa Tapio viel\u00e4.<\/p>\n<p>Julkaisuun tulleissa kommenteissa kehutaan Tapion uutta kappaletta sek\u00e4 t\u00e4rkeit\u00e4 sanoja.<\/p>\n<p>Jos upotus ei n\u00e4y, avaa se auki <a href=\"https:\/\/www.instagram.com\/reel\/DPrmuPUiILN\/?utm_source=ig_web_copy_link&amp;igsh=MzRlODBiNWFlZA==\" target=\"_blank\" rel=\"noreferrer noopener nofollow\">t\u00e4st\u00e4<\/a>.<\/p>\n<p>Lue my\u00f6s: <a href=\"https:\/\/www.como.fi\/tilaa-comon-uutiskirje\/\" title=\"Tilaa Comon uutiskirje ja tied\u00e4t mist\u00e4 kahvitauolla puhutaan! Nappaa kotimaan tv-vinkit ja puheenaiheet suoraan s\u00e4hk\u00f6postiin t\u00e4st\u00e4.\" class=\"underline-custom !font-montserrat !font-bold !underline-offset-4 !decoration-4 !decoration-red-600 !text-md\" rel=\"nofollow noopener\" target=\"_blank\">Tilaa Comon uutiskirje ja tied\u00e4t mist\u00e4 kahvitauolla puhutaan! Nappaa kotimaan tv-vinkit ja puheenaiheet suoraan s\u00e4hk\u00f6postiin t\u00e4st\u00e4.<\/a><\/p>\n<p>\t\t\t\t<script async src=\"\/\/www.instagram.com\/embed.js\"><\/script><\/p>\n","protected":false},"excerpt":{"rendered":"Laulaja Nina Tapio oli aikoinaan toinen Taikapeili-duon laulajista. Toinen heist\u00e4 oli Tapion hyv\u00e4 yst\u00e4v\u00e4 Hanna-Riikka Siitonen, joka menehtyi&hellip;\n","protected":false},"author":2,"featured_media":61252,"comment_status":"","ping_status":"","sticky":false,"template":"","format":"standard","meta":{"footnotes":""},"categories":[130],"tags":[137,33,31,30,8156,32,109],"class_list":{"0":"post-61251","1":"post","2":"type-post","3":"status-publish","4":"format-standard","5":"has-post-thumbnail","7":"category-viihde","8":"tag-entertainment","9":"tag-fi","10":"tag-finland","11":"tag-finnish","12":"tag-nina-tapio","13":"tag-suomi","14":"tag-viihde"},"share_on_mastodon":{"url":"","error":""},"_links":{"self":[{"href":"https:\/\/www.europesays.com\/fi\/wp-json\/wp\/v2\/posts\/61251","targetHints":{"allow":["GET"]}}],"collection":[{"href":"https:\/\/www.europesays.com\/fi\/wp-json\/wp\/v2\/posts"}],"about":[{"href":"https:\/\/www.europesays.com\/fi\/wp-json\/wp\/v2\/types\/post"}],"author":[{"embeddable":true,"href":"https:\/\/www.europesays.com\/fi\/wp-json\/wp\/v2\/users\/2"}],"replies":[{"embeddable":true,"href":"https:\/\/www.europesays.com\/fi\/wp-json\/wp\/v2\/comments?post=61251"}],"version-history":[{"count":0,"href":"https:\/\/www.europesays.com\/fi\/wp-json\/wp\/v2\/posts\/61251\/revisions"}],"wp:featuredmedia":[{"embeddable":true,"href":"https:\/\/www.europesays.com\/fi\/wp-json\/wp\/v2\/media\/61252"}],"wp:attachment":[{"href":"https:\/\/www.europesays.com\/fi\/wp-json\/wp\/v2\/media?parent=61251"}],"wp:term":[{"taxonomy":"category","embeddable":true,"href":"https:\/\/www.europesays.com\/fi\/wp-json\/wp\/v2\/categories?post=61251"},{"taxonomy":"post_tag","embeddable":true,"href":"https:\/\/www.europesays.com\/fi\/wp-json\/wp\/v2\/tags?post=61251"}],"curies":[{"name":"wp","href":"https:\/\/api.w.org\/{rel}","templated":true}]}}