{"id":61253,"date":"2025-10-13T21:10:09","date_gmt":"2025-10-13T21:10:09","guid":{"rendered":"https:\/\/www.europesays.com\/fi\/61253\/"},"modified":"2025-10-13T21:10:09","modified_gmt":"2025-10-13T21:10:09","slug":"wall-street-piristyi-trumpin-sovittelevien-kommenttien-jalkeen-uutisia-lyhyesti","status":"publish","type":"post","link":"https:\/\/www.europesays.com\/fi\/61253\/","title":{"rendered":"Wall Street piristyi Trumpin sovittelevien kommenttien j\u00e4lkeen | Uutisia lyhyesti"},"content":{"rendered":"<p class=\"aw-1gybjub aw-5vja16 ghpEtB kjanFo yle__article__paragraph\">Yhdysvaltain valtiovarainministeri Scott Bessent kertoi, ett\u00e4 Trump aikoo edelleen tavata Kiinan presidentti Xi Jinpingin t\u00e4ss\u00e4 kuussa<\/p>\n<p><img decoding=\"async\" alt=\"P\u00f6rssimeklari keskell\u00e4 erilaisia n\u00e4ytt\u00f6j\u00e4.\" src=\"https:\/\/www.europesays.com\/fi\/wp-content\/uploads\/2025\/08\/39-1486889685eaf202100e.jpeg\" class=\"aw-1l9m598 hKVVvP\"\/><\/p>\n<p>Avaa kuvien katselu<\/p>\n<p>P\u00f6rssit laskivat viime perjantaina Wall Streetill\u00e4 jyrkemmin kuin kuukausiin. Arkistokuva. Kuva: John Angelillo \/ AOP<\/p>\n<p class=\"aw-1gybjub aw-1p7kakr ghpEtB jtovHP yle__article__paragraph\">Yhdysvalloissa New Yorkin p\u00f6rssit sulkeutuivat maanantaina nousussa presidentti <strong class=\"aw-ak79eh KyCXm yle__article__strong\">Donald Trumpin<\/strong> sovittelevien Kiina-kommenttien j\u00e4lkeen.<\/p>\n<p class=\"aw-1gybjub aw-1p7kakr ghpEtB jtovHP yle__article__paragraph\">Teollisuusindeksi Dow Jones oli Yhdysvalloissa p\u00f6rssip\u00e4iv\u00e4n p\u00e4\u00e4tteeksi 1,3 prosenttia ja laaja-alainen S&amp;P\u00a0500 taas 1,6 prosenttia plussalla. Teknologiapainotteinen Nasdaq oli vuorostaan 2,2 prosentin nousussa.<\/p>\n<p class=\"aw-1gybjub aw-1p7kakr ghpEtB jtovHP yle__article__paragraph\">Viime perjantaina Trump <a class=\"aw-iao6s4 iHOxEa yle__article__link\" href=\"https:\/\/yle.fi\/a\/74-20187848\" role=\"link\" rel=\"nofollow noopener\" target=\"_blank\">ilmoitti aikeistaan<\/a> asettaa Kiinalle uudet 100 prosentin tullimaksut vastauksena Kiinan harvinaisille maametalleille asettamiin vientirajoituksiin. Trumpin ilmoituksen my\u00f6t\u00e4 p\u00f6rssit laskivat Wall Streetill\u00e4 jyrkemmin kuin kuukausiin.<\/p>\n<p class=\"aw-1gybjub aw-1p7kakr ghpEtB jtovHP yle__article__paragraph\">Viikonlopun aikana Trump kuitenkin sanoi, ett\u00e4 Yhdysvallat ei halua vahingoittaa Kiinaa. Kiina puolestaan syytti Yhdysvaltoja eskalaatiosta.<\/p>\n<p class=\"aw-1gybjub aw-1p7kakr ghpEtB jtovHP yle__article__paragraph\">Yhdysvaltain valtiovarainministeri <strong class=\"aw-ak79eh KyCXm yle__article__strong\">Scott Bessent<\/strong> kertoi maanantaina haastattelussa, ett\u00e4 Trump aikoo edelleen tavata Kiinan presidentti <strong class=\"aw-ak79eh KyCXm yle__article__strong\">Xi Jinpingin<\/strong> t\u00e4ss\u00e4 kuussa Etel\u00e4-Koreassa.<\/p>\n<p class=\"aw-1gybjub aw-1p7kakr ghpEtB jtovHP yle__article__paragraph\">L\u00e4hde: Reuters<\/p>\n","protected":false},"excerpt":{"rendered":"Yhdysvaltain valtiovarainministeri Scott Bessent kertoi, ett\u00e4 Trump aikoo edelleen tavata Kiinan presidentti Xi Jinpingin t\u00e4ss\u00e4 kuussa Avaa kuvien&hellip;\n","protected":false},"author":2,"featured_media":3985,"comment_status":"","ping_status":"","sticky":false,"template":"","format":"standard","meta":{"footnotes":""},"categories":[76],"tags":[79,77,33,31,30,510,2710,1892,32,78,56,619],"class_list":{"0":"post-61253","1":"post","2":"type-post","3":"status-publish","4":"format-standard","5":"has-post-thumbnail","7":"category-talous","8":"tag-business","9":"tag-economy","10":"tag-fi","11":"tag-finland","12":"tag-finnish","13":"tag-kiina","14":"tag-new-yorkin-porssi","15":"tag-porssit","16":"tag-suomi","17":"tag-talous","18":"tag-ulkomaat","19":"tag-yhdysvallat"},"share_on_mastodon":{"url":"","error":""},"_links":{"self":[{"href":"https:\/\/www.europesays.com\/fi\/wp-json\/wp\/v2\/posts\/61253","targetHints":{"allow":["GET"]}}],"collection":[{"href":"https:\/\/www.europesays.com\/fi\/wp-json\/wp\/v2\/posts"}],"about":[{"href":"https:\/\/www.europesays.com\/fi\/wp-json\/wp\/v2\/types\/post"}],"author":[{"embeddable":true,"href":"https:\/\/www.europesays.com\/fi\/wp-json\/wp\/v2\/users\/2"}],"replies":[{"embeddable":true,"href":"https:\/\/www.europesays.com\/fi\/wp-json\/wp\/v2\/comments?post=61253"}],"version-history":[{"count":0,"href":"https:\/\/www.europesays.com\/fi\/wp-json\/wp\/v2\/posts\/61253\/revisions"}],"wp:featuredmedia":[{"embeddable":true,"href":"https:\/\/www.europesays.com\/fi\/wp-json\/wp\/v2\/media\/3985"}],"wp:attachment":[{"href":"https:\/\/www.europesays.com\/fi\/wp-json\/wp\/v2\/media?parent=61253"}],"wp:term":[{"taxonomy":"category","embeddable":true,"href":"https:\/\/www.europesays.com\/fi\/wp-json\/wp\/v2\/categories?post=61253"},{"taxonomy":"post_tag","embeddable":true,"href":"https:\/\/www.europesays.com\/fi\/wp-json\/wp\/v2\/tags?post=61253"}],"curies":[{"name":"wp","href":"https:\/\/api.w.org\/{rel}","templated":true}]}}