{"id":61261,"date":"2025-10-13T21:27:08","date_gmt":"2025-10-13T21:27:08","guid":{"rendered":"https:\/\/www.europesays.com\/fi\/61261\/"},"modified":"2025-10-13T21:27:08","modified_gmt":"2025-10-13T21:27:08","slug":"autonkuljettaja-tempaisi-kirjan-akt-lehti","status":"publish","type":"post","link":"https:\/\/www.europesays.com\/fi\/61261\/","title":{"rendered":"Autonkuljettaja tempaisi kirjan &#8211; AKT lehti"},"content":{"rendered":"<p> \u2013 Ty\u00f6n ohessa, vastaa yhdistelm\u00e4ajoneuvonkuljettaja <strong>Tomi Hiukka<\/strong>, 47, kun h\u00e4nelt\u00e4 kysyy, milloin h\u00e4n on ehtinyt kirjoittaa l\u00e4hes 200-sivuisen kirjansa. Teoksen nimi on \u201dMatkalla paremmaksi ihmiseksi\u201d ja se on kaunistelemattoman rosoinen kuvaus porilaisen l\u00e4hi\u00f6n sananmukaisesti v\u00e4kev\u00e4st\u00e4 el\u00e4m\u00e4st\u00e4.<\/p>\n<p>\u2013 Vapaap\u00e4ivin\u00e4 istuin tietokoneen \u00e4\u00e4ress\u00e4 ja yritin p\u00e4\u00e4st\u00e4 sellaiseen 500 \u2013 1 000 sanan p\u00e4iv\u00e4vauhtiin. Kun olin l\u00f6yt\u00e4nyt oman tyylini, niin teksti\u00e4 alkoi synty\u00e4.<\/p>\n<p>Nyt Hiukka lukee kirjansa arvosteluja lehdist\u00e4 ja k\u00e4y kirjallisissa tapahtumissa esittelem\u00e4ss\u00e4 esikoisteostaan. Kirjailijahaastattelujakin joutuu antamaan. H\u00e4n opettelee ajattelemaan itse\u00e4\u00e4n oikeana kirjailijana.<\/p>\n<p>\t\t\t\t\t\t<img decoding=\"async\" class=\"w-full\" src=\"https:\/\/www.europesays.com\/fi\/wp-content\/uploads\/2025\/10\/kirjajuttu_kuva_5.1200x0-u1i0s1q90f1.jpg\" alt=\"\"\/><\/p>\n<p>\t\t\t\t\t\tTuoreen kirjailijan p\u00e4iv\u00e4vauhti oli yleens\u00e4 500 \u2013 tuhat sanaa.\t\t\t\t\t<\/p>\n<p>\t\tS\u00e4ili\u00f6autonkuljettajaksi is\u00e4n j\u00e4ljiss\u00e4<\/p>\n<p>Kokem\u00e4elt\u00e4 kotoisin oleva Tomi Hiukka on ehtinyt tehd\u00e4 auton ratissa ty\u00f6p\u00e4iv\u00e4n jos toisenkin. Jo ennen kuin h\u00e4n 25-vuotiaana hankki itselleen E-kortin, oli h\u00e4n C-kortin turvin ajellut kuorma-autolla pullaa Harjavallan torille. Transpointilla h\u00e4n ajoi jakeluautoa, kun ei viel\u00e4 p\u00e4\u00e4ssyt per\u00e4k\u00e4rryllist\u00e4 ohjaamaan.<\/p>\n<p>\u2013 Kun ensimm\u00e4ist\u00e4 kertaa olin yksin per\u00e4k\u00e4rryllisen ratissa, muistan kun k\u00e4det hikosivat ja syd\u00e4n pamppaili. Risteyksiss\u00e4 tein isot kaaret.<\/p>\n<p>Vuonna 2011 Hiukka istahti s\u00e4ili\u00f6auton ohjaamoon. Siin\u00e4 oli omanlaistaan historian havinaa, koska s\u00e4ili\u00f6autoa oli aikanaan ajanut my\u00f6s h\u00e4nen nyt jo edesmennyt is\u00e4ns\u00e4.<\/p>\n<p>Muutama vuosi sitten Hiukka teki radikaalin p\u00e4\u00e4t\u00f6ksen uranvaihdosta: h\u00e4n p\u00e4\u00e4tti kouluttautua l\u00e4hihoitajaksi. H\u00e4n ehti ty\u00f6skennell\u00e4 vajaan vuoden Porin katkaisuhoito- ja kuntoutumisyksik\u00f6ss\u00e4, kunnes huomasi, ett\u00e4 veri veti yh\u00e4 maantielle.<\/p>\n<p>\u2013 Ei se pyr\u00e4hdys p\u00e4ihdepalvelujen puolella kuitenkaan hukkaan mennyt sik\u00e4li, ett\u00e4 sain sielt\u00e4 aineksia tulevaan kirjaani. Oppia ik\u00e4 kaikki.<\/p>\n<p>Viime vuodet Hiukka on ty\u00f6skennellyt Simtruck Oy:n palveluksessa. Se on osa Simeon Group -konsernia, Suomen suurinta toimijaa alallaan.<\/p>\n<blockquote class=\"quote\">\n<p>\t\t\tTuleva kirjailija tuumi, ett\u00e4 ehk\u00e4 teksti sitten kantaa, kun l\u00e4hikriitikko ei  \u2013 vastoin odotuksia \u2013  sit\u00e4 tyrm\u00e4nnytk\u00e4\u00e4n.\n\t\t<\/p><\/blockquote>\n<p>Tehdess\u00e4\u00e4n p\u00e4ihdety\u00f6t\u00e4 Hiukka oli antanut ADR-luvan ja ammattip\u00e4tevyyksien menn\u00e4 vanhoiksi. H\u00e4n hankki tarvittavat luvat itselleen takaisin omalla kustannuksellaan, koska mieli paloi auton rattiin.<\/p>\n<p>Nyt Hiukka kuljettaa Simeonin autoja pitkin ja poikin Suomea sek\u00e4 v\u00e4lill\u00e4 Ruotsissakin.<\/p>\n<p>\u2013 Viime viikollakin mittariin tuli yli 4 000 kilometri\u00e4, h\u00e4n valaisee ty\u00f6tahtiaan.<\/p>\n<p>\t\t\t\t\t\t<img decoding=\"async\" class=\"w-full\" src=\"https:\/\/www.europesays.com\/fi\/wp-content\/uploads\/2025\/10\/kirjailijakuva_1.1200x0-u1i0s1q90f1.jpg\" alt=\"\"\/><\/p>\n<p>\t\t\t\t\t\tTien p\u00e4\u00e4ll\u00e4kin Tomi Hiukka mietti kirjansa k\u00e4\u00e4nteit\u00e4.\t\t\t\t\t<\/p>\n<p>\t\tMies ja kitara<\/p>\n<p>Itse asiassa kirja ei ollut Tomi Hiukan ensimm\u00e4inen kirjallinen tuotos. Jo hamassa nuoruudessaan h\u00e4n teki lauluja rokkib\u00e4ndilleen \u2013 sek\u00e4 s\u00e4vellyksi\u00e4 ett\u00e4 sanoituksia. Niiden laatiminen jatkuu yh\u00e4.<\/p>\n<p>\u2013 Olen my\u00f6s kirjoittanut novelleja. Niiden alkuja on kertynyt paljon, mutta joitakin lyhyit\u00e4 juttuja olen saattanut loppuunkin, tuore kirjailija kertaa uransa vaiheita.<\/p>\n<p>\u2013 Kaiken aikaa takaraivossa on it\u00e4nyt haave kirjan kirjoittamisesta. Sit\u00e4 on tullut mietitty\u00e4 pitkien ajorupeamien aikana hytin yksin\u00e4isyydess\u00e4.<\/p>\n<p>\u2013 Olen aloittanut kirjan monta kertaa, mutta joka kerta se on vain j\u00e4\u00e4nyt jotenkin kesken. T\u00e4m\u00e4 eteni sitten maaliin asti.<\/p>\n<p>Hiukka kertoo aina olleensa sanavalmis ja huumoriakin on tullut viljelty\u00e4. H\u00e4n luonnehtii tyylilajiaan huumoriproosaksi.<\/p>\n<p>\u2013 Jotenkin ne arkiel\u00e4m\u00e4n huumorijutut ovat kiertyneet aina tuonne navan alle, mik\u00e4 kyll\u00e4 n\u00e4kyy t\u00e4ss\u00e4 kirjassakin.<\/p>\n<p>Matkalla paremmaksi ihmiseksi kertoo sekoilevasta p\u00e4\u00e4henkil\u00f6st\u00e4, jolle Hiukka kertoo sy\u00f6tt\u00e4neens\u00e4 omia ajatuksiaan. Tyyppi ei kiertele ja kaartele tai turvaudu kohteliaisiin korulauseisiin vaan t\u00f6ks\u00e4ytt\u00e4\u00e4 asiansa \u201dporilaisittain\u201d suoraakin suoremmin.<\/p>\n<p>Kun Hiukka oli saanut kirjan ensimm\u00e4isen luvun valmiiksi, luetti h\u00e4n sen ankarimmalla mahdollisella kriitikollaan eli ex-vaimollaan. Kun t\u00e4lt\u00e4 tuli kannustusta, tuleva kirjailija tuumi, ett\u00e4 ehk\u00e4 teksti sitten kantaa, kun l\u00e4hikriitikko ei \u2013 vastoin odotuksia \u2013 sit\u00e4 tyrm\u00e4nnytk\u00e4\u00e4n.<\/p>\n<p>Valmiin tekstin Hiukka l\u00e4hetti useampaan kustantamoon. Osa ei edes vastannut, osa kiitti kohteliaasti, mutta torjui kustannustoiveet. Kunnes sitten Momentum Kirjat kiinnostui toden teolla.<\/p>\n<p>Nyt ty\u00f6n alla on jo jatko-osa. Ja taas per\u00e4vaunurekan ohjaamossa pohditaan tulevan kirjan juoniratkaisuja. <\/p>\n<p>Jutun kirjoittaja on jyv\u00e4skyl\u00e4l\u00e4inen<br \/>freelancertoimittaja<\/p>\n<p>\t\t\t\t\tAsiasanat:<\/p>\n","protected":false},"excerpt":{"rendered":"\u2013 Ty\u00f6n ohessa, vastaa yhdistelm\u00e4ajoneuvonkuljettaja Tomi Hiukka, 47, kun h\u00e4nelt\u00e4 kysyy, milloin h\u00e4n on ehtinyt kirjoittaa l\u00e4hes 200-sivuisen&hellip;\n","protected":false},"author":2,"featured_media":61262,"comment_status":"","ping_status":"","sticky":false,"template":"","format":"standard","meta":{"footnotes":""},"categories":[134],"tags":[377,137,33,31,30,378,32,109],"class_list":{"0":"post-61261","1":"post","2":"type-post","3":"status-publish","4":"format-standard","5":"has-post-thumbnail","7":"category-kirjat","8":"tag-books","9":"tag-entertainment","10":"tag-fi","11":"tag-finland","12":"tag-finnish","13":"tag-kirjat","14":"tag-suomi","15":"tag-viihde"},"share_on_mastodon":{"url":"","error":""},"_links":{"self":[{"href":"https:\/\/www.europesays.com\/fi\/wp-json\/wp\/v2\/posts\/61261","targetHints":{"allow":["GET"]}}],"collection":[{"href":"https:\/\/www.europesays.com\/fi\/wp-json\/wp\/v2\/posts"}],"about":[{"href":"https:\/\/www.europesays.com\/fi\/wp-json\/wp\/v2\/types\/post"}],"author":[{"embeddable":true,"href":"https:\/\/www.europesays.com\/fi\/wp-json\/wp\/v2\/users\/2"}],"replies":[{"embeddable":true,"href":"https:\/\/www.europesays.com\/fi\/wp-json\/wp\/v2\/comments?post=61261"}],"version-history":[{"count":0,"href":"https:\/\/www.europesays.com\/fi\/wp-json\/wp\/v2\/posts\/61261\/revisions"}],"wp:featuredmedia":[{"embeddable":true,"href":"https:\/\/www.europesays.com\/fi\/wp-json\/wp\/v2\/media\/61262"}],"wp:attachment":[{"href":"https:\/\/www.europesays.com\/fi\/wp-json\/wp\/v2\/media?parent=61261"}],"wp:term":[{"taxonomy":"category","embeddable":true,"href":"https:\/\/www.europesays.com\/fi\/wp-json\/wp\/v2\/categories?post=61261"},{"taxonomy":"post_tag","embeddable":true,"href":"https:\/\/www.europesays.com\/fi\/wp-json\/wp\/v2\/tags?post=61261"}],"curies":[{"name":"wp","href":"https:\/\/api.w.org\/{rel}","templated":true}]}}