{"id":61395,"date":"2025-10-14T01:56:21","date_gmt":"2025-10-14T01:56:21","guid":{"rendered":"https:\/\/www.europesays.com\/fi\/61395\/"},"modified":"2025-10-14T01:56:21","modified_gmt":"2025-10-14T01:56:21","slug":"puolustusvoimat-haluaa-nuoret-kuntoon-ennen-inttia-nain-yrityksesi-voi-auttaa","status":"publish","type":"post","link":"https:\/\/www.europesays.com\/fi\/61395\/","title":{"rendered":"Puolustusvoimat haluaa nuoret kuntoon ennen intti\u00e4 \u2013 N\u00e4in yrityksesi voi auttaa"},"content":{"rendered":"<p class=\"gb-ingress__content\">\n\t\t\t\tPuolustusvoimiin halutaan nykyist\u00e4 parempikuntoisia nuoria.\u00a0\t\t\t<\/p>\n<p>Puolustusvoimat liittyy mukaan kansalliseen Suomi liikkeelle -ohjelmaan ja pyrkii parantamaan armeijan harmaisiin tulevien nuorten edellytyksi\u00e4 p\u00e4rj\u00e4t\u00e4 fyysisist\u00e4 haasteista.<\/p>\n<p>P\u00e4\u00e4ministeri <strong>Petteri Orpon<\/strong> (kok) lanseeraaman Suomi liikkeelle \u2013<a href=\"https:\/\/suomiliikkeelle.fi\/suomi-liikkeelle\/\" rel=\"nofollow noopener\" target=\"_blank\">ohjelman<\/a> tavoitteena on edist\u00e4\u00e4 suomalaisten liikkumista eri ministeri\u00f6iden hallinnonalojen toimenpiteill\u00e4. Toimenpiteet liittyv\u00e4t esimerkiksi liikunnallisen toimintakulttuurin, liikuntaneuvonnan, liikkumisen olosuhteiden ja osaamisen kehitt\u00e4miseen.\u00a0<\/p>\n<p>Puolustusministeri\u00f6 valmistelee hankintaa, jonka tavoitteena on parantaa kutsuntaik\u00e4isten nuorten fyysist\u00e4 ja psyykkist\u00e4 toimintakyky\u00e4. Kyseist\u00e4 hanketta pilotoidaan kuluvana syksyn\u00e4 Lahden, Kouvolan ja Paimion alueilla. Toimintamalli on tarkoitus laajentaa valtakunnalliseksi vuodesta 2026 alkaen.<\/p>\n<p>Kattava kokonaisuus<\/p>\n<p>Puolustusvoimien tavoitteena on l\u00f6yt\u00e4\u00e4 palveluntuottajia, jotka voivat tarjota nuorille \u201dvaikuttavia ja motivoivia\u201d valmennuspalveluita liikuntapalvelusetelin avulla. Kutsu on suunnattu kaikille liikunta-, terveys- ja hyvinvointialan toimijoille, mutta t\u00e4ss\u00e4 vaiheessa ensisijaisesti Lahden, Kouvolan ja Paimion alueille.<\/p>\n<p>\u201dMarkkinavuoropuhelun tarkoituksena on k\u00e4yd\u00e4 vuoropuhelua potentiaalisten palveluntuottajien kanssa, ker\u00e4t\u00e4 n\u00e4kemyksi\u00e4 palvelun sis\u00e4ll\u00f6st\u00e4 ja varmistaa, ett\u00e4 tuleva tarjouspyynt\u00f6 on selke\u00e4 ja vastaa markkinoiden tarjontaa\u201d, Puolustusvoimista kerrotaan.<\/p>\n<p>Valmisteltava palvelukokonaisuus on noin sadan p\u00e4iv\u00e4n mittainen valmennusprosessi, joka toteutetaan noin 300\u2013350 euron hintaisella liikuntapalvelusetelill\u00e4. Prosessiin on kaavailtu mittauksiin perustuvia alku- ja lopputekstej\u00e4, yksil\u00f6llisi\u00e4 harjoitus- ja ravitsemusohjelmia, tukea mobiilisovelluksessa ja v\u00e4hint\u00e4\u00e4n kolmea henkil\u00f6kohtaista valmennustapaamista.<\/p>\n<p>Aiemmin alokkaita on fyysisen kunnon kehitt\u00e4miseen innostanut my\u00f6s tasavallan presidentti <strong>Alexander Stubb<\/strong>. Stubbin viime kev\u00e4\u00e4n\u00e4 lanseeraama ylip\u00e4\u00e4llik\u00f6n kunto-ohjelma on osoittautunut suosituksi nuorten keskuudessa. Harjoitusohjelma kest\u00e4\u00e4 12 viikkoa.<\/p>\n<p>Liikuntayritt\u00e4j\u00e4t: Innovatiivinen uusi tapa<\/p>\n<p>Liikuntayritt\u00e4j\u00e4t ry:ss\u00e4 uskotaan siihen, ett\u00e4 Puolustustoimien hankinta n\u00e4kyy k\u00e4yt\u00e4nn\u00f6ss\u00e4 nuorten fyysisiss\u00e4 valmiuksissa.<\/p>\n<p>\u2013\u00a0Toimintatapa markkinavuoropuheluineen on innovatiivinen uusi tapa rakentaa kohdennettuja palveluita tarvel\u00e4ht\u00f6isesti kutsuntaik\u00e4isten nuorten fyysisen ja psyykkisen toimintakyvyn parantamiseen. Liikuntapalvelusetelill\u00e4 mallinnamme my\u00f6s uusia k\u00e4ytt\u00f6ymp\u00e4rist\u00f6j\u00e4 palvelusetelille sek\u00e4 julkisen ja yksityisen toimijan yhteisty\u00f6lle, Liikuntayritt\u00e4jien toiminnanjohtaja <strong>Riitta H\u00e4m\u00e4l\u00e4inen-Bister<\/strong> sanoo. <\/p>\n<p>H\u00e4n uskoo, ett\u00e4 liikuntapalveluseteli vaikuttaa my\u00f6nteisesti liikunta-alan ty\u00f6llisyyteen ja liiketoiminnan kasvuun.<\/p>\n<p>\u2013\u00a0On eritt\u00e4in t\u00e4rke\u00e4\u00e4 tukea ja kannustaa nuoria liikunnalliseen el\u00e4m\u00e4ntapaan sek\u00e4 terveyskunnosta huolehtimiseen. Se on kansantalouden, kansanterveyden ja huoltovarmuuden vahvistamista, H\u00e4m\u00e4l\u00e4inen-Bister jatkaa.<\/p>\n<p>\t\t\t\t\t\tVinkkaa meille juttuaihe!<\/p>\n<p>                            Vinkkaa meille juttuaihe!<\/p>\n","protected":false},"excerpt":{"rendered":"Puolustusvoimiin halutaan nykyist\u00e4 parempikuntoisia nuoria.\u00a0 Puolustusvoimat liittyy mukaan kansalliseen Suomi liikkeelle -ohjelmaan ja pyrkii parantamaan armeijan harmaisiin tulevien&hellip;\n","protected":false},"author":2,"featured_media":61396,"comment_status":"","ping_status":"","sticky":false,"template":"","format":"standard","meta":{"footnotes":"","_share_on_mastodon":"0"},"categories":[76],"tags":[79,77,33,31,30,12454,32,78,9441,2479],"class_list":["post-61395","post","type-post","status-publish","format-standard","has-post-thumbnail","category-talous","tag-business","tag-economy","tag-fi","tag-finland","tag-finnish","tag-julkiset-hankinnat","tag-suomi","tag-talous","tag-vastuullisuus","tag-verkostoituminen"],"share_on_mastodon":{"url":"","error":""},"_links":{"self":[{"href":"https:\/\/www.europesays.com\/fi\/wp-json\/wp\/v2\/posts\/61395","targetHints":{"allow":["GET"]}}],"collection":[{"href":"https:\/\/www.europesays.com\/fi\/wp-json\/wp\/v2\/posts"}],"about":[{"href":"https:\/\/www.europesays.com\/fi\/wp-json\/wp\/v2\/types\/post"}],"author":[{"embeddable":true,"href":"https:\/\/www.europesays.com\/fi\/wp-json\/wp\/v2\/users\/2"}],"replies":[{"embeddable":true,"href":"https:\/\/www.europesays.com\/fi\/wp-json\/wp\/v2\/comments?post=61395"}],"version-history":[{"count":0,"href":"https:\/\/www.europesays.com\/fi\/wp-json\/wp\/v2\/posts\/61395\/revisions"}],"wp:featuredmedia":[{"embeddable":true,"href":"https:\/\/www.europesays.com\/fi\/wp-json\/wp\/v2\/media\/61396"}],"wp:attachment":[{"href":"https:\/\/www.europesays.com\/fi\/wp-json\/wp\/v2\/media?parent=61395"}],"wp:term":[{"taxonomy":"category","embeddable":true,"href":"https:\/\/www.europesays.com\/fi\/wp-json\/wp\/v2\/categories?post=61395"},{"taxonomy":"post_tag","embeddable":true,"href":"https:\/\/www.europesays.com\/fi\/wp-json\/wp\/v2\/tags?post=61395"}],"curies":[{"name":"wp","href":"https:\/\/api.w.org\/{rel}","templated":true}]}}