{"id":61505,"date":"2025-10-14T05:13:10","date_gmt":"2025-10-14T05:13:10","guid":{"rendered":"https:\/\/www.europesays.com\/fi\/61505\/"},"modified":"2025-10-14T05:13:10","modified_gmt":"2025-10-14T05:13:10","slug":"michael-schumacherin-kunto-on-muuttunut","status":"publish","type":"post","link":"https:\/\/www.europesays.com\/fi\/61505\/","title":{"rendered":"Michael Schumacherin kunto on muuttunut"},"content":{"rendered":"<p>Ranskalaistoimittaja kommentoi F1-legendan tilannetta.<\/p>\n<p><img decoding=\"async\" class=\"image image-show image-preview\" src=\"https:\/\/www.europesays.com\/fi\/wp-content\/uploads\/2025\/08\/00278bbfef41291115eaa89ea82822102f8f9f2ed2b3849fe61767ceb8de0ab0.jpg\" alt=\"\"\/><img decoding=\"async\" class=\"image image-show\" src=\"https:\/\/www.europesays.com\/fi\/wp-content\/uploads\/2025\/08\/1756199348_782_00278bbfef41291115eaa89ea82822102f8f9f2ed2b3849fe61767ceb8de0ab0.jpg\" alt=\"\"\/><\/p>\n<p>Michael Schumacherin tilannetta arvuutellaan yh\u00e4. ZumaPress\/MVPhotos<\/p>\n<p class=\"paragraph\">Ranskalaislehti L\u2019Equipen toimittaja <strong>Stefan L\u2019Hermitte<\/strong> on esitt\u00e4nyt v\u00e4itteen <a href=\"https:\/\/www.iltalehti.fi\/henkilot\/Michael Schumacher\" class=\"article-link-person-page\" rel=\"nofollow noopener\" target=\"_blank\">Michael Schumacherin<\/a> kunnosta.<\/p>\n<p class=\"paragraph\">L\u2019Hermitte antoi lausuntonsa saksalaiselle RTL-kanavalle.<\/p>\n<p class=\"paragraph\">\u2013 En sanoisi, ett\u00e4 Michael voi hyvin, mutta ehk\u00e4 h\u00e4nen kuntonsa on v\u00e4h\u00e4n kohentunut, toimittaja kertoi.<\/p>\n<p class=\"paragraph\">H\u00e4n kuitenkin korosti, ett\u00e4 varmaa tietoa ei k\u00e4yt\u00e4nn\u00f6ss\u00e4 ole.<\/p>\n<p class=\"paragraph\">\u2013 Ainoat oikeat uutiset tulevat Schumacherin perheelt\u00e4. Ne ovat aina t\u00e4rkeit\u00e4 tietoja, koska niihin voimme luottaa parhaiten. Ulkopuoliset tiedot tuskin ovat kovin luotettavia, L\u2019Hermitte lausui italialaislehti <a href=\"https:\/\/www.corrieredellosport.it\/news\/formula-1\/2025\/10\/13-143782830\/schumacher_l_ultima_indiscrezione_sullo_stato_di_salute_fa_il_giro_del_mondo_un_segno_positivo\" target=\"_blank\" rel=\"noopener nofollow\">Corriere dello Sportin<\/a> mukaan.<\/p>\n<p class=\"paragraph\">\u2013 Emme ole viel\u00e4k\u00e4\u00e4n n\u00e4hneet Michaelin k\u00e4velev\u00e4n, ja tiett\u00e4v\u00e4sti h\u00e4n ei pysty my\u00f6sk\u00e4\u00e4n puhumaan. H\u00e4n pystyy siis yh\u00e4 hengitt\u00e4m\u00e4\u00e4n ja ehk\u00e4 olemaan hieman vuorovaikutuksessa perheens\u00e4 kanssa. Mutta emme voi sanoa varmaksi, ett\u00e4 h\u00e4n voi hyvin, h\u00e4n lis\u00e4si brittilehti <a href=\"https:\/\/www.dailymail.co.uk\/sport\/formulaone\/article-15188071\/Michael-Schumacher-health-update-Formula-One.html\" target=\"_blank\" rel=\"noopener nofollow\">Daily Mailin<\/a> mukaan.<\/p>\n<p class=\"paragraph\">L\u2019Hermitte viittasi puheissaan huhtikuiseen uutiseen, jossa kerrottiin Schumacherin raapustaneen nimens\u00e4 F1-legenda <a href=\"https:\/\/www.iltalehti.fi\/henkilot\/Jackie Stewart\" class=\"article-link-person-page\" rel=\"nofollow noopener\" target=\"_blank\">Sir Jackie Stewartin<\/a> kyp\u00e4r\u00e4\u00e4n.<\/p>\n<p class=\"paragraph\">\u2013 Pitik\u00f6 vaimo h\u00e4nen k\u00e4dest\u00e4\u00e4n kiinni? Emme tied\u00e4 tarkalleen, mutta se oli ensimm\u00e4inen kerta, kun saimme positiivisia merkkej\u00e4 \u2013 jopa elon merkkej\u00e4, L\u2019Hermitte kommentoi.<\/p>\n","protected":false},"excerpt":{"rendered":"Ranskalaistoimittaja kommentoi F1-legendan tilannetta. Michael Schumacherin tilannetta arvuutellaan yh\u00e4. ZumaPress\/MVPhotos Ranskalaislehti L\u2019Equipen toimittaja Stefan L\u2019Hermitte on esitt\u00e4nyt v\u00e4itteen&hellip;\n","protected":false},"author":2,"featured_media":16675,"comment_status":"","ping_status":"","sticky":false,"template":"","format":"standard","meta":{"footnotes":""},"categories":[136],"tags":[35,648,2810,407,137,33,31,30,408,41,83,2811,32,109],"class_list":{"0":"post-61505","1":"post","2":"type-post","3":"status-publish","4":"format-standard","5":"has-post-thumbnail","7":"category-julkkikset","8":"tag-24h","9":"tag-autot","10":"tag-autourheilu-ja-urheiluautot","11":"tag-celebrities","12":"tag-entertainment","13":"tag-fi","14":"tag-finland","15":"tag-finnish","16":"tag-julkkikset","17":"tag-liikunta-ja-urheilu","18":"tag-moottoriurheilu","19":"tag-rata-autoilu","20":"tag-suomi","21":"tag-viihde"},"share_on_mastodon":{"url":"","error":""},"_links":{"self":[{"href":"https:\/\/www.europesays.com\/fi\/wp-json\/wp\/v2\/posts\/61505","targetHints":{"allow":["GET"]}}],"collection":[{"href":"https:\/\/www.europesays.com\/fi\/wp-json\/wp\/v2\/posts"}],"about":[{"href":"https:\/\/www.europesays.com\/fi\/wp-json\/wp\/v2\/types\/post"}],"author":[{"embeddable":true,"href":"https:\/\/www.europesays.com\/fi\/wp-json\/wp\/v2\/users\/2"}],"replies":[{"embeddable":true,"href":"https:\/\/www.europesays.com\/fi\/wp-json\/wp\/v2\/comments?post=61505"}],"version-history":[{"count":0,"href":"https:\/\/www.europesays.com\/fi\/wp-json\/wp\/v2\/posts\/61505\/revisions"}],"wp:featuredmedia":[{"embeddable":true,"href":"https:\/\/www.europesays.com\/fi\/wp-json\/wp\/v2\/media\/16675"}],"wp:attachment":[{"href":"https:\/\/www.europesays.com\/fi\/wp-json\/wp\/v2\/media?parent=61505"}],"wp:term":[{"taxonomy":"category","embeddable":true,"href":"https:\/\/www.europesays.com\/fi\/wp-json\/wp\/v2\/categories?post=61505"},{"taxonomy":"post_tag","embeddable":true,"href":"https:\/\/www.europesays.com\/fi\/wp-json\/wp\/v2\/tags?post=61505"}],"curies":[{"name":"wp","href":"https:\/\/api.w.org\/{rel}","templated":true}]}}