{"id":61511,"date":"2025-10-14T05:25:10","date_gmt":"2025-10-14T05:25:10","guid":{"rendered":"https:\/\/www.europesays.com\/fi\/61511\/"},"modified":"2025-10-14T05:25:10","modified_gmt":"2025-10-14T05:25:10","slug":"katja-stahl-paljastaa-vaietun-asian-suvi-terasniskasta-kimmo-vehvilainen-ei-ole-uskoa-korviaan","status":"publish","type":"post","link":"https:\/\/www.europesays.com\/fi\/61511\/","title":{"rendered":"Katja St\u00e5hl paljastaa vaietun asian Suvi Ter\u00e4sniskasta \u2013 Kimmo Vehvil\u00e4inen ei ole uskoa korviaan"},"content":{"rendered":"<p>Katja St\u00e5hl kertoo Suvi Ter\u00e4sniskan taidosta naurattaa muita.<\/p>\n<p><img decoding=\"async\" class=\"image image-show image-preview\" src=\"https:\/\/www.europesays.com\/fi\/wp-content\/uploads\/2025\/10\/8fb05a774fe20e92f9a59e96981b73c2841ec872327e0e7879b2a1d9097e188a.jpg\" alt=\"\"\/><img decoding=\"async\" class=\"image image-show\" src=\"https:\/\/www.europesays.com\/fi\/wp-content\/uploads\/2025\/10\/1760419510_153_8fb05a774fe20e92f9a59e96981b73c2841ec872327e0e7879b2a1d9097e188a.jpg\" alt=\"\"\/><\/p>\n<p>Katja St\u00e5hl kertoo Suvi Ter\u00e4sniskan olevan todellinen vitsipankki. Pete Anikari<\/p>\n<p class=\"paragraph\"><a href=\"https:\/\/www.iltalehti.fi\/henkilot\/Kimmo Vehvil\u00e4inen\" class=\"article-link-person-page\" rel=\"nofollow noopener\" target=\"_blank\">Kimmo Vehvil\u00e4inen<\/a> ja <a href=\"https:\/\/www.iltalehti.fi\/henkilot\/Katja St\u00e5hl\" class=\"article-link-person-page\" rel=\"nofollow noopener\" target=\"_blank\">Katja St\u00e5hl<\/a> keskustelevat uudessa Saatan olla v\u00e4\u00e4r\u00e4ss\u00e4kin &#8211;<a href=\"https:\/\/share.podimo.com\/episode\/fb734d5f-0e71-44fa-80d2-56bbbd00a941?creatorId=32241539-40e8-4243-a211-0e7ecb8d21b7&amp;key=c5jmll5l3o&amp;source=lx&amp;from=webplayer\" target=\"_blank\" rel=\"noopener nofollow\">podcastin jaksossa<\/a> muun muassa vitseist\u00e4.<\/p>\n<p class=\"paragraph\">Sek\u00e4 Vehvil\u00e4inen ett\u00e4 St\u00e5hl jakavat repertuaarinsa parhaat vitsit toisilleen jakson aikana. Muutaman l\u00e4mmittelyvitsin j\u00e4lkeen St\u00e5hl tekee erityislaatuisen paljastuksen.<\/p>\n<p class=\"paragraph\">\u2013 <a href=\"https:\/\/www.iltalehti.fi\/henkilot\/Suvi Ter\u00e4sniska\" class=\"article-link-person-page\" rel=\"nofollow noopener\" target=\"_blank\">Suvi Ter\u00e4sniskalla<\/a> on kuule aika paljon vitsej\u00e4! St\u00e5hl paljastaa jaksossa.<\/p>\n<p class=\"paragraph\">Vehvil\u00e4inen on hyvin h\u00e4mm\u00e4stynyt kuulemastaan. H\u00e4n ei ole uskoa Ter\u00e4sniskan vitsipankkia.<\/p>\n<p class=\"paragraph\">\u2013 Siit\u00e4 huomaa, ett\u00e4 Suvi Ter\u00e4sniska on a) pohjoisesta, ja b) istunut pikkuisen keikkabussissa, St\u00e5hl lis\u00e4\u00e4.<\/p>\n<p>Katja St\u00e5hl kuuluu El\u00e4m\u00e4ni biisi -viestiryhm\u00e4\u00e4, jossa artistit ja St\u00e5hl jakavat toisilleen parhaimpia vitsej\u00e4\u00e4n. MATTI MATIKAINEN<\/p>\n<p class=\"paragraph\">St\u00e5hl ja Ter\u00e4sniska ovat tutustuneet paremmin El\u00e4m\u00e4ni biisi -ohjelman kuvauksien my\u00f6t\u00e4. St\u00e5hl kertoo olevansa yhteisess\u00e4 viestiryhm\u00e4ss\u00e4 ohjelman artistien kanssa.<\/p>\n<p class=\"paragraph\">\u2013 Joku uutukainen kysyi: \u201dT\u00e4nnek\u00f6 saa niit\u00e4 vitsej\u00e4 laittaa ja kuinka karmeita ne saa olla?\u201d, St\u00e5hl kertoo ryhm\u00e4ss\u00e4 k\u00e4ydyst\u00e4 keskustelusta.<\/p>\n<p class=\"paragraph\">\u2013 Kaikki sanoivat, ett\u00e4 todella karmeita! Suvi sanoi avaavansa ja rupesi tykitt\u00e4m\u00e4\u00e4n sellaista vitsi\u00e4, ett\u00e4 oksat pois! H\u00e4n jatkaa.<\/p>\n<p class=\"paragraph\">Vehvil\u00e4inen pohtii suomalaisten artistien julkisuuskuvaa.<\/p>\n<p class=\"paragraph\">\u2013 Ajattele, ett\u00e4 Suvi ei ole puolella sanallakaan tuonut julkisuuteen edes Vain el\u00e4m\u00e4\u00e4 -ohjelmassa t\u00e4t\u00e4 puolta itsest\u00e4\u00e4n. Mik\u00e4h\u00e4n siin\u00e4 on, ett\u00e4 artistit pit\u00e4v\u00e4t niin tiukasti kiinni? Vehvil\u00e4inen miettii.<\/p>\n<p class=\"paragraph\"><a href=\"https:\/\/www.iltalehti.fi\/henkilot\/Katja St\u00e5hl\" class=\"article-link-person-page\" rel=\"nofollow noopener\" target=\"_blank\">Katja St\u00e5hlin<\/a> ja <a href=\"https:\/\/www.iltalehti.fi\/henkilot\/Kimmo Vehvil\u00e4inen\" class=\"article-link-person-page\" rel=\"nofollow noopener\" target=\"_blank\">Kimmo Vehvil\u00e4isen<\/a> Saatan olla v\u00e4\u00e4r\u00e4ss\u00e4kin -podcast on kuunneltavissa <a href=\"https:\/\/share.podimo.com\/episode\/fb734d5f-0e71-44fa-80d2-56bbbd00a941?creatorId=32241539-40e8-4243-a211-0e7ecb8d21b7&amp;key=c5jmll5l3o&amp;source=lx&amp;from=webplayer\" target=\"_blank\" rel=\"noopener nofollow\">Podimossa<\/a>.<\/p>\n","protected":false},"excerpt":{"rendered":"Katja St\u00e5hl kertoo Suvi Ter\u00e4sniskan taidosta naurattaa muita. Katja St\u00e5hl kertoo Suvi Ter\u00e4sniskan olevan todellinen vitsipankki. Pete Anikari&hellip;\n","protected":false},"author":2,"featured_media":61512,"comment_status":"","ping_status":"","sticky":false,"template":"","format":"standard","meta":{"footnotes":""},"categories":[14],"tags":[35,138,22,23,26,27,33,31,30,17,24,25,525,28,29,47,141,15,18,21,32,484,19,20,56,16,59,60,61],"class_list":{"0":"post-61511","1":"post","2":"type-post","3":"status-publish","4":"format-standard","5":"has-post-thumbnail","7":"category-ulkomaat","8":"tag-24h","9":"tag-audio","10":"tag-breaking-news","11":"tag-breakingnews","12":"tag-featured-news","13":"tag-featurednews","14":"tag-fi","15":"tag-finland","16":"tag-finnish","17":"tag-headlines","18":"tag-latest-news","19":"tag-latestnews","20":"tag-laulaminen-ja-laulajat","21":"tag-main-news","22":"tag-mainnews","23":"tag-musiikki","24":"tag-muusikot-bandit","25":"tag-news","26":"tag-otsikot","27":"tag-paauutiset","28":"tag-suomi","29":"tag-taiteellinen-ilmaisu-ja-mediat","30":"tag-top-stories","31":"tag-topstories","32":"tag-ulkomaat","33":"tag-uutiset","34":"tag-world","35":"tag-world-news","36":"tag-worldnews"},"share_on_mastodon":{"url":"","error":""},"_links":{"self":[{"href":"https:\/\/www.europesays.com\/fi\/wp-json\/wp\/v2\/posts\/61511","targetHints":{"allow":["GET"]}}],"collection":[{"href":"https:\/\/www.europesays.com\/fi\/wp-json\/wp\/v2\/posts"}],"about":[{"href":"https:\/\/www.europesays.com\/fi\/wp-json\/wp\/v2\/types\/post"}],"author":[{"embeddable":true,"href":"https:\/\/www.europesays.com\/fi\/wp-json\/wp\/v2\/users\/2"}],"replies":[{"embeddable":true,"href":"https:\/\/www.europesays.com\/fi\/wp-json\/wp\/v2\/comments?post=61511"}],"version-history":[{"count":0,"href":"https:\/\/www.europesays.com\/fi\/wp-json\/wp\/v2\/posts\/61511\/revisions"}],"wp:featuredmedia":[{"embeddable":true,"href":"https:\/\/www.europesays.com\/fi\/wp-json\/wp\/v2\/media\/61512"}],"wp:attachment":[{"href":"https:\/\/www.europesays.com\/fi\/wp-json\/wp\/v2\/media?parent=61511"}],"wp:term":[{"taxonomy":"category","embeddable":true,"href":"https:\/\/www.europesays.com\/fi\/wp-json\/wp\/v2\/categories?post=61511"},{"taxonomy":"post_tag","embeddable":true,"href":"https:\/\/www.europesays.com\/fi\/wp-json\/wp\/v2\/tags?post=61511"}],"curies":[{"name":"wp","href":"https:\/\/api.w.org\/{rel}","templated":true}]}}