{"id":61513,"date":"2025-10-14T05:26:08","date_gmt":"2025-10-14T05:26:08","guid":{"rendered":"https:\/\/www.europesays.com\/fi\/61513\/"},"modified":"2025-10-14T05:26:08","modified_gmt":"2025-10-14T05:26:08","slug":"hangon-kaupunginhallitus-saatetaan-erottaa-taustalla-sture-fjaderin-vaitetyt-toimet-uusimaa","status":"publish","type":"post","link":"https:\/\/www.europesays.com\/fi\/61513\/","title":{"rendered":"Hangon kaupunginhallitus saatetaan erottaa \u2013 taustalla Sture Fj\u00e4derin v\u00e4itetyt toimet | Uusimaa"},"content":{"rendered":"<p class=\"aw-1gybjub aw-5vja16 ghpEtB kjanFo yle__article__paragraph\">Hangon kaupunginhallitus pyyt\u00e4\u00e4 valtuustoa arvioimaan hallituksen luottamusta.<\/p>\n<p><img decoding=\"async\" alt=\"Akavan puheenjohtaja Stude Fj\u00e4der piti 20. kes\u00e4kuuta 2022 tiedotustilaisuuden medialle.\" src=\"https:\/\/www.europesays.com\/fi\/wp-content\/uploads\/2025\/10\/39-97251462b05715271d0.jpeg\" class=\"aw-1l9m598 hKVVvP\"\/><\/p>\n<p>Avaa kuvien katselu<\/p>\n<p>Hangon kaupunginhallituksen ja valtuuston j\u00e4sen Sture Fj\u00e4der. Kuva: Silja Viitala \/ Yle<\/p>\n<p class=\"aw-1gybjub aw-1p7kakr ghpEtB jtovHP yle__article__paragraph\">Hangon kaupunginhallitus on ehdottanut eilisess\u00e4 kokouksessaan valtuustolle valiokunnan perustamista, joka voi tarvittaessa valmistella kaupunginhallituksen erottamista.<\/p>\n<p class=\"aw-1gybjub aw-1p7kakr ghpEtB jtovHP yle__article__paragraph\">Luottamuksen arviointi liittyy kaupunginhallituksen j\u00e4senen, kokoomusvaltuutettu <strong class=\"aw-ak79eh KyCXm yle__article__strong\">Sture Fj\u00e4derin<\/strong> toimiin.<\/p>\n<p class=\"aw-1gybjub aw-1p7kakr ghpEtB jtovHP yle__article__paragraph\">Kaupunginhallitus pyysi viime kuussa Fj\u00e4derilt\u00e4 selvityksen h\u00e4nen toiminnastaan luottamusteht\u00e4v\u00e4ss\u00e4.<\/p>\n<p class=\"aw-1gybjub aw-1p7kakr ghpEtB jtovHP yle__article__paragraph\">Selvityspyynn\u00f6n mukaan Fj\u00e4der on julkaissut luottamuksellisia tietoja netiss\u00e4, painostanut viranhaltijaa sek\u00e4 yritt\u00e4nyt vaikuttaa p\u00e4\u00e4t\u00f6svalmisteluun.<\/p>\n<p class=\"aw-1gybjub aw-1p7kakr ghpEtB jtovHP yle__article__paragraph\">Fj\u00e4der on kiist\u00e4nyt toimineensa v\u00e4\u00e4rin.<\/p>\n<p>Vaikea p\u00e4\u00e4t\u00f6s<\/p>\n<p class=\"aw-1gybjub aw-1p7kakr ghpEtB jtovHP yle__article__paragraph\">Puhelimitse tavoitetun Hangon kaupunginhallituksen puheenjohtajan <strong class=\"aw-ak79eh KyCXm yle__article__strong\">Edvard Lindforsin<\/strong> (rkp.) mukaan kaupunginhallituksen erottamisen kaltaisia p\u00e4\u00e4t\u00f6ksi\u00e4 ei tehd\u00e4 helpolla.<\/p>\n<p class=\"aw-1gybjub aw-1p7kakr ghpEtB jtovHP yle__article__paragraph\">\u2013 Hangon kohdalla t\u00e4ss\u00e4 on t\u00e4rke\u00e4\u00e4 saada p\u00e4\u00e4t\u00f6s, jotta meill\u00e4 olisi toimintakykyinen kaupunginhallitus.<\/p>\n<p class=\"aw-1gybjub aw-1p7kakr ghpEtB jtovHP yle__article__paragraph\">Asiaa puitaneen seuraavan kerran ensi kuussa. Kaupunginvaltuusto on p\u00e4\u00e4tt\u00e4nyt pyyt\u00e4\u00e4 valiokunnalta esityksen 25.11.2025 valtuuston kokoukseen.<\/p>\n<p class=\"aw-1gybjub aw-1p7kakr ghpEtB jtovHP yle__article__paragraph\">Kaupunginhallituksen erottamisia tapahtuu Suomessa jonkin verran. Viime vuonna \u00c4ht\u00e4rin kaupunginvaltuusto <a class=\"aw-iao6s4 iHOxEa yle__article__link\" href=\"https:\/\/yle.fi\/a\/74-20119257\" role=\"link\" rel=\"nofollow noopener\" target=\"_blank\">erotti<\/a> kaupunginhallituksen. Toissa vuonna taas kaupunginhallitus <a class=\"aw-iao6s4 iHOxEa yle__article__link\" href=\"https:\/\/yle.fi\/a\/74-20049600\" role=\"link\" rel=\"nofollow noopener\" target=\"_blank\">erotettiin<\/a> Yl\u00f6j\u00e4rvell\u00e4.<\/p>\n<p class=\"aw-1gybjub aw-1p7kakr ghpEtB jtovHP yle__article__paragraph\">Vuonna 2022 kaupunginhallitus <a class=\"aw-iao6s4 iHOxEa yle__article__link\" href=\"https:\/\/yle.fi\/a\/3-12513885\" role=\"link\" rel=\"nofollow noopener\" target=\"_blank\">erotettiin<\/a> Ikaalisissa yhden j\u00e4senen somekirjoittelun takia.<\/p>\n","protected":false},"excerpt":{"rendered":"Hangon kaupunginhallitus pyyt\u00e4\u00e4 valtuustoa arvioimaan hallituksen luottamusta. Avaa kuvien katselu Hangon kaupunginhallituksen ja valtuuston j\u00e4sen Sture Fj\u00e4der. Kuva:&hellip;\n","protected":false},"author":2,"featured_media":61514,"comment_status":"","ping_status":"","sticky":false,"template":"","format":"standard","meta":{"footnotes":""},"categories":[12],"tags":[14268,13982,22,23,26,27,33,31,30,5263,17,14267,71,1835,4739,24,25,14269,28,29,15,18,21,637,14270,32,19,20,1168,16],"class_list":{"0":"post-61513","1":"post","2":"type-post","3":"status-publish","4":"format-standard","5":"has-post-thumbnail","7":"category-suomi","8":"tag-aluehallinto","9":"tag-aluepolitiikka","10":"tag-breaking-news","11":"tag-breakingnews","12":"tag-featured-news","13":"tag-featurednews","14":"tag-fi","15":"tag-finland","16":"tag-finnish","17":"tag-hanko","18":"tag-headlines","19":"tag-kaupunginhallitukset","20":"tag-kotimaa","21":"tag-kunnallishallinto","22":"tag-kunnanvaltuustot","23":"tag-latest-news","24":"tag-latestnews","25":"tag-luottamustehtavat","26":"tag-main-news","27":"tag-mainnews","28":"tag-news","29":"tag-otsikot","30":"tag-paauutiset","31":"tag-politiikka","32":"tag-sture-fjader","33":"tag-suomi","34":"tag-top-stories","35":"tag-topstories","36":"tag-uusimaa","37":"tag-uutiset"},"share_on_mastodon":{"url":"","error":""},"_links":{"self":[{"href":"https:\/\/www.europesays.com\/fi\/wp-json\/wp\/v2\/posts\/61513","targetHints":{"allow":["GET"]}}],"collection":[{"href":"https:\/\/www.europesays.com\/fi\/wp-json\/wp\/v2\/posts"}],"about":[{"href":"https:\/\/www.europesays.com\/fi\/wp-json\/wp\/v2\/types\/post"}],"author":[{"embeddable":true,"href":"https:\/\/www.europesays.com\/fi\/wp-json\/wp\/v2\/users\/2"}],"replies":[{"embeddable":true,"href":"https:\/\/www.europesays.com\/fi\/wp-json\/wp\/v2\/comments?post=61513"}],"version-history":[{"count":0,"href":"https:\/\/www.europesays.com\/fi\/wp-json\/wp\/v2\/posts\/61513\/revisions"}],"wp:featuredmedia":[{"embeddable":true,"href":"https:\/\/www.europesays.com\/fi\/wp-json\/wp\/v2\/media\/61514"}],"wp:attachment":[{"href":"https:\/\/www.europesays.com\/fi\/wp-json\/wp\/v2\/media?parent=61513"}],"wp:term":[{"taxonomy":"category","embeddable":true,"href":"https:\/\/www.europesays.com\/fi\/wp-json\/wp\/v2\/categories?post=61513"},{"taxonomy":"post_tag","embeddable":true,"href":"https:\/\/www.europesays.com\/fi\/wp-json\/wp\/v2\/tags?post=61513"}],"curies":[{"name":"wp","href":"https:\/\/api.w.org\/{rel}","templated":true}]}}