{"id":61521,"date":"2025-10-14T05:41:07","date_gmt":"2025-10-14T05:41:07","guid":{"rendered":"https:\/\/www.europesays.com\/fi\/61521\/"},"modified":"2025-10-14T05:41:07","modified_gmt":"2025-10-14T05:41:07","slug":"helsinkilaisen-tomi-pyyhtian-esikoisrunokokoelmassa-kuljetaan-koiraystavan-vierella","status":"publish","type":"post","link":"https:\/\/www.europesays.com\/fi\/61521\/","title":{"rendered":"Helsinkil\u00e4isen Tomi Pyyhti\u00e4n esikoisrunokokoelmassa kuljetaan koirayst\u00e4v\u00e4n vierell\u00e4"},"content":{"rendered":"<p><strong><\/p>\n<p>Odota minua niityll\u00e4 on intiimi ja rehellinen runokokoelma miehest\u00e4, joka vanhenee yhdess\u00e4 parhaan yst\u00e4v\u00e4ns\u00e4 kanssa, koiran, joka kulkee rinnalla ilman ehtoja, ilman sanoja, mutta aina oikeaan aikaan.<\/p>\n<p><\/strong><\/p>\n<p><strong>Tomi Pyyhti\u00e4n<\/strong> runokokoelma Odota minua niityll\u00e4 on julkaistu Momentum Kirjojen kustantamana.<\/p>\n<p>Runot kertovat el\u00e4m\u00e4st\u00e4 kahden olennon v\u00e4lill\u00e4, jotka ymm\u00e4rt\u00e4v\u00e4t toisiaan hiljaisuudessa, ja jakavat arjen, vanhuuden, hyv\u00e4stit ja toivon. Suru ei t\u00e4ss\u00e4 kirjassa ole raskas, vaan rakkauden mittainen. Epilogi johdattaa lempe\u00e4sti uuteen alkuun: siihen hetkeen, kun syd\u00e4n saattaa olla valmis taas, ei korvaamaan, vaan rakastamaan uudelleen.<\/p>\n<p>T\u00e4m\u00e4 runokokoelma on kirjoitettu jokaiselle, joka on saanut el\u00e4\u00e4 koiran tai kissan kanssa, ja jokaiselle, joka on joutunut p\u00e4\u00e4st\u00e4m\u00e4\u00e4n irti.<\/p>\n<p><strong>Tomi Pyyhti\u00e4<\/strong> (s. 1976) on helsinkil\u00e4inen tietokirjailija ja yritt\u00e4j\u00e4. H\u00e4n on kirjoittanut ja tuottanut kuusi tietokirjaa, mm. Vihaan myynti\u00e4! (Alma Talent 2023) ja Suomen selk\u00e4ranka (Tammi 2025). Odota minua niityll\u00e4 on h\u00e4nen ensimm\u00e4inen runokokoelmansa.<\/p>\n<p>PYYHTI\u00c4, TOMI : Odota minua niityll\u00e4<br \/>112 sivua<br \/>Nidottu, pehme\u00e4kantinen<br \/>ISBN 9789524172509<br \/>Ilmestymisaika: Lokakuu 2025<\/p>\n<p><strong>Arvostelukappaleet, pressikuvat ja haastattelupyynn\u00f6t<\/strong><\/p>\n<p>L\u00e4het\u00e4mme pyynn\u00f6st\u00e4 arvostelukappaleen teoksesta joko painettuna tai s\u00e4hk\u00f6postitse. Arvostelukappalepyynn\u00f6t, haastattelupyynn\u00f6t sek\u00e4 tiedustelut pressikuvista voi l\u00e4hett\u00e4\u00e4 osoitteeseen <a href=\"https:\/\/www.sttinfo.fi\/tiedote\/71523326\/mailto:info@momentumkirjat.fi\" rel=\"nofollow noopener\" target=\"_blank\">info@momentumkirjat.fi<\/a>.\u00a0<\/p>\n<p>Vuonna 2023 perustettu Momentum Kirjat kuuluu Aviador Oy:hyn, kuten my\u00f6s vuonna 2012 perustettu Aviador Kustannus.<\/p>\n","protected":false},"excerpt":{"rendered":"Odota minua niityll\u00e4 on intiimi ja rehellinen runokokoelma miehest\u00e4, joka vanhenee yhdess\u00e4 parhaan yst\u00e4v\u00e4ns\u00e4 kanssa, koiran, joka kulkee&hellip;\n","protected":false},"author":2,"featured_media":61522,"comment_status":"","ping_status":"","sticky":false,"template":"","format":"standard","meta":{"footnotes":""},"categories":[134],"tags":[377,137,33,31,30,378,32,109],"class_list":{"0":"post-61521","1":"post","2":"type-post","3":"status-publish","4":"format-standard","5":"has-post-thumbnail","7":"category-kirjat","8":"tag-books","9":"tag-entertainment","10":"tag-fi","11":"tag-finland","12":"tag-finnish","13":"tag-kirjat","14":"tag-suomi","15":"tag-viihde"},"share_on_mastodon":{"url":"","error":""},"_links":{"self":[{"href":"https:\/\/www.europesays.com\/fi\/wp-json\/wp\/v2\/posts\/61521","targetHints":{"allow":["GET"]}}],"collection":[{"href":"https:\/\/www.europesays.com\/fi\/wp-json\/wp\/v2\/posts"}],"about":[{"href":"https:\/\/www.europesays.com\/fi\/wp-json\/wp\/v2\/types\/post"}],"author":[{"embeddable":true,"href":"https:\/\/www.europesays.com\/fi\/wp-json\/wp\/v2\/users\/2"}],"replies":[{"embeddable":true,"href":"https:\/\/www.europesays.com\/fi\/wp-json\/wp\/v2\/comments?post=61521"}],"version-history":[{"count":0,"href":"https:\/\/www.europesays.com\/fi\/wp-json\/wp\/v2\/posts\/61521\/revisions"}],"wp:featuredmedia":[{"embeddable":true,"href":"https:\/\/www.europesays.com\/fi\/wp-json\/wp\/v2\/media\/61522"}],"wp:attachment":[{"href":"https:\/\/www.europesays.com\/fi\/wp-json\/wp\/v2\/media?parent=61521"}],"wp:term":[{"taxonomy":"category","embeddable":true,"href":"https:\/\/www.europesays.com\/fi\/wp-json\/wp\/v2\/categories?post=61521"},{"taxonomy":"post_tag","embeddable":true,"href":"https:\/\/www.europesays.com\/fi\/wp-json\/wp\/v2\/tags?post=61521"}],"curies":[{"name":"wp","href":"https:\/\/api.w.org\/{rel}","templated":true}]}}