{"id":61541,"date":"2025-10-14T06:05:10","date_gmt":"2025-10-14T06:05:10","guid":{"rendered":"https:\/\/www.europesays.com\/fi\/61541\/"},"modified":"2025-10-14T06:05:10","modified_gmt":"2025-10-14T06:05:10","slug":"samuel-kujala-hyytavassa-roolissa-karkurit-sarjassa","status":"publish","type":"post","link":"https:\/\/www.europesays.com\/fi\/61541\/","title":{"rendered":"Samuel Kujala hyyt\u00e4v\u00e4ss\u00e4 roolissa Karkurit-sarjassa"},"content":{"rendered":"<p>\n            Samuel n\u00e4yttelee Nikoa ja Tuulia Sirua.<br \/>\n            Elisa Kantola\n        <\/p>\n<p class=\"subtitle \">Karkurit-sarjaan ilmestyy tutun n\u00e4k\u00f6inen, mukavalta vaikuttava nuorukainen, jossa on kuitenkin jotain pahasti pieless\u00e4. Varoitus! Juttu perustuu juonipaljastuksiin.<\/p>\n<p class=\"article-content article-content-width !bg-background\">Parhaillaan Jossain on valo joka ei sammu -elokuvasta kiitosta ker\u00e4\u00e4v\u00e4 <a href=\"https:\/\/fi.wikipedia.org\/wiki\/Samuel_Kujala\" target=\"_blank\" rel=\"nofollow noopener\">Samuel Kujala<\/a> on maamme nousevia nuoria leffat\u00e4hti\u00e4. Dingo-leffassakin yhtyeen kosketinsoittajaa  esitt\u00e4nyt Samuel n\u00e4hd\u00e4\u00e4n my\u00f6s Karkurit-sarjassa, jossa h\u00e4nell\u00e4 on hyyt\u00e4v\u00e4 rooli.\u00a0<\/p>\n<p>        <a itemprop=\"url\" href=\"https:\/\/www.seiska.fi\/katso\/elokuva-arvostelu-dingo-elokuva-levoton-tuhkimo-selattaa-useimmat-rock-historiikit\/1539059\" rel=\"nofollow noopener\" target=\"_blank\"><\/p>\n<p class=\"section-date\">\n        <strong class=\"article-section\" data-section=\"katso\"><br \/>\n            katso<br \/>\n        <\/strong><br \/>\n        23.12.2024 07:15\n    <\/p>\n<p>Elokuva-arvostelu: Dingo-elokuva Levoton tuhkimo sel\u00e4tt\u00e4\u00e4 useimmat rock-historiikit\n    <\/p>\n<p itemprop=\"description\" class=\"subtitle \">\n    Dingo-elokuva saa ensi-iltansa joulup\u00e4iv\u00e4n\u00e4.\n<\/p>\n<p>        <\/a><\/p>\n<p class=\"article-content article-content-width !bg-background\">Samuel esitt\u00e4\u00e4 h\u00e4m\u00e4r\u00e4\u00e4 Alex-nimist\u00e4 nuorukaista, joka on houkutellut karkuritiimin Tommin teini-ik\u00e4isen Bianca-tytt\u00e4ren k\u00e4mpilleen. Tommi alkaa olla huolissaan, kun Bianca ei vastaa viesteihin eik\u00e4 ole tullut y\u00f6ksi kotiin. Alexin k\u00e4mpill\u00e4 Biancalle alkaa selvit\u00e4 karu totuus uudesta nettiyst\u00e4v\u00e4st\u00e4, jota ei ole edes olemassa. Olemattoman nettiyst\u00e4v\u00e4n veljeksi tekeytynyt Alex ei p\u00e4\u00e4st\u00e4 Biancaa l\u00e4htem\u00e4\u00e4n asunnosta.<\/p>\n<p>        <a itemprop=\"url\" href=\"https:\/\/www.seiska.fi\/katso\/elokuva-arvostelu-huijarit-on-sujuvaa-veijarikomediaa-mutta-paaparilta-on-kemia-kateissa\/1226004\" rel=\"nofollow noopener\" target=\"_blank\"><\/p>\n<p class=\"section-date\">\n        <strong class=\"article-section\" data-section=\"katso\"><br \/>\n            katso<br \/>\n        <\/strong><br \/>\n        26.12.2023 09:15\n    <\/p>\n<p>Elokuva-arvostelu: Huijarit on sujuvaa veijarikomediaa, mutta p\u00e4\u00e4parilta on kemia kateissa\n    <\/p>\n<p itemprop=\"description\" class=\"subtitle \">\n    Klassisten huijarikomedioiden hengess\u00e4 kulkeva Huijarit saa ensi-iltansa elokuvateattereissa tiistaina 26. joulukuuta.\n<\/p>\n<p>        <\/a><\/p>\n<p>Lori p\u00e4\u00e4see kent\u00e4lle<\/p>\n<p class=\"article-content article-content-width !bg-background\">Samaan aikaan tiimin pit\u00e4\u00e4 l\u00f6yt\u00e4\u00e4 turkkilainen mies, jota ep\u00e4ill\u00e4\u00e4n terroristiksi. Ryhm\u00e4n kuopuksella Lorilla on etsinn\u00e4ss\u00e4 iso rooli, ja h\u00e4n p\u00e4\u00e4see kerrankin kent\u00e4lle kun ryhm\u00e4 tekee poliisin iskujoukon kanssa ratsian er\u00e4\u00e4seen moskeijaan. Sielt\u00e4 l\u00f6ytyv\u00e4 nainen kertoo my\u00f6hemmin Lorille olevansa etsityn miehen vaimo ja huolissaan miehest\u00e4\u00e4n, jonka Turkin hallituksen agentit kuulemma aikovat kaapata takaisin Turkkiin.<\/p>\n<p>Eeli tunnustaa<\/p>\n<p class=\"article-content article-content-width !bg-background\">Lori tapaa my\u00f6s Eelin, joka tunnustaa olleensa vankilapaon takana.<\/p>\n<p class=\"article-content article-content-width !bg-background\">Ty\u00f6n touhussa taas mukana oleva Santi tuntuu s\u00e4ikkyv\u00e4n v\u00e4h\u00e4n kaikkea. Kun ryhm\u00e4 menee etsim\u00e4\u00e4n kohdetta satamasta, Santi todistaa ampumav\u00e4likohtausta, muttei tee mit\u00e4\u00e4n.<\/p>\n<p class=\"italic m-italic article-content article-content-width !bg-background\">Karkurit MTV3:ssa maanantaisin kello 21. Kaikki kaksi kautta katsottavissa jo MTV3 Katsomossa.<\/p>\n<p>        <a itemprop=\"url\" href=\"https:\/\/www.seiska.fi\/katso\/cannesin-valloittanut-raumalaisdraama-on-yksi-viime-vuosien-parhaista-kotimaisista\/1920779\" rel=\"nofollow noopener\" target=\"_blank\"><\/p>\n<p>\nElokuva-arvio\n<\/p>\n<p class=\"section-date\">\n        <strong class=\"article-section\" data-section=\"katso\"><br \/>\n            katso<br \/>\n        <\/strong><br \/>\n        11.9. 13:45\n    <\/p>\n<p>Cannesin valloittanut raumalaisdraama on yksi viime vuosien parhaista kotimaisista\n    <\/p>\n<p itemprop=\"description\" class=\"subtitle \">\n    Jossain on valo joka ei sammu saa ensi-iltansa elokuvateattereissa perjantaina 12. syyskuuta.\n<\/p>\n<p>        <\/a><\/p>\n","protected":false},"excerpt":{"rendered":"Samuel n\u00e4yttelee Nikoa ja Tuulia Sirua. Elisa Kantola Karkurit-sarjaan ilmestyy tutun n\u00e4k\u00f6inen, mukavalta vaikuttava nuorukainen, jossa on kuitenkin&hellip;\n","protected":false},"author":2,"featured_media":61542,"comment_status":"","ping_status":"","sticky":false,"template":"","format":"standard","meta":{"footnotes":""},"categories":[136],"tags":[407,14272,623,137,33,31,30,408,11191,9371,14271,32,5715,4679,109],"class_list":{"0":"post-61541","1":"post","2":"type-post","3":"status-publish","4":"format-standard","5":"has-post-thumbnail","7":"category-julkkikset","8":"tag-celebrities","9":"tag-dingo","10":"tag-elokuva","11":"tag-entertainment","12":"tag-fi","13":"tag-finland","14":"tag-finnish","15":"tag-julkkikset","16":"tag-karkurit","17":"tag-samuel-kujala","18":"tag-stalkkeri","19":"tag-suomi","20":"tag-terrorismi","21":"tag-vapaudenriisto","22":"tag-viihde"},"share_on_mastodon":{"url":"","error":""},"_links":{"self":[{"href":"https:\/\/www.europesays.com\/fi\/wp-json\/wp\/v2\/posts\/61541","targetHints":{"allow":["GET"]}}],"collection":[{"href":"https:\/\/www.europesays.com\/fi\/wp-json\/wp\/v2\/posts"}],"about":[{"href":"https:\/\/www.europesays.com\/fi\/wp-json\/wp\/v2\/types\/post"}],"author":[{"embeddable":true,"href":"https:\/\/www.europesays.com\/fi\/wp-json\/wp\/v2\/users\/2"}],"replies":[{"embeddable":true,"href":"https:\/\/www.europesays.com\/fi\/wp-json\/wp\/v2\/comments?post=61541"}],"version-history":[{"count":0,"href":"https:\/\/www.europesays.com\/fi\/wp-json\/wp\/v2\/posts\/61541\/revisions"}],"wp:featuredmedia":[{"embeddable":true,"href":"https:\/\/www.europesays.com\/fi\/wp-json\/wp\/v2\/media\/61542"}],"wp:attachment":[{"href":"https:\/\/www.europesays.com\/fi\/wp-json\/wp\/v2\/media?parent=61541"}],"wp:term":[{"taxonomy":"category","embeddable":true,"href":"https:\/\/www.europesays.com\/fi\/wp-json\/wp\/v2\/categories?post=61541"},{"taxonomy":"post_tag","embeddable":true,"href":"https:\/\/www.europesays.com\/fi\/wp-json\/wp\/v2\/tags?post=61541"}],"curies":[{"name":"wp","href":"https:\/\/api.w.org\/{rel}","templated":true}]}}