{"id":61549,"date":"2025-10-14T06:10:07","date_gmt":"2025-10-14T06:10:07","guid":{"rendered":"https:\/\/www.europesays.com\/fi\/61549\/"},"modified":"2025-10-14T06:10:07","modified_gmt":"2025-10-14T06:10:07","slug":"brad-pittin-viime-kesan-f1-elokuva-tulee-vihdoinkin-suoratoistoon","status":"publish","type":"post","link":"https:\/\/www.europesays.com\/fi\/61549\/","title":{"rendered":"Brad Pittin viime kes\u00e4n F1-elokuva tulee vihdoinkin suoratoistoon"},"content":{"rendered":"<p>Kuva: \u00a9 2025 Warner Bros. Entertainment Inc.<\/p>\n<p>Formulaelokuvien Top Gun on j\u00e4ttihitti.<\/p>\n<p>Applen viime kes\u00e4kuun lopussa teatteriensi-iltansa saanut <a href=\"https:\/\/muropaketti.com\/avainsana\/brad-pitt\/\" rel=\"nofollow noopener\" target=\"_blank\">Brad Pittin<\/a>\u00a0t\u00e4hditt\u00e4m\u00e4 ja Joseph Kosinskin ohjaama F1-hittielokuva saapuu vihdoinkin my\u00f6s suoratoistoon. Formulaleffan voi katsoa Apple TV+:sta kuukausimaksua vastaan 12. joulukuuta alkaen. <\/p>\n<p>Elokuvan digitaalinen vuokra- ja ostoversio l\u00f6ytyy jo kaikista yleisimmist\u00e4 vod-palveluista.<\/p>\n<p>Warner Brosin teattereihin levitt\u00e4m\u00e4ss\u00e4 leffassa n\u00e4hd\u00e4\u00e4n my\u00f6s muun muassa Damson Idris, Kerry Condon, Tobias Menzies, Kim Bodnia ja Javier Bardem. F1 tienasi valkokangaskierrokselleen reilut 629 miljoonaa dollaria.<\/p>\n<p>Muropaketin arvostelussa F1 sai 2,5 t\u00e4hte\u00e4 ja siit\u00e4 todettiin muun muassa seuraavaa:<\/p>\n<p>\u201dBrad Pittin t\u00e4hditt\u00e4m\u00e4 F1 on l\u00e4hes pelkk\u00e4\u00e4 tyylik\u00e4st\u00e4 pintaa. Toimintakohtauksiltaan \u00e4\u00e4rimm\u00e4isen komea elokuva j\u00e4tt\u00e4\u00e4 j\u00e4lkeens\u00e4 hyvinkin onton olon.\u201d<\/p>\n","protected":false},"excerpt":{"rendered":"Kuva: \u00a9 2025 Warner Bros. Entertainment Inc. Formulaelokuvien Top Gun on j\u00e4ttihitti. Applen viime kes\u00e4kuun lopussa teatteriensi-iltansa saanut&hellip;\n","protected":false},"author":2,"featured_media":61550,"comment_status":"","ping_status":"","sticky":false,"template":"","format":"standard","meta":{"footnotes":""},"categories":[131],"tags":[5097,1294,155,137,5717,12250,33,173,31,30,10629,172,32,109],"class_list":{"0":"post-61549","1":"post","2":"type-post","3":"status-publish","4":"format-standard","5":"has-post-thumbnail","7":"category-elokuvat","8":"tag-apple-tv","9":"tag-brad-pitt","10":"tag-elokuvat","11":"tag-entertainment","12":"tag-f1","13":"tag-f1-elokuva","14":"tag-fi","15":"tag-film","16":"tag-finland","17":"tag-finnish","18":"tag-joseph-kosinski","19":"tag-movies","20":"tag-suomi","21":"tag-viihde"},"share_on_mastodon":{"url":"","error":""},"_links":{"self":[{"href":"https:\/\/www.europesays.com\/fi\/wp-json\/wp\/v2\/posts\/61549","targetHints":{"allow":["GET"]}}],"collection":[{"href":"https:\/\/www.europesays.com\/fi\/wp-json\/wp\/v2\/posts"}],"about":[{"href":"https:\/\/www.europesays.com\/fi\/wp-json\/wp\/v2\/types\/post"}],"author":[{"embeddable":true,"href":"https:\/\/www.europesays.com\/fi\/wp-json\/wp\/v2\/users\/2"}],"replies":[{"embeddable":true,"href":"https:\/\/www.europesays.com\/fi\/wp-json\/wp\/v2\/comments?post=61549"}],"version-history":[{"count":0,"href":"https:\/\/www.europesays.com\/fi\/wp-json\/wp\/v2\/posts\/61549\/revisions"}],"wp:featuredmedia":[{"embeddable":true,"href":"https:\/\/www.europesays.com\/fi\/wp-json\/wp\/v2\/media\/61550"}],"wp:attachment":[{"href":"https:\/\/www.europesays.com\/fi\/wp-json\/wp\/v2\/media?parent=61549"}],"wp:term":[{"taxonomy":"category","embeddable":true,"href":"https:\/\/www.europesays.com\/fi\/wp-json\/wp\/v2\/categories?post=61549"},{"taxonomy":"post_tag","embeddable":true,"href":"https:\/\/www.europesays.com\/fi\/wp-json\/wp\/v2\/tags?post=61549"}],"curies":[{"name":"wp","href":"https:\/\/api.w.org\/{rel}","templated":true}]}}