{"id":61580,"date":"2025-10-14T06:40:08","date_gmt":"2025-10-14T06:40:08","guid":{"rendered":"https:\/\/www.europesays.com\/fi\/61580\/"},"modified":"2025-10-14T06:40:08","modified_gmt":"2025-10-14T06:40:08","slug":"susikanta-on-vahvistunut-siikajokivarressa-ainakin-nelja-reviiria","status":"publish","type":"post","link":"https:\/\/www.europesays.com\/fi\/61580\/","title":{"rendered":"Susikanta on vahvistunut \u2013 Siikajokivarressa ainakin nelj\u00e4 reviiri\u00e4"},"content":{"rendered":"<p>\n Suomen susikanta on kasvanut. Luonnonvarakeskuksen (Luke) arvion mukaan maaliskuussa Suomessa oli 430 sutta, kun vuoden 2024 kev\u00e4\u00e4ll\u00e4 arvio oli 295 sutta, eli kanta on kasvanut 46 prosentilla.\n <\/p>\n<p>\n Susilauman tai -parin asuttamina reviirej\u00e4 Suomessa on arvion mukaan t\u00e4n\u00e4 vuonna 76, viime vuonna niit\u00e4 Luke arvioi olevan 62.\n <\/p>\n<p class=\"article__paragraph\">\n Susikanta on pienimmill\u00e4\u00e4n maaliskuussa ennen pentujen syntymist\u00e4 ja suurimmillaan marraskuussa. T\u00e4m\u00e4n vuoden marraskuun kannaksi Luke ennustaa 476\u2013669 yksil\u00f6\u00e4.\n <\/p>\n<p class=\"article__paragraph\">\n Susien lis\u00e4\u00e4ntyminen n\u00e4kyy my\u00f6s Siikajokivarressa.<\/p>\n","protected":false},"excerpt":{"rendered":"Suomen susikanta on kasvanut. Luonnonvarakeskuksen (Luke) arvion mukaan maaliskuussa Suomessa oli 430 sutta, kun vuoden 2024 kev\u00e4\u00e4ll\u00e4 arvio&hellip;\n","protected":false},"author":2,"featured_media":61581,"comment_status":"","ping_status":"","sticky":false,"template":"","format":"standard","meta":{"footnotes":""},"categories":[112],"tags":[33,31,30,118,32,119],"class_list":{"0":"post-61580","1":"post","2":"type-post","3":"status-publish","4":"format-standard","5":"has-post-thumbnail","7":"category-tiede","8":"tag-fi","9":"tag-finland","10":"tag-finnish","11":"tag-science","12":"tag-suomi","13":"tag-tiede"},"share_on_mastodon":{"url":"","error":""},"_links":{"self":[{"href":"https:\/\/www.europesays.com\/fi\/wp-json\/wp\/v2\/posts\/61580","targetHints":{"allow":["GET"]}}],"collection":[{"href":"https:\/\/www.europesays.com\/fi\/wp-json\/wp\/v2\/posts"}],"about":[{"href":"https:\/\/www.europesays.com\/fi\/wp-json\/wp\/v2\/types\/post"}],"author":[{"embeddable":true,"href":"https:\/\/www.europesays.com\/fi\/wp-json\/wp\/v2\/users\/2"}],"replies":[{"embeddable":true,"href":"https:\/\/www.europesays.com\/fi\/wp-json\/wp\/v2\/comments?post=61580"}],"version-history":[{"count":0,"href":"https:\/\/www.europesays.com\/fi\/wp-json\/wp\/v2\/posts\/61580\/revisions"}],"wp:featuredmedia":[{"embeddable":true,"href":"https:\/\/www.europesays.com\/fi\/wp-json\/wp\/v2\/media\/61581"}],"wp:attachment":[{"href":"https:\/\/www.europesays.com\/fi\/wp-json\/wp\/v2\/media?parent=61580"}],"wp:term":[{"taxonomy":"category","embeddable":true,"href":"https:\/\/www.europesays.com\/fi\/wp-json\/wp\/v2\/categories?post=61580"},{"taxonomy":"post_tag","embeddable":true,"href":"https:\/\/www.europesays.com\/fi\/wp-json\/wp\/v2\/tags?post=61580"}],"curies":[{"name":"wp","href":"https:\/\/api.w.org\/{rel}","templated":true}]}}