{"id":61594,"date":"2025-10-14T06:59:07","date_gmt":"2025-10-14T06:59:07","guid":{"rendered":"https:\/\/www.europesays.com\/fi\/61594\/"},"modified":"2025-10-14T06:59:07","modified_gmt":"2025-10-14T06:59:07","slug":"sukututkimuksen-uranuurtajan-uusi-teos-johdattaa-digitaalisen-sukututkimuksen-pariin","status":"publish","type":"post","link":"https:\/\/www.europesays.com\/fi\/61594\/","title":{"rendered":"Sukututkimuksen uranuurtajan uusi teos johdattaa digitaalisen sukututkimuksen pariin"},"content":{"rendered":"<p><strong><\/p>\n<p>Marja Pirttivaaran Sukupolvien j\u00e4ljet\u00a0on selke\u00e4 ja kattava opas kaikille sukututkimuksesta kiinnostuneille.<\/p>\n<p><\/strong><\/p>\n<p>Sukupolvien j\u00e4ljet yhdist\u00e4\u00e4 perinteisen ja modernin sukututkimuksen: DNA-testit ja analyysit, historialliset arkistot ja nykyaikaiset digitaaliset ty\u00f6kalut ja alustat, aina teko\u00e4ly\u00e4 my\u00f6ten.<\/p>\n<p>Kirja selvitt\u00e4\u00e4 DNA:n merkityksen ja sen eri testaustyyppien tarjoamat mahdollisuudet. Teoksessa tutustutaan sukututkimuksen historian peruspilareihin, kuten kirkonkirjoihin ja v\u00e4est\u00f6rekistereihin, ja tarjotaan k\u00e4yt\u00e4nn\u00f6n neuvoja siit\u00e4, miten n\u00e4it\u00e4 dokumentteja voi hy\u00f6dynt\u00e4\u00e4 omien juurien selvitt\u00e4misess\u00e4. Erityist\u00e4 huomiota kiinnitet\u00e4\u00e4n siihen, miten digitaaliset arkistot, tietokannat ja verkkoty\u00f6kalut voivat avata aivan uusia n\u00e4k\u00f6kulmia ja mahdollisuuksia sukututkijalle.<\/p>\n<p>Pirttivaaran kirja opastaa askel askeleelta kuinka p\u00e4\u00e4st\u00e4 k\u00e4siksi digitaalisiin l\u00e4hteisiin, hy\u00f6dynt\u00e4\u00e4 teko\u00e4ly\u00e4 ja luoda sek\u00e4 yll\u00e4pit\u00e4\u00e4 sukupuita verkossa. Teos on selke\u00e4sti kirjoitettu, k\u00e4yt\u00e4nn\u00f6nl\u00e4heinen opas, joka tarjoaa lukijalle kaikki tarvittavat perustiedot ja ty\u00f6kalut oman sukututkimuksen aloittamiseen ja syvent\u00e4miseen.<\/p>\n<p>Marja Pirttivaara on sukututkija, geneettisen sukututkimuksen asiantuntija ja tietokirjailija, joka on tehnyt uraauurtavaa ty\u00f6t\u00e4 suomalaisen geneettisen sukututkimuksen kehitt\u00e4j\u00e4n\u00e4. Pirttivaaran aiempi teos\u00a0Juuresi n\u00e4kyv\u00e4t (2017) oli kattava johdatus DNA-sukututkimukseen ja toi aiheen suuremman yleis\u00f6n tietoisuuteen.<\/p>\n<p>**<\/p>\n<p>Marja Pirttivaara esiintyy Helsingin Kirjamessuilla sunnuntaina 26.10. klo 12.00 Arabia-lavalla.<\/p>\n","protected":false},"excerpt":{"rendered":"Marja Pirttivaaran Sukupolvien j\u00e4ljet\u00a0on selke\u00e4 ja kattava opas kaikille sukututkimuksesta kiinnostuneille. Sukupolvien j\u00e4ljet yhdist\u00e4\u00e4 perinteisen ja modernin sukututkimuksen:&hellip;\n","protected":false},"author":2,"featured_media":61595,"comment_status":"","ping_status":"","sticky":false,"template":"","format":"standard","meta":{"footnotes":""},"categories":[134],"tags":[377,137,33,31,30,378,32,109],"class_list":{"0":"post-61594","1":"post","2":"type-post","3":"status-publish","4":"format-standard","5":"has-post-thumbnail","7":"category-kirjat","8":"tag-books","9":"tag-entertainment","10":"tag-fi","11":"tag-finland","12":"tag-finnish","13":"tag-kirjat","14":"tag-suomi","15":"tag-viihde"},"share_on_mastodon":{"url":"","error":""},"_links":{"self":[{"href":"https:\/\/www.europesays.com\/fi\/wp-json\/wp\/v2\/posts\/61594","targetHints":{"allow":["GET"]}}],"collection":[{"href":"https:\/\/www.europesays.com\/fi\/wp-json\/wp\/v2\/posts"}],"about":[{"href":"https:\/\/www.europesays.com\/fi\/wp-json\/wp\/v2\/types\/post"}],"author":[{"embeddable":true,"href":"https:\/\/www.europesays.com\/fi\/wp-json\/wp\/v2\/users\/2"}],"replies":[{"embeddable":true,"href":"https:\/\/www.europesays.com\/fi\/wp-json\/wp\/v2\/comments?post=61594"}],"version-history":[{"count":0,"href":"https:\/\/www.europesays.com\/fi\/wp-json\/wp\/v2\/posts\/61594\/revisions"}],"wp:featuredmedia":[{"embeddable":true,"href":"https:\/\/www.europesays.com\/fi\/wp-json\/wp\/v2\/media\/61595"}],"wp:attachment":[{"href":"https:\/\/www.europesays.com\/fi\/wp-json\/wp\/v2\/media?parent=61594"}],"wp:term":[{"taxonomy":"category","embeddable":true,"href":"https:\/\/www.europesays.com\/fi\/wp-json\/wp\/v2\/categories?post=61594"},{"taxonomy":"post_tag","embeddable":true,"href":"https:\/\/www.europesays.com\/fi\/wp-json\/wp\/v2\/tags?post=61594"}],"curies":[{"name":"wp","href":"https:\/\/api.w.org\/{rel}","templated":true}]}}