{"id":61598,"date":"2025-10-14T07:02:07","date_gmt":"2025-10-14T07:02:07","guid":{"rendered":"https:\/\/www.europesays.com\/fi\/61598\/"},"modified":"2025-10-14T07:02:07","modified_gmt":"2025-10-14T07:02:07","slug":"kylla-isa-osaa-lapissa-elokuva-ei-naurata","status":"publish","type":"post","link":"https:\/\/www.europesays.com\/fi\/61598\/","title":{"rendered":"Kyll\u00e4 is\u00e4 osaa Lapissa -elokuva ei naurata"},"content":{"rendered":"<p>            Tuomas Lepikk\u00f6\/ICS Nordic\n        <\/p>\n<p class=\"subtitle \">Kyll\u00e4 is\u00e4 osaa Lapissa saa ensi-iltansa elokuvateattereissa keskiviikkona 15.10.<\/p>\n<p>Kyll\u00e4 is\u00e4 osaa LapissaKomedia**<\/p>\n<p class=\"article-content article-content-width !bg-background\">Viimevuotinen Kyll\u00e4 is\u00e4 osaa -elokuva oli j\u00e4ttimenestys, joka ei kuitenkaan pelastanut sen rahoittanutta Tuotantoyhti\u00f6 Hihhihhiit\u00e4 konkurssilta. Fanien onneksi jatko-osa saatiin kuitenkin tehty\u00e4.<\/p>\n<p class=\"italic m-italic font-weight-bold m-font-weight-bold article-content article-content-width !bg-background\">Video: Tom Lindholm ja Maiju Jokinen kertovat Kyll\u00e4 is\u00e4 osaa -elokuvien suosion syyn<\/p>\n<p class=\"article-content article-content-width !bg-background\">T\u00e4ll\u00e4 kertaa saagan is\u00e4hahmo () py\u00f6ritt\u00e4\u00e4 omaa taksiyrityst\u00e4, mutta on kuitenkin ajautumassa kohti konkurssia. Talousasioiden kurja tila ei kuitenkaan est\u00e4 is\u00e4\u00e4 ja  esitt\u00e4m\u00e4\u00e4 \u00e4iti\u00e4 l\u00e4htem\u00e4st\u00e4 jouluksi Lapin hiihtokeskukseen.<\/p>\n<p class=\"article-content article-content-width !bg-background\">Erin\u00e4isten, ei kovin nerokkaiden juontenk\u00e4\u00e4nteiden j\u00e4lkeen Lapin m\u00f6kille p\u00e4\u00e4tyv\u00e4t my\u00f6s perheen tyt\u00e4r Jonna (), t\u00e4m\u00e4n teinipoika Junnu () sek\u00e4 Jonnan veli Jussi (), jolla on mukanaan uusi tytt\u00f6yst\u00e4v\u00e4 Viktoria ().<\/p>\n<p class=\"article-content article-content-width !bg-background\">Is\u00e4 kuvittelee, ett\u00e4 Viktoria olisi viimein avain vuosia kaivattuun rikkaaseen el\u00e4m\u00e4\u00e4n. Kun lis\u00e4ksi luullaan, ett\u00e4 Viktoria on raskaana, seuraa lis\u00e4liuta v\u00e4\u00e4rink\u00e4sityksi\u00e4 ja kommelluksia.<\/p>\n<p>        <a itemprop=\"url\" href=\"https:\/\/www.seiska.fi\/katso\/kylla-isa-osaa-saa-jatkoa\/1576468\" rel=\"nofollow noopener\" target=\"_blank\"><\/p>\n<p class=\"section-date\">\n        <strong class=\"article-section\" data-section=\"katso\"><br \/>\n            katso<br \/>\n        <\/strong><br \/>\n        10.1. 11:29\n    <\/p>\n<p>Kyll\u00e4 is\u00e4 osaa saa jatkoa\n    <\/p>\n<p itemprop=\"description\" class=\"subtitle \">\n    Tom Lindholm palaa j\u00e4lleen rooliinsa perheen p\u00e4\u00e4n\u00e4.\n<\/p>\n<p>        <\/a><\/p>\n<p>Kevyit\u00e4 ev\u00e4it\u00e4<\/p>\n<p class=\"article-content article-content-width !bg-background\">Yhdeksi kommellukseksi k\u00e4sikirjoitukseen on valikoitunut se, ett\u00e4 avaimet j\u00e4\u00e4v\u00e4t lukitun kotitalon sis\u00e4\u00e4n. Sitten sama tapahtuu auton kanssa. Kolmannen kerran alaston is\u00e4 kekkaloi ilman avainta m\u00f6kin lumisessa pihapiiriss\u00e4.<\/p>\n<p class=\"article-content article-content-width !bg-background\">T\u00e4m\u00e4 on vain yksi esimerkki siit\u00e4, ett\u00e4 varsin kevyin ev\u00e4in liikutaan. Ei auta, ett\u00e4 hahmot ovat nostalgisen miellytt\u00e4vi\u00e4 ja muutama vekkulikin ratkaisu on saatu puristettua tarinaan.<\/p>\n<p class=\"article-content article-content-width !bg-background\">Pelastavana tekij\u00e4n\u00e4 ei ole my\u00f6sk\u00e4\u00e4n se, ett\u00e4 hahmojen v\u00e4linen vuorovaikutus on viety ensimm\u00e4ist\u00e4 elokuvaa l\u00e4hemm\u00e4s alkuper\u00e4isen tv-sarjan henke\u00e4. Jos komedia ei naurata, se ei t\u00e4yt\u00e4 teht\u00e4v\u00e4\u00e4ns\u00e4.<\/p>\n<p class=\"article-content article-content-width !bg-background\"> (Suomi 2025). 85 min.\u00a0<\/p>\n<p>        <a itemprop=\"url\" href=\"https:\/\/www.seiska.fi\/katso\/janne-katajan-itkuinen-vetoomus-elokuvakatsojille-jos-saa-lahettaa-tallaisen-inhimillisen-toiveen-niin\/1324014\" rel=\"nofollow noopener\" target=\"_blank\"><\/p>\n<p class=\"section-date\">\n        <strong class=\"article-section\" data-section=\"katso\"><br \/>\n            katso<br \/>\n        <\/strong><br \/>\n        17.4.2024 12:15\n    <\/p>\n<p>Janne Katajan itkuinen vetoomus elokuvakatsojille: \u201dJos saa l\u00e4hett\u00e4\u00e4 t\u00e4llaisen inhimillisen toiveen, niin\u2026\u201d\n    <\/p>\n<p itemprop=\"description\" class=\"subtitle \">\n    Janne Kataja haluaisi konkurssitilanteesta huolimatta tehd\u00e4 viel\u00e4 jatko-osan Kyll\u00e4 is\u00e4 osaa -menestyskomedialle.\n<\/p>\n<p>        <\/a><\/p>\n<p>        <a itemprop=\"url\" href=\"https:\/\/www.seiska.fi\/katso\/nain-somessa-reagoitiin-kylla-isa-osaa-sarjan-sensuuriin-alyn-aliarvioimista\/1417400\" rel=\"nofollow noopener\" target=\"_blank\"><\/p>\n<p class=\"section-date\">\n        <strong class=\"article-section\" data-section=\"katso\"><br \/>\n            katso<br \/>\n        <\/strong><br \/>\n        26.7.2024 14:15\n    <\/p>\n<p>N\u00e4in somessa reagoitiin Kyll\u00e4 is\u00e4 osaa -sarjan sensuuriin: &#8221;\u00c4lyn aliarvioimista&#8221;\n    <\/p>\n<p itemprop=\"description\" class=\"subtitle \">\n    Ys\u00e4risarjan jaksoista yksi poistettiin Yle Areenasta.\n<\/p>\n<p>        <\/a><\/p>\n","protected":false},"excerpt":{"rendered":"Tuomas Lepikk\u00f6\/ICS Nordic Kyll\u00e4 is\u00e4 osaa Lapissa saa ensi-iltansa elokuvateattereissa keskiviikkona 15.10. Kyll\u00e4 is\u00e4 osaa LapissaKomedia** Viimevuotinen Kyll\u00e4&hellip;\n","protected":false},"author":2,"featured_media":61599,"comment_status":"","ping_status":"","sticky":false,"template":"","format":"standard","meta":{"footnotes":""},"categories":[131],"tags":[1045,155,1419,137,33,173,31,30,1042,13896,12913,2494,172,32,13900,109],"class_list":{"0":"post-61598","1":"post","2":"type-post","3":"status-publish","4":"format-standard","5":"has-post-thumbnail","7":"category-elokuvat","8":"tag-elokuva-arvio","9":"tag-elokuvat","10":"tag-ensi-ilta","11":"tag-entertainment","12":"tag-fi","13":"tag-film","14":"tag-finland","15":"tag-finnish","16":"tag-komedia","17":"tag-kylla-isa-osaa","18":"tag-kylla-isa-osaa-lapissa","19":"tag-lauri-nurkse","20":"tag-movies","21":"tag-suomi","22":"tag-tom-lindholm","23":"tag-viihde"},"share_on_mastodon":{"url":"","error":""},"_links":{"self":[{"href":"https:\/\/www.europesays.com\/fi\/wp-json\/wp\/v2\/posts\/61598","targetHints":{"allow":["GET"]}}],"collection":[{"href":"https:\/\/www.europesays.com\/fi\/wp-json\/wp\/v2\/posts"}],"about":[{"href":"https:\/\/www.europesays.com\/fi\/wp-json\/wp\/v2\/types\/post"}],"author":[{"embeddable":true,"href":"https:\/\/www.europesays.com\/fi\/wp-json\/wp\/v2\/users\/2"}],"replies":[{"embeddable":true,"href":"https:\/\/www.europesays.com\/fi\/wp-json\/wp\/v2\/comments?post=61598"}],"version-history":[{"count":0,"href":"https:\/\/www.europesays.com\/fi\/wp-json\/wp\/v2\/posts\/61598\/revisions"}],"wp:featuredmedia":[{"embeddable":true,"href":"https:\/\/www.europesays.com\/fi\/wp-json\/wp\/v2\/media\/61599"}],"wp:attachment":[{"href":"https:\/\/www.europesays.com\/fi\/wp-json\/wp\/v2\/media?parent=61598"}],"wp:term":[{"taxonomy":"category","embeddable":true,"href":"https:\/\/www.europesays.com\/fi\/wp-json\/wp\/v2\/categories?post=61598"},{"taxonomy":"post_tag","embeddable":true,"href":"https:\/\/www.europesays.com\/fi\/wp-json\/wp\/v2\/tags?post=61598"}],"curies":[{"name":"wp","href":"https:\/\/api.w.org\/{rel}","templated":true}]}}