{"id":61600,"date":"2025-10-14T07:04:09","date_gmt":"2025-10-14T07:04:09","guid":{"rendered":"https:\/\/www.europesays.com\/fi\/61600\/"},"modified":"2025-10-14T07:04:09","modified_gmt":"2025-10-14T07:04:09","slug":"is-harri-olli-puhuu-suhtautumisestaan-alkoholiin","status":"publish","type":"post","link":"https:\/\/www.europesays.com\/fi\/61600\/","title":{"rendered":"IS: Harri Olli puhuu suhtautumisestaan alkoholiin"},"content":{"rendered":"<p>            Ari Lahti\n        <\/p>\n<p class=\"subtitle \">Harri Olli on muuttunut mies. Harri kertoo IS:lle, ettei ole muun muassa vet\u00e4nyt k\u00e4nnej\u00e4 pitkiin aikoihin.<\/p>\n<p class=\"article-content article-content-width !bg-background\">Ex-m\u00e4kihypp\u00e4\u00e4j\u00e4  verrattiin erityisesti aktiiviuransa alkuaikana itse .<\/p>\n<p class=\"article-content article-content-width !bg-background\">Japanissa Sapporon vuoden 2007 MM-kisojen suurm\u00e4en kilpailussa Harri saavutti hopeaa vain hieman yli parikymppisen\u00e4.<\/p>\n<p class=\"article-content article-content-width !bg-background\">Muutaman vuoden sis\u00e4\u00e4n tuli joukkuem\u00e4est\u00e4 MM-hopeaa sek\u00e4 -pronssia.<\/p>\n<p>        <a itemprop=\"url\" href=\"https:\/\/www.seiska.fi\/kotimaa\/nain-harri-olli-selvisi-matikkatestista-katso-video\/1485855\" rel=\"nofollow noopener\" target=\"_blank\"><\/p>\n<p class=\"section-date\">\n        <strong class=\"article-section\" data-section=\"kotimaa\"><br \/>\n            kotimaa<br \/>\n        <\/strong><br \/>\n        15.10.2024 07:00\n    <\/p>\n<p>N\u00e4in Harri Olli selvisi matikkatestist\u00e4 \u2013 katso video!\n    <\/p>\n<p itemprop=\"description\" class=\"subtitle \">\n    Ex-m\u00e4kihypp\u00e4\u00e4j\u00e4 valmistui diplomi-insin\u00f6\u00f6riksi Suomen kovatasoisimmasta teknisen alan opinahjosta. Mutta kuinka h\u00e4nelt\u00e4 sujuu p\u00e4\u00e4ss\u00e4lasku?\n<\/p>\n<p>        <\/a><\/p>\n<p class=\"article-content article-content-width !bg-background\">Oli my\u00f6s kohuja, kuten punaviinip\u00e4iss\u00e4 lentokent\u00e4ll\u00e4 lauotut \u201dtotuudet\u201d Hiihtoliiton silloisesta m\u00e4kihypyn ja yhdistetyn lajijohtaja .<\/p>\n<p class=\"article-content article-content-width !bg-background\">\u2013 Marvaila voi vaikka runkata, jos ei muuten saa, Harri jylisi toimittajille ty\u00f6nt\u00e4ess\u00e4\u00e4n lentokent\u00e4ll\u00e4 k\u00e4rryj\u00e4.<\/p>\n<p>                <img decoding=\"async\" src=\"https:\/\/www.europesays.com\/fi\/wp-content\/uploads\/2025\/10\/1961140.webp\" width=\"576\" height=\"274\" alt=\"Harri Olli verrattiin uran alussa Matti Nyk\u00e4seen urheilumieless\u00e4.\" loading=\"lazy\" \/>            <\/p>\n<p>\n            Harri Olli verrattiin uran alussa Matti Nyk\u00e4seen urheilumieless\u00e4.<br \/>\n            Atte Kajova\n        <\/p>\n<p>Ura j\u00e4i piippuun<\/p>\n<p class=\"article-content article-content-width !bg-background\">Kohtauksen j\u00e4lkeen Harria alettiin verrata Mattiin, sill\u00e4 molemmilla oli hyppytaitojen lis\u00e4ksi uhmaa ja vimmaa sek\u00e4 vaihtelevat v\u00e4lit lajiliittoon.<\/p>\n<p class=\"article-content article-content-width !bg-background\">Yht\u00e4 kaikki, Harrin ura j\u00e4i kuitenkin v\u00e4kev\u00e4st\u00e4 alusta huolimatta piippuun.<\/p>\n<p>        <a itemprop=\"url\" href=\"https:\/\/www.seiska.fi\/vain-seiskassa\/kohumakihyppaaja-harri-olli-kaansi-uuden-sivun-elamassaan-tein-taman-poikani-takia\/1484147\" rel=\"nofollow noopener\" target=\"_blank\"><\/p>\n<p class=\"section-date\">\n        <strong class=\"article-section\" data-section=\"vain seiskassa\"><br \/>\n            vain seiskassa<br \/>\n        <\/strong><br \/>\n        14.10.2024 06:30\n    <\/p>\n<p>Kohum\u00e4kihypp\u00e4\u00e4j\u00e4 Harri Olli k\u00e4\u00e4nsi uuden sivun el\u00e4m\u00e4ss\u00e4\u00e4n: \u201dTein t\u00e4m\u00e4n poikani takia&#8221;\n    <\/p>\n<p itemprop=\"description\" class=\"subtitle \">\n    Ex-m\u00e4kihypp\u00e4\u00e4j\u00e4 valmistui diplomi-insin\u00f6\u00f6riksi Suomen kovatasoisimmasta teknisen alan opinahjosta.\n<\/p>\n<p>        <\/a><\/p>\n<p class=\"article-content article-content-width !bg-background\">Ensimm\u00e4isen kerran h\u00e4n ilmoitti lopettamisestaan jo alkuvuodesta 2011.<\/p>\n<p class=\"article-content article-content-width !bg-background\">Lopettamisia seurasi paluu toisensa per\u00e4\u00e4n, mutta mainittavaa menestyst\u00e4 rovaniemel\u00e4inen ei en\u00e4\u00e4 osakseen saanut.<\/p>\n<p>                <img decoding=\"async\" src=\"https:\/\/www.europesays.com\/fi\/wp-content\/uploads\/2025\/10\/1961143.webp\" width=\"576\" height=\"720\" alt=\"Harri Ollia on aina pidetty jonkinlaisena eksentrikkona.\" loading=\"lazy\" \/>            <\/p>\n<p>\n            Harri Ollia on aina pidetty jonkinlaisena eksentrikkona.<br \/>\n            Timo Korhonen\n        <\/p>\n<p>Vaikeita aikoja<\/p>\n<p class=\"article-content article-content-width !bg-background\">Kohut silti seurasivat koko uran ja sen j\u00e4lkeenkin.<\/p>\n<p class=\"article-content article-content-width !bg-background\">Marraskuussa 2023 Olli tuomittiin yhteen vuoteen ja kuuteen kuukauteen ehdollista vankeutta sek\u00e4 suorittamaan 70 tuntia yhdyskuntapalvelua.<\/p>\n<p>        <a itemprop=\"url\" href=\"https:\/\/www.seiska.fi\/kotimaa\/harri-ollin-yllatysveto-ex-makihyppaaja-akateemiselle-uralle\/1413071\" rel=\"nofollow noopener\" target=\"_blank\"><\/p>\n<p class=\"section-date\">\n        <strong class=\"article-section\" data-section=\"kotimaa\"><br \/>\n            kotimaa<br \/>\n        <\/strong><br \/>\n        23.7.2024 07:00\n    <\/p>\n<p>Harri Ollin yll\u00e4tysveto! Ex-m\u00e4kihypp\u00e4\u00e4j\u00e4 akateemiselle uralle\n    <\/p>\n<p itemprop=\"description\" class=\"subtitle \">\n    Ex-m\u00e4kihypp\u00e4\u00e4j\u00e4 on k\u00e4\u00e4nt\u00e4nyt el\u00e4m\u00e4ss\u00e4\u00e4n kokonaan uuden sivun.\n<\/p>\n<p>        <\/a><\/p>\n<p class=\"article-content article-content-width !bg-background\">Tuomio tuli vuosina 2021\u20132022 tapahtuneista lahtelaismiehen t\u00f6rke\u00e4st\u00e4 pahoinpitelyst\u00e4, kolmesta ex-puolisonsa pahoinpitelyst\u00e4 ja t\u00e4h\u00e4n kohdistuneesta laittomasta uhkauksesta sek\u00e4 kunnianloukkauksesta.<\/p>\n<p class=\"article-content article-content-width !bg-background\">H\u00e4net tuomittiin my\u00f6s maksamaan korvauksia ja asianajokuluja yli 10 000 euron edest\u00e4.<\/p>\n<p>                <img decoding=\"async\" src=\"https:\/\/www.europesays.com\/fi\/wp-content\/uploads\/2025\/10\/1219453.webp\" width=\"576\" height=\"720\" alt=\"Vuosien saatossa my\u00f6s oikeussalit ovat tulleet tutuiksi Harrille.\" loading=\"lazy\" \/>            <\/p>\n<p>\n            Vuosien saatossa my\u00f6s oikeussalit ovat tulleet tutuiksi Harrille.<br \/>\n            Timo Korhonen\n        <\/p>\n<p>Dippainssi <\/p>\n<p class=\"article-content article-content-width !bg-background\">T\u00e4sm\u00e4lleen vuosi sitten Seiska kertoi, ett\u00e4 Harri on kaikessa hiljaisuudessa valmistunut Aalto-yliopistosta konetekniikan diplomi-insin\u00f6\u00f6riksi.<\/p>\n<p class=\"article-content article-content-width !bg-background\">\u2013 El\u00e4m\u00e4ss\u00e4ni on ollut kaikkea h\u00e4slinki\u00e4, Harri my\u00f6nt\u00e4\u00e4 ja kuvailee vuosien takaista tilannettaan.<\/p>\n<p>        <a itemprop=\"url\" href=\"https:\/\/www.seiska.fi\/kotimaa\/vielako-tunnistaisit-harri-ollin-esittelee-hauislihastaan-kesakuvassa\/1354557\" rel=\"nofollow noopener\" target=\"_blank\"><\/p>\n<p class=\"section-date\">\n        <strong class=\"article-section\" data-section=\"kotimaa\"><br \/>\n            kotimaa<br \/>\n        <\/strong><br \/>\n        18.5.2024 15:20\n    <\/p>\n<p>Viel\u00e4k\u00f6 tunnistaisit Harri Ollin? Esittelee hauislihastaan kes\u00e4kuvassa\n    <\/p>\n<p itemprop=\"description\" class=\"subtitle \">\n    Viel\u00e4k\u00f6 tunnistaisit Harri Ollin?\n<\/p>\n<p>        <\/a><\/p>\n<p class=\"article-content article-content-width !bg-background\">Harri vaikuttikin ottaneen itse\u00e4\u00e4n niskasta kiinni.<\/p>\n<p class=\"article-content article-content-width !bg-background\">\u2013 Mit\u00e4\u00e4n tehty\u00e4 ei saa tekem\u00e4tt\u00f6m\u00e4ksi, enk\u00e4 ala itse\u00e4ni puolustamaan. Minulla on ollut el\u00e4m\u00e4ss\u00e4ni tilanteita, ett\u00e4 kun jostain asiasta ei ole ollut ulosp\u00e4\u00e4sy\u00e4, olen herk\u00e4sti tehnyt jotain sellaista, mik\u00e4 ei ole j\u00e4rkev\u00e4\u00e4.<\/p>\n<p class=\"article-content article-content-width !bg-background\">\u2013 Jossain kohtaa tein p\u00e4\u00e4t\u00f6ksen, ettei tuulimyllyj\u00e4 vastaan kannata taistella. P\u00e4\u00e4tin, etten en\u00e4\u00e4 ajaudu t\u00e4llaisiin tilanteisiin.<\/p>\n<p class=\"article-content article-content-width !bg-background\">Sys\u00e4yksen opintojen tielle antoi aikanaan oma j\u00e4lkikasvu.<\/p>\n<p class=\"article-content article-content-width !bg-background\">\u2013 Tein t\u00e4m\u00e4n poikani takia. Ajattelin, ett\u00e4 olisi t\u00e4rke\u00e4\u00e4 opiskella joku ammatti, h\u00e4n my\u00f6nt\u00e4\u00e4.<\/p>\n<p>                <img decoding=\"async\" src=\"https:\/\/www.europesays.com\/fi\/wp-content\/uploads\/2025\/10\/1961147.webp\" width=\"576\" height=\"322\" alt=\"Harri on dippainssi ja ylpe\u00e4 sellainen.\" loading=\"lazy\" \/>            <\/p>\n<p>\n            Harri on dippainssi ja ylpe\u00e4 sellainen.<br \/>\n            Timo Korhonen\n        <\/p>\n<p> Design HJO Oy <\/p>\n<p class=\"article-content article-content-width !bg-background\">Nyt <a href=\"https:\/\/www.is.fi\/makihyppy\/art-2000011555534.html\" target=\"_blank\" rel=\"nofollow noopener\">Ilta-Sanomat<\/a> kertoo Harrin el\u00e4m\u00e4ss\u00e4 tapahtuneen taas \u2013 h\u00e4nell\u00e4 on nimitt\u00e4in uusi ura.<\/p>\n<p class=\"article-content article-content-width !bg-background\">40-vuotias Harri on perustanut insin\u00f6\u00f6rialan yrityksen: Design HJO Oy.<\/p>\n<p class=\"article-content article-content-width !bg-background\">HJO tulee ilmeisesti h\u00e4nen koko nimest\u00e4\u00e4n, Harri Juhani Olli.<\/p>\n<p class=\"article-content article-content-width !bg-background\">Ukrainan sota, komponenttikriisi ja hein\u00e4sirkat \u2013 rakennusala ei mill\u00e4\u00e4n mittarilla ole voinut Suomessa hetkeen hyvin. Harri uskoo positiivisena miehen\u00e4 muutokseen.<\/p>\n<p class=\"article-content article-content-width !bg-background\">\u2013 Alalla on ollut suvantovaihe menossa, mutta erilaiset merkit viittaavat markkinoiden aukeamiseen. Siihen saumaan yrit\u00e4n jatkossa tiukasti iske\u00e4.<\/p>\n<p>                <img decoding=\"async\" src=\"https:\/\/www.europesays.com\/fi\/wp-content\/uploads\/2025\/10\/1961144.webp\" width=\"576\" height=\"720\" alt=\"Harri on ehtinyt vuosien saatossa pelleille nyrkkeilykeh\u00e4ss\u00e4 jopa itse Hunks-Juccin kanssa.\" loading=\"lazy\" \/>            <\/p>\n<p>\n            Harri on ehtinyt vuosien saatossa pelleille nyrkkeilykeh\u00e4ss\u00e4 jopa itse Hunks-Juccin kanssa.<br \/>\n            Timo Korhonen\n        <\/p>\n<p>Alkoholi j\u00e4\u00e4nyt<\/p>\n<p class=\"article-content article-content-width !bg-background\">Mies kertoo IS:lle my\u00f6s kuntoilevansa nykyisin ja v\u00e4lttelev\u00e4ns\u00e4 viinanpirua.<\/p>\n<p class=\"article-content article-content-width !bg-background\">\u2013 En ole en\u00e4\u00e4 aikoihin vet\u00e4nyt k\u00e4nnej\u00e4. Alkoholin j\u00e4tt\u00e4misell\u00e4 on ollut oma t\u00e4rke\u00e4 vaikutuksensa eri asioihin, esimerkiksi omaan jaksamiseeni ja hyvinvointiini, Harri linjaa.<\/p>\n<p class=\"article-content article-content-width !bg-background\">Ylip\u00e4\u00e4t\u00e4\u00e4n h\u00e4n kertoo IS:n haastattelussa voivansa seesteisemmin.<\/p>\n<p class=\"article-content article-content-width !bg-background\">\u2013 Mutta nyt t\u00e4ss\u00e4 on itsell\u00e4ni ollut jo pidemm\u00e4n aikaa uudenlainen el\u00e4m\u00e4nvaihe menossa. Uskon sen voimaan.<\/p>\n","protected":false},"excerpt":{"rendered":"Ari Lahti Harri Olli on muuttunut mies. Harri kertoo IS:lle, ettei ole muun muassa vet\u00e4nyt k\u00e4nnej\u00e4 pitkiin aikoihin.&hellip;\n","protected":false},"author":2,"featured_media":61601,"comment_status":"","ping_status":"","sticky":false,"template":"","format":"standard","meta":{"footnotes":""},"categories":[158],"tags":[14275,14276,33,31,30,14274,4220,159,32,160,1700],"class_list":{"0":"post-61600","1":"post","2":"type-post","3":"status-publish","4":"format-standard","5":"has-post-thumbnail","7":"category-urheilu","8":"tag-design-hjo-oy","9":"tag-diplomi-insinoori","10":"tag-fi","11":"tag-finland","12":"tag-finnish","13":"tag-harri-olli","14":"tag-makihyppy","15":"tag-sports","16":"tag-suomi","17":"tag-urheilu","18":"tag-urheilulaji"},"share_on_mastodon":{"url":"","error":""},"_links":{"self":[{"href":"https:\/\/www.europesays.com\/fi\/wp-json\/wp\/v2\/posts\/61600","targetHints":{"allow":["GET"]}}],"collection":[{"href":"https:\/\/www.europesays.com\/fi\/wp-json\/wp\/v2\/posts"}],"about":[{"href":"https:\/\/www.europesays.com\/fi\/wp-json\/wp\/v2\/types\/post"}],"author":[{"embeddable":true,"href":"https:\/\/www.europesays.com\/fi\/wp-json\/wp\/v2\/users\/2"}],"replies":[{"embeddable":true,"href":"https:\/\/www.europesays.com\/fi\/wp-json\/wp\/v2\/comments?post=61600"}],"version-history":[{"count":0,"href":"https:\/\/www.europesays.com\/fi\/wp-json\/wp\/v2\/posts\/61600\/revisions"}],"wp:featuredmedia":[{"embeddable":true,"href":"https:\/\/www.europesays.com\/fi\/wp-json\/wp\/v2\/media\/61601"}],"wp:attachment":[{"href":"https:\/\/www.europesays.com\/fi\/wp-json\/wp\/v2\/media?parent=61600"}],"wp:term":[{"taxonomy":"category","embeddable":true,"href":"https:\/\/www.europesays.com\/fi\/wp-json\/wp\/v2\/categories?post=61600"},{"taxonomy":"post_tag","embeddable":true,"href":"https:\/\/www.europesays.com\/fi\/wp-json\/wp\/v2\/tags?post=61600"}],"curies":[{"name":"wp","href":"https:\/\/api.w.org\/{rel}","templated":true}]}}