{"id":61711,"date":"2025-10-14T09:21:11","date_gmt":"2025-10-14T09:21:11","guid":{"rendered":"https:\/\/www.europesays.com\/fi\/61711\/"},"modified":"2025-10-14T09:21:11","modified_gmt":"2025-10-14T09:21:11","slug":"kommentti-hifkn-sekoilua-seurasi-olli-jokisen-raju-purkautuminen-se-saattoi-olla-parasta-mita-seuralle-voi-tapahtua-urheilua-lyhyesti","status":"publish","type":"post","link":"https:\/\/www.europesays.com\/fi\/61711\/","title":{"rendered":"Kommentti: HIFK:n sekoilua seurasi Olli Jokisen raju purkautuminen \u2013 se saattoi olla parasta, mit\u00e4 seuralle voi tapahtua | Urheilua lyhyesti"},"content":{"rendered":"<p class=\"aw-1gybjub aw-1p7kakr ghpEtB jtovHP yle__article__paragraph\">Helsingin IFK j\u00e4rjesti maanantaina tiedotustilaisuuden, joka j\u00e4\u00e4nee ainakin toviksi suomalaisen kiekkokansan mieleen. HIFK kutsui paikalle mediaa saatesanoilla, jotka eiv\u00e4t voineet tarkoittaa muuta kuin pelaajahankintoja.<\/p>\n<p class=\"aw-1gybjub aw-1p7kakr ghpEtB jtovHP yle__article__paragraph\">Tilaisuudessa HIFK ei kuitenkaan kertonut uusista pelaajista, mutta ilmoitti etsiv\u00e4ns\u00e4 vahvistuksia. Seura etsii maalivahtia, puolustajaa ja kahta hy\u00f6kk\u00e4\u00e4j\u00e4\u00e4.<\/p>\n<p class=\"aw-1gybjub aw-1p7kakr ghpEtB jtovHP yle__article__paragraph\">HIFK:n pomot my\u00f6s vannoivat toisilleen luottamusta ja ty\u00f6rauhaa. Puheenjohtaja <strong class=\"aw-ak79eh KyCXm yle__article__strong\">Jaakko Eskola<\/strong> sent\u00e4\u00e4n sanoi, ett\u00e4 on ryhdytt\u00e4v\u00e4 sanoista tekoihin.<\/p>\n<p class=\"aw-1gybjub aw-1p7kakr ghpEtB jtovHP yle__article__paragraph\">Ainoastaan <strong class=\"aw-ak79eh KyCXm yle__article__strong\">Olli Jokinen<\/strong> ymm\u00e4rsi puhua suoraan. H\u00e4n nosti k\u00e4den pystyyn virheen merkiksi ja otti ep\u00e4onnistumisen my\u00f6s valmennuksen piikkiin.<\/p>\n<p><img decoding=\"async\" alt=\"HIFK:n p\u00e4\u00e4valmentaja Olli Jokinen, urheilujohtaja Janne Pesonen, toimitusjohtaja Ilkka Kortesluoma ja hallituksen puheenjohtaja Jaakko Eskola j\u00e4\u00e4kiekkojoukkue tiedotustilaisuudessa 13. lokakuuta 2025.\" src=\"https:\/\/www.europesays.com\/fi\/wp-content\/uploads\/2025\/10\/39-153750468ecd6ef5a0b0.jpeg\" loading=\"lazy\" class=\"aw-1l9m598 hKVVvP\"\/><\/p>\n<p>Avaa kuvien katselu<\/p>\n<p>\u2013 Olen sanonut pelaajistolle p\u00e4iv\u00e4st\u00e4 yksi alkaen, ett\u00e4 t\u00e4n\u00e4 vuonna n\u00e4emme, ketk\u00e4 ovat valmiita ly\u00f6m\u00e4\u00e4n itsens\u00e4 likoon ja ketk\u00e4 pystyv\u00e4t pelaamaan j\u00e4\u00e4kiekkoa, jota haluamme pelata, Olli Jokinen (vas.) sanoi tilaisuudessa. Kuva: Emmi Korhonen \/ Lehtikuva<\/p>\n<p class=\"aw-1gybjub aw-1p7kakr ghpEtB jtovHP yle__article__paragraph\">HIFK:n kannattajille tilaisuus oli kuitenkin kipe\u00e4 isku kahdella tavalla. He odottivat <a class=\"aw-iao6s4 iHOxEa yle__article__link\" href=\"https:\/\/yle.fi\/a\/74-20187896\" role=\"link\" rel=\"nofollow noopener\" target=\"_blank\">Ylen haastatteluissa <\/a>paitsi vahvistuksia, mutta my\u00f6s johdon vastuunkantoa.<\/p>\n<p class=\"aw-1gybjub aw-1p7kakr ghpEtB jtovHP yle__article__paragraph\">Ylen haastatteluissa fanit kritisoivat erityisesti seuran johtoa. Yksi haastateltavista my\u00f6s odotti tilaisuutta innolla. H\u00e4n katsoi johdon pit\u00e4neen hiljaiseloa ja oli mieliss\u00e4\u00e4n, ett\u00e4 johtoporras tuli \u201dkerrankin esiin\u201d.<\/p>\n<p class=\"aw-1gybjub aw-1p7kakr ghpEtB jtovHP yle__article__paragraph\">On selv\u00e4\u00e4, ett\u00e4 HIFK:n johtajat olisivat voineet esiinty\u00e4 paremminkin. Nyt heill\u00e4 oli paikka, mutta veto j\u00e4i pahasti piippuun.<\/p>\n<p class=\"aw-1gybjub aw-1p7kakr ghpEtB jtovHP yle__article__paragraph\">Olli Jokisen palopuhe tilaisuudessa ja sen j\u00e4lkeen medialle saattoi olla kuitenkin parasta, mit\u00e4 seuralle saattoi tapahtua.<\/p>\n<p><img decoding=\"async\" alt=\"P\u00e4\u00e4valmentaja Olli Jokinen j\u00e4\u00e4kiekkojoukkue HIFK:n tiedotustilaisuudessa Helsingin j\u00e4\u00e4hallissa 13. lokakuuta 2025.\" src=\"https:\/\/www.europesays.com\/fi\/wp-content\/uploads\/2025\/10\/39-153764968ecf36434cf7.jpeg\" loading=\"lazy\" class=\"aw-1l9m598 hKVVvP\"\/><\/p>\n<p>Avaa kuvien katselu<\/p>\n<p>Olli Jokinen puhui tilaisuuden j\u00e4lkeen suoraan median haastatteluissa. Kuva: Emmi Korhonen \/ Lehtikuva<\/p>\n<p class=\"aw-1gybjub aw-1p7kakr ghpEtB jtovHP yle__article__paragraph\">Jokinen sanoi <a class=\"aw-iao6s4 iHOxEa yle__article__link\" href=\"https:\/\/yle.fi\/a\/74-20187840\" role=\"link\" rel=\"nofollow noopener\" target=\"_blank\">jo viime viikonloppuna Ylelle<\/a>, ett\u00e4 HIFK olisi voinut v\u00e4ltt\u00e4\u00e4 nelj\u00e4\u2013viisi loukkaantumista, jos pelaaja olisi ollut harjoittelu- ja pelivalmis.<\/p>\n<p class=\"aw-1gybjub aw-1p7kakr ghpEtB jtovHP yle__article__paragraph\">Tilaisuuden j\u00e4lkeen Jokinen antoi palaa viel\u00e4kin kovemmin. H\u00e4n <a class=\"aw-iao6s4 iHOxEa yle__article__link\" href=\"https:\/\/www.is.fi\/sm-liiga\/art-2000011556759.html\" role=\"link\" rel=\"nofollow noopener\" target=\"_blank\">my\u00f6nsi Ilta-Sanomille yll\u00e4ttyneens\u00e4 suuresti<\/a>, mink\u00e4laisessa tilanteessa seura on.<\/p>\n<p class=\"aw-1gybjub aw-1p7kakr ghpEtB jtovHP yle__article__paragraph\">Jokisen mukaan isossa kuvassa on tahtotila, ett\u00e4 HIFK:sta saadaan urheiluseura. H\u00e4n paalutti IS:lle, ett\u00e4 jos pelipaikka m\u00e4\u00e4r\u00e4ytyisi kunnon mukaan, kokoonpanossa voisi olla t\u00e4ll\u00e4 hetkell\u00e4 vain viisi pelaajaa.<\/p>\n<p class=\"aw-1gybjub aw-1p7kakr ghpEtB jtovHP yle__article__paragraph\">Jokinen sanoi yll\u00e4ttyneens\u00e4 negatiivisesti muun muassa harjoittelukulttuurista, sill\u00e4 p\u00e4\u00e4valmentajan mukaan seuran harjoituksissa on aiemmin enemm\u00e4nkin palauteltu. Jokisen mukaan HIFK on kaukana per\u00e4ss\u00e4 esimerkiksi Mikkelin Jukurien muutaman vuoden takaisia testituloksia.<\/p>\n<p class=\"aw-1gybjub aw-1p7kakr ghpEtB jtovHP yle__article__paragraph\">Sama linja jatkui my\u00f6s <a class=\"aw-iao6s4 iHOxEa yle__article__link\" href=\"https:\/\/www.facebook.com\/reel\/2212477229233267\" role=\"link\" rel=\"nofollow noopener\" target=\"_blank\">urheilusivusto Atleetin haastattelussa.<\/a> Jokinen painotti, ett\u00e4 pelaajien loukkaantumishistoria t\u00e4ytyy tiet\u00e4\u00e4 ennen sopimusten viimeistely\u00e4.<\/p>\n<p class=\"aw-1gybjub aw-1p7kakr ghpEtB jtovHP yle__article__paragraph\">\u2013 Jos pelaaja on vaikka edellisen kolmen vuoden aikana pelannut 50 prosenttia peleist\u00e4, niin kyll\u00e4 se aika uhkarohkealta ja hullulta tuntuu, jos me oletamme, ett\u00e4 nyt se tulee Helsinkiin ja pelaa 100 prosenttia peleist\u00e4, Jokinen sanoi Atleetille ja pen\u00e4si parempia taustat\u00f6it\u00e4 hankinnoille.<\/p>\n<p><img decoding=\"async\" alt=\"HIFK:n j\u00e4\u00e4kiekkoilijat seuraavat joukkueensa peli\u00e4 vaihtoaitiossa , Helsingin j\u00e4\u00e4hallissa.\" src=\"https:\/\/www.europesays.com\/fi\/wp-content\/uploads\/2025\/10\/39-152851168d50b44ac438.jpeg\" loading=\"lazy\" class=\"aw-1l9m598 hKVVvP\"\/><\/p>\n<p>Avaa kuvien katselu<\/p>\n<p>HIFK:n kokoonpanossa on ollut paljon nuoria ja junioreita loukkaantumisten takia. Kuva: Jari K\u00e4rkk\u00e4inen\/ Yle<\/p>\n<p class=\"aw-1gybjub aw-1p7kakr ghpEtB jtovHP yle__article__paragraph\">Jokinen oli puhunut jo yleisess\u00e4 osuudessa, ett\u00e4 HIFK:hon t\u00e4ytyy l\u00f6yt\u00e4\u00e4 pelaajia, jotka saapuvat seuraan oikeista syist\u00e4. P\u00e4\u00e4valmentajan mietteist\u00e4 vahvistui sama k\u00e4sitys kuin ennen kauden alkua: ovi voi k\u00e4yd\u00e4 my\u00f6s toiseen suuntaan, jos pelaajat eiv\u00e4t ole valmiita ly\u00f6m\u00e4\u00e4n kaikkea likoon.<\/p>\n<p class=\"aw-1gybjub aw-1p7kakr ghpEtB jtovHP yle__article__paragraph\">HIFK on k\u00e4rsinyt loukkaantumisista useina vuosina, mutta kukaan ei ole puhunut tilanteesta yht\u00e4 suoraan kuin Jokinen. Jokisen suorapuheisuus on kuitenkin parasta, mit\u00e4 HIFK:lle saattoi tapahtua, sill\u00e4 kyse ei ole ainoastaan loukkaantumisista.<\/p>\n<p class=\"aw-1gybjub aw-1p7kakr ghpEtB jtovHP yle__article__paragraph\">Helsinkil\u00e4isseura on ajelehtinut muutenkin urheilullisesti h\u00e4hm\u00e4isess\u00e4 tilanteessa. Ulosp\u00e4in on my\u00f6s pohdituttanut, mink\u00e4laista valtaa urheilujohtaja saa todellisuudessa seurassa k\u00e4ytt\u00e4\u00e4.<\/p>\n<p class=\"aw-1gybjub aw-1p7kakr ghpEtB jtovHP yle__article__paragraph\">Jokista ylip\u00e4\u00e4t\u00e4\u00e4n n\u00e4ytti \u00e4rsytt\u00e4v\u00e4n suunnattomasti seuran tilanne. H\u00e4n selv\u00e4sti halusi, ett\u00e4 asioista puhutaan kerrankin suoraan ja oikeilla nimill\u00e4. N\u00e4iden puheiden pit\u00e4isi viimein her\u00e4tt\u00e4\u00e4 koko organisaatio.<\/p>\n<p class=\"aw-1gybjub aw-1p7kakr ghpEtB jtovHP yle__article__paragraph\">Kun asioista puhutaan suoraan, se her\u00e4tt\u00e4\u00e4 my\u00f6s luottamusta. En voinut olla huomaamatta, ett\u00e4 Jokisen rehellisyys her\u00e4tti ainakin keskustelupalstojen kannattajissa luottamusta muuhun johtoon verrattuna. Siksi h\u00e4n my\u00f6s saanee kannattajilta ty\u00f6rauhan kurssin k\u00e4\u00e4nt\u00e4miseksi.<\/p>\n<p><img decoding=\"async\" alt=\"Helsingin j\u00e4\u00e4halli kuvattuna ulkoa iltaottelun aikana.\" src=\"https:\/\/www.europesays.com\/fi\/wp-content\/uploads\/2025\/10\/39-152851468d50cd2607de.jpeg\" loading=\"lazy\" class=\"aw-1l9m598 hKVVvP\"\/><\/p>\n<p>Avaa kuvien katselu<\/p>\n<p>HIFK:n viimeisimm\u00e4ss\u00e4 kotiottelussa Ilvest\u00e4 vastaan oli vaikeasta tilanteesta huolimattta yli 7 700 katsojaa. Kuva: Jari K\u00e4rkk\u00e4inen\/ Yle<\/p>\n<p class=\"aw-1gybjub aw-1p7kakr ghpEtB jtovHP yle__article__paragraph\">Jos Jokisen puheet otetaan vakavasti, tiedotustilaisuutta voidaan katsella j\u00e4lkik\u00e4teen eri silmin. T\u00e4m\u00e4n ainakin pit\u00e4isi olla k\u00e4\u00e4nnekohta, jonka j\u00e4lkeen seura pyrkii tosissaan saamaan luottamuksensa takaisin kannattajien suuntaan.<\/p>\n<p class=\"aw-1gybjub aw-1p7kakr ghpEtB jtovHP yle__article__paragraph\">Se vaatii kuitenkin asennemuutosta, sill\u00e4 HIFK:sta on paistanut jopa ylimielinen suhtautuminen kritiikkiin. Seuran ty\u00f6ntekij\u00e4 p\u00e4\u00e4tti per\u00e4ti vinoilla toimittajille lehdist\u00f6tilaisuuden alussa siit\u00e4, ett\u00e4 ihmiset tiet\u00e4v\u00e4t HIFK:n olevan sarjajumbo median ansiosta.<\/p>\n<p class=\"aw-1gybjub aw-1p7kakr ghpEtB jtovHP yle__article__paragraph\">Kannattajien puheista Ylelle paljastui, ett\u00e4 heid\u00e4n luottamuksensa seuran johtajiin on selv\u00e4sti koetuksella. Sosiaalisen median perusteella suurta osaa tilaisuus jopa h\u00e4vett\u00e4\u00e4.<\/p>\n<p class=\"aw-1gybjub aw-1p7kakr ghpEtB jtovHP yle__article__paragraph\">HIFK voi parhaimmillaan olla samanlaisen murroksen kynnyksell\u00e4 kuin K\u00e4rp\u00e4t vuosi sitten. Silloin seuraan palannut puheenjohtaja <strong class=\"aw-ak79eh KyCXm yle__article__strong\">Juha Junno<\/strong> paalutti, ett\u00e4 urheilu on saatava takaisin oululaisseuran keski\u00f6\u00f6n.<\/p>\n<p class=\"aw-1gybjub aw-1p7kakr ghpEtB jtovHP yle__article__paragraph\">Jokisen puheista voi huomata, ett\u00e4 HIFK on samassa tilanteessa. Seuraavaksi on tekojen aika.<\/p>\n","protected":false},"excerpt":{"rendered":"Helsingin IFK j\u00e4rjesti maanantaina tiedotustilaisuuden, joka j\u00e4\u00e4nee ainakin toviksi suomalaisen kiekkokansan mieleen. HIFK kutsui paikalle mediaa saatesanoilla, jotka&hellip;\n","protected":false},"author":2,"featured_media":61712,"comment_status":"","ping_status":"","sticky":false,"template":"","format":"standard","meta":{"footnotes":""},"categories":[5],"tags":[22,23,26,27,33,31,30,17,9079,1143,24,25,28,29,15,9530,18,21,2973,32,19,20,160,16],"class_list":{"0":"post-61711","1":"post","2":"type-post","3":"status-publish","4":"format-standard","5":"has-post-thumbnail","7":"category-otsikot","8":"tag-breaking-news","9":"tag-breakingnews","10":"tag-featured-news","11":"tag-featurednews","12":"tag-fi","13":"tag-finland","14":"tag-finnish","15":"tag-headlines","16":"tag-hifk-jaakiekon-miesten-liiga","17":"tag-jaakiekko","18":"tag-latest-news","19":"tag-latestnews","20":"tag-main-news","21":"tag-mainnews","22":"tag-news","23":"tag-olli-jokinen","24":"tag-otsikot","25":"tag-paauutiset","26":"tag-sm-liiga","27":"tag-suomi","28":"tag-top-stories","29":"tag-topstories","30":"tag-urheilu","31":"tag-uutiset"},"share_on_mastodon":{"url":"","error":""},"_links":{"self":[{"href":"https:\/\/www.europesays.com\/fi\/wp-json\/wp\/v2\/posts\/61711","targetHints":{"allow":["GET"]}}],"collection":[{"href":"https:\/\/www.europesays.com\/fi\/wp-json\/wp\/v2\/posts"}],"about":[{"href":"https:\/\/www.europesays.com\/fi\/wp-json\/wp\/v2\/types\/post"}],"author":[{"embeddable":true,"href":"https:\/\/www.europesays.com\/fi\/wp-json\/wp\/v2\/users\/2"}],"replies":[{"embeddable":true,"href":"https:\/\/www.europesays.com\/fi\/wp-json\/wp\/v2\/comments?post=61711"}],"version-history":[{"count":0,"href":"https:\/\/www.europesays.com\/fi\/wp-json\/wp\/v2\/posts\/61711\/revisions"}],"wp:featuredmedia":[{"embeddable":true,"href":"https:\/\/www.europesays.com\/fi\/wp-json\/wp\/v2\/media\/61712"}],"wp:attachment":[{"href":"https:\/\/www.europesays.com\/fi\/wp-json\/wp\/v2\/media?parent=61711"}],"wp:term":[{"taxonomy":"category","embeddable":true,"href":"https:\/\/www.europesays.com\/fi\/wp-json\/wp\/v2\/categories?post=61711"},{"taxonomy":"post_tag","embeddable":true,"href":"https:\/\/www.europesays.com\/fi\/wp-json\/wp\/v2\/tags?post=61711"}],"curies":[{"name":"wp","href":"https:\/\/api.w.org\/{rel}","templated":true}]}}