{"id":61761,"date":"2025-10-14T10:51:09","date_gmt":"2025-10-14T10:51:09","guid":{"rendered":"https:\/\/www.europesays.com\/fi\/61761\/"},"modified":"2025-10-14T10:51:09","modified_gmt":"2025-10-14T10:51:09","slug":"suvi-hartlin-yllattava-ostos-seiska","status":"publish","type":"post","link":"https:\/\/www.europesays.com\/fi\/61761\/","title":{"rendered":"Suvi Hartlin: yll\u00e4tt\u00e4v\u00e4 ostos | Seiska"},"content":{"rendered":"<p>            TIMO KORHONEN\n        <\/p>\n<p class=\"subtitle \">Suvi teki yll\u00e4tt\u00e4v\u00e4n hankinnan kotiinsa.<\/p>\n<p class=\"article-content article-content-width !bg-background\">Radiojuontaja , 44, on py\u00f6rinyt otsikoissa kuluneen vuoden aikana eritoten eronsa sek\u00e4 oikeusprosessinsa my\u00f6t\u00e4.<\/p>\n<p class=\"font-weight-bold m-font-weight-bold article-content article-content-width !bg-background\">Katso my\u00f6s! T\u00e4ss\u00e4 tulevat Pariisin muotiviikkojen s\u00e4v\u00e4ytt\u00e4vimm\u00e4t asut:<\/p>\n<p class=\"article-content article-content-width !bg-background\">Suvi paljasti kev\u00e4\u00e4ll\u00e4 eronneensa hiljattain noin kahden vuoden mittaisesta suhteestaan, ja pian h\u00e4nen el\u00e4m\u00e4ss\u00e4\u00e4n alkoi myllerrys my\u00f6s h\u00e4nen j\u00e4tt\u00e4m\u00e4ns\u00e4 l\u00e4hestymiskieltohakemuksen kanssa.<\/p>\n<p class=\"article-content article-content-width !bg-background\">Nyt Suvi jakaa Instagramissaan ajatuksia kokemistaan vaikeista hetkist\u00e4.<\/p>\n<p>&#8221;Sitten tuli itku&#8221;<\/p>\n<p class=\"article-content article-content-width !bg-background\">Suvi esittelee sunnuntaina (12.10.) jakamassaan <a href=\"https:\/\/www.instagram.com\/suvihartlin\/\" target=\"_blank\" rel=\"nofollow noopener\">Instagram<\/a>-julkaisussaan tuoretta kodin hankintaansa. Suvi on ostanut el\u00e4m\u00e4ns\u00e4 ensimm\u00e4isen taulun. Kyseess\u00e4 ei ole mik\u00e4 tahansa kuva, vaan Suvin vaikeita kokemuksia kuvaistava abstrakti teos.<\/p>\n<p>        <a itemprop=\"url\" href=\"https:\/\/www.seiska.fi\/vain-seiskassa\/suvi-hartlin-ja-esko-eerikainen-kiehnasivat-karaokessa-paljonkertovat-kuvat\/1172966\" rel=\"nofollow noopener\" target=\"_blank\"><\/p>\n<p class=\"section-date\">\n        <strong class=\"article-section\" data-section=\"vain seiskassa\"><br \/>\n            vain seiskassa<br \/>\n        <\/strong><br \/>\n        27.10.2023 06:00\n    <\/p>\n<p>Suvi Hartlin ja Esko Eerik\u00e4inen kiehn\u00e4siv\u00e4t karaokessa \u2013 paljonkertovat kuvat\n    <\/p>\n<p itemprop=\"description\" class=\"subtitle \">\n    \u2013 Kaksikko oli l\u00e4heisiss\u00e4 pussailutunnelmissa, Seiskalle vakuutellaan Helsingin y\u00f6st\u00e4.\n<\/p>\n<p>        <\/a><\/p>\n<p class=\"article-content article-content-width !bg-background\">Suvi kertoo ihailleensa taannoin muuan Helsinkil\u00e4isen taidekoulun teoksia, ja ihastuneensa eritoten yhteen teokseen. Kun Suville paljastui taulun nimi, oli kaupat jo likimain tehty.<\/p>\n<p class=\"article-content article-content-width !bg-background\"> \u2013 Menetin syd\u00e4men t\u00e4lle t\u00e4ysin. Siin\u00e4 on meid\u00e4n kodin v\u00e4rej\u00e4. Sitten luin taulun nimen \u201dMeille k\u00e4y hyvin\u201d. Se oli vahva merkki. Ja sitten tulikin itku, h\u00e4n kertoo.<\/p>\n<p class=\"article-content article-content-width !bg-background\">Suvi kokee taulun olevan tarkoitettu h\u00e4nen ja tytt\u00e4rens\u00e4 kotiin.<\/p>\n<p class=\"article-content article-content-width !bg-background\"> \u2013\u00a0Se edustaa iloa, valoa ja toivoa. Kaikkea sit\u00e4, mit\u00e4 haluan el\u00e4m\u00e4\u00e4n, Suvi pohtii.<\/p>\n<p>Vaikea vuosi<\/p>\n<p class=\"article-content article-content-width !bg-background\">Suvi erosi vuonna 2023 kahdentoista vuoden suhteestaan  kanssa. H\u00e4n ilmoitti erouutiset saman vuoden hein\u00e4kuussa.<\/p>\n<p class=\"article-content article-content-width !bg-background\">Pian Suvi paljasti l\u00f6yt\u00e4neens\u00e4 el\u00e4m\u00e4\u00e4ns\u00e4 uuden kullan. H\u00e4n kertoi sosiaalisessa mediassa marraskuussa 2023 tutustuneensa komeaan mieheen, joka oli vienyt h\u00e4nen syd\u00e4mens\u00e4.<\/p>\n<p>        <a itemprop=\"url\" href=\"https:\/\/www.seiska.fi\/kotimaa\/suvi-hartlin-tunnusti-tunteensa-esko-eerikaiselle\/1169634\" rel=\"nofollow noopener\" target=\"_blank\"><\/p>\n<p class=\"section-date\">\n        <strong class=\"article-section\" data-section=\"kotimaa\"><br \/>\n            kotimaa<br \/>\n        <\/strong><br \/>\n        20.10.2023 15:39\n    <\/p>\n<p>Suvi Hartlin tunnusti tunteensa Esko Eerik\u00e4iselle\n    <\/p>\n<p itemprop=\"description\" class=\"subtitle \">\n    Esko Eerik\u00e4inen sai Suvi Hartlinilta tunteikkaan viestin.\n<\/p>\n<p>        <\/a><\/p>\n<p class=\"article-content article-content-width !bg-background\">Loppuvuodesta 2024 Suvi kertoi myyneens\u00e4 asuntonsa, ja kev\u00e4\u00e4ll\u00e4 2025 koitti muuttopuuhat. Maaliskuussa 2025 Suvi ilmoitti my\u00f6s h\u00e4nen noin 2 vuotta kest\u00e4neen suhteensa tulleen p\u00e4\u00e4t\u00f6kseen. Suvi osti rintamamiestalon, ja muutti sinne yhdess\u00e4 17-vuotiaan tytt\u00e4rens\u00e4 kanssa.<\/p>\n<p class=\"article-content article-content-width !bg-background\">Pian Suvi nousi j\u00e4lleen otsikoihin, kun h\u00e4nell\u00e4 meneill\u00e4\u00e4n ollut oikeusprosessi tuli julki. <a href=\"https:\/\/www.seiska.fi\/rikos\/suvi-hartlinin-painajainen-paljastui-mies-maarattiin-lahestymiskieltoon\/1878619\" target=\"_blank\" rel=\"nofollow noopener\">Seiska<\/a> uutisoi elokuussa Suvin hakeneen l\u00e4hestymiskieltoa.<\/p>\n<p>                <img decoding=\"async\" src=\"https:\/\/www.europesays.com\/fi\/wp-content\/uploads\/2025\/10\/1960137.webp\" width=\"576\" height=\"720\" alt=\"Suvi on tullut tunnetuksi Radio Novan juontajana. Suvi vet\u00e4\u00e4 Radio Novan iltap\u00e4iv\u00e4\u00e4 yhdess\u00e4 Esko Eerik\u00e4isen kanssa.\" loading=\"lazy\" \/>            <\/p>\n<p>            Suvi on tullut tunnetuksi Radio Novan juontajana. Suvi vet\u00e4\u00e4 Radio Novan iltap\u00e4iv\u00e4\u00e4 yhdess\u00e4  kanssa.<br \/>\n            ATTE KAJOVA<\/p>\n<p>        <a itemprop=\"url\" href=\"https:\/\/www.seiska.fi\/kotimaa\/suhdehuhut-vellovat-esko-eerikaisen-ja-suvi-hartlinin-yllattava-yhteistyo-paljastui\/1141806\" rel=\"nofollow noopener\" target=\"_blank\"><\/p>\n<p class=\"section-date\">\n        <strong class=\"article-section\" data-section=\"kotimaa\"><br \/>\n            kotimaa<br \/>\n        <\/strong><br \/>\n        22.9.2023 07:30\n    <\/p>\n<p>Suhdehuhut vellovat! Esko Eerik\u00e4isen ja Suvi Hartlinin yll\u00e4tt\u00e4v\u00e4 yhteisty\u00f6 paljastui\n    <\/p>\n<p itemprop=\"description\" class=\"subtitle \">\n    Esko ja Suvi on yhdistetty toisiinsa my\u00f6s romanttisessa mieless\u00e4.\n<\/p>\n<p>        <\/a><\/p>\n<p class=\"article-content article-content-width !bg-background\">L\u00e4hestymiskieltohakemuksen mukaan mies oli kahdesti ilmestynyt Suvin kotipihalle ja rikkonut Suvin autoa. Mies oli my\u00f6s p\u00e4\u00e4ssyt Suvin kodin rappuk\u00e4yt\u00e4v\u00e4\u00e4n.<\/p>\n<p class=\"article-content article-content-width !bg-background\">Hakemuksen mukaan mies oli veitsell\u00e4 kirjoittanut Suvin oveen. Poliisi tuli paikalle ja otti miehen kiinni pihalta.<\/p>\n<p class=\"article-content article-content-width !bg-background\">Suvi oli est\u00e4nyt miehen puhelimitse tapahtuvat yhteydenotot. Mies kuitenkin yritti jatkaa yhteydenottoa muun muassa sosiaalisen median kautta.<\/p>\n<p class=\"article-content article-content-width !bg-background\">Suvin k\u00e4rj\u00e4oikeuteen toimittamien kirjallisten todisteiden mukaan mies oli kertonut siskolleen \u201dpilaavansa Suvin el\u00e4m\u00e4n\u201d.<\/p>\n<p class=\"article-content article-content-width !bg-background\"> Asiaa k\u00e4siteltiin huhtikuussa L\u00e4nsi-Uudenmaan k\u00e4r\u00e4j\u00e4oikeudessa. Oikeus m\u00e4\u00e4r\u00e4si miehen vuoden mittaiseen laajennettuun l\u00e4hestymiskieltoon. <\/p>\n<p><script async src=\"\/\/www.instagram.com\/embed.js\"><\/script><\/p>\n","protected":false},"excerpt":{"rendered":"TIMO KORHONEN Suvi teki yll\u00e4tt\u00e4v\u00e4n hankinnan kotiinsa. Radiojuontaja , 44, on py\u00f6rinyt otsikoissa kuluneen vuoden aikana eritoten eronsa&hellip;\n","protected":false},"author":2,"featured_media":61762,"comment_status":"","ping_status":"","sticky":false,"template":"","format":"standard","meta":{"footnotes":""},"categories":[136],"tags":[407,137,1664,33,31,30,408,14084,212,10457,32,3232,109],"class_list":{"0":"post-61761","1":"post","2":"type-post","3":"status-publish","4":"format-standard","5":"has-post-thumbnail","7":"category-julkkikset","8":"tag-celebrities","9":"tag-entertainment","10":"tag-ero","11":"tag-fi","12":"tag-finland","13":"tag-finnish","14":"tag-julkkikset","15":"tag-lahestymiskielto","16":"tag-lifestyle","17":"tag-oikeusprosessi","18":"tag-suomi","19":"tag-suvi-hartlin","20":"tag-viihde"},"share_on_mastodon":{"url":"","error":""},"_links":{"self":[{"href":"https:\/\/www.europesays.com\/fi\/wp-json\/wp\/v2\/posts\/61761","targetHints":{"allow":["GET"]}}],"collection":[{"href":"https:\/\/www.europesays.com\/fi\/wp-json\/wp\/v2\/posts"}],"about":[{"href":"https:\/\/www.europesays.com\/fi\/wp-json\/wp\/v2\/types\/post"}],"author":[{"embeddable":true,"href":"https:\/\/www.europesays.com\/fi\/wp-json\/wp\/v2\/users\/2"}],"replies":[{"embeddable":true,"href":"https:\/\/www.europesays.com\/fi\/wp-json\/wp\/v2\/comments?post=61761"}],"version-history":[{"count":0,"href":"https:\/\/www.europesays.com\/fi\/wp-json\/wp\/v2\/posts\/61761\/revisions"}],"wp:featuredmedia":[{"embeddable":true,"href":"https:\/\/www.europesays.com\/fi\/wp-json\/wp\/v2\/media\/61762"}],"wp:attachment":[{"href":"https:\/\/www.europesays.com\/fi\/wp-json\/wp\/v2\/media?parent=61761"}],"wp:term":[{"taxonomy":"category","embeddable":true,"href":"https:\/\/www.europesays.com\/fi\/wp-json\/wp\/v2\/categories?post=61761"},{"taxonomy":"post_tag","embeddable":true,"href":"https:\/\/www.europesays.com\/fi\/wp-json\/wp\/v2\/tags?post=61761"}],"curies":[{"name":"wp","href":"https:\/\/api.w.org\/{rel}","templated":true}]}}