{"id":61857,"date":"2025-10-14T12:43:07","date_gmt":"2025-10-14T12:43:07","guid":{"rendered":"https:\/\/www.europesays.com\/fi\/61857\/"},"modified":"2025-10-14T12:43:07","modified_gmt":"2025-10-14T12:43:07","slug":"pirkkalan-k-citymarket-juhlii-25-vuotissyntymapaivia-kauppias-lupaa-uudistuksia-ensi-vuoden-alkuun-paikalliset","status":"publish","type":"post","link":"https:\/\/www.europesays.com\/fi\/61857\/","title":{"rendered":"Pirkkalan K-Citymarket juhlii 25-vuotissyntym\u00e4p\u00e4ivi\u00e4 \u2013 Kauppias lupaa uudistuksia ensi vuoden alkuun | Paikalliset"},"content":{"rendered":"<p>Pirkkalan K-Citymarket t\u00e4ytt\u00e4\u00e4 t\u00e4n\u00e4 syksyn\u00e4 25 vuotta. Merkkip\u00e4iv\u00e4\u00e4 juhlitaan asiakkaiden kanssa lokakuussa useamman p\u00e4iv\u00e4n ajan.<\/p>\n<p>Pirkkalan K-Citymarketin ensimm\u00e4inen kokonaisuudistus tehtiin vuonna 2018. Huhtikuussa 2020 K-Citymarket Pirkkala muutti ensimm\u00e4isen\u00e4 kauppana Pirkanmaalla olemaan avoinna ymp\u00e4ri vuorokauden.<\/p>\n<p>Vuonna 2022 saatiin kauppakeskuksesta lis\u00e4\u00e4 tilaa k\u00e4ytt\u00f6\u00f6n ja kauppaan valmistui ravintolamaailma. T\u00e4n\u00e4 vuona kaupan piha ja julkisivu saneerattiin kokonaan.<\/p>\n<p>\u2013 Uutta on taas tulossa vuoden alkuun, kauppias <strong>Petri Putila<\/strong> sanoo tiedotteessa.<\/p>\n<p>Asiakkaiden kanssa syntym\u00e4p\u00e4ivi\u00e4 juhlitaan torstaista 30.10. alkaen koko loppuviikko.<\/p>\n","protected":false},"excerpt":{"rendered":"Pirkkalan K-Citymarket t\u00e4ytt\u00e4\u00e4 t\u00e4n\u00e4 syksyn\u00e4 25 vuotta. Merkkip\u00e4iv\u00e4\u00e4 juhlitaan asiakkaiden kanssa lokakuussa useamman p\u00e4iv\u00e4n ajan. Pirkkalan K-Citymarketin ensimm\u00e4inen&hellip;\n","protected":false},"author":2,"featured_media":61858,"comment_status":"","ping_status":"","sticky":false,"template":"","format":"standard","meta":{"footnotes":""},"categories":[130],"tags":[137,33,31,30,898,3187,14311,32,712,3038,2200,109,7604],"class_list":{"0":"post-61857","1":"post","2":"type-post","3":"status-publish","4":"format-standard","5":"has-post-thumbnail","7":"category-viihde","8":"tag-entertainment","9":"tag-fi","10":"tag-finland","11":"tag-finnish","12":"tag-kulutustavarat","13":"tag-kulutustavarat-ja-palvelut-sektori","14":"tag-pirkka-tuotemerkki","15":"tag-suomi","16":"tag-tampereen-seutukunta","17":"tag-vahittaiskauppa-erikoistumattomissa-myymaloissa","18":"tag-vahittaiskauppa-pl-moottoriajoneuvot-kotitaloustavaroiden-korjaus","19":"tag-viihde","20":"tag-yleistukkukauppa"},"share_on_mastodon":{"url":"","error":""},"_links":{"self":[{"href":"https:\/\/www.europesays.com\/fi\/wp-json\/wp\/v2\/posts\/61857","targetHints":{"allow":["GET"]}}],"collection":[{"href":"https:\/\/www.europesays.com\/fi\/wp-json\/wp\/v2\/posts"}],"about":[{"href":"https:\/\/www.europesays.com\/fi\/wp-json\/wp\/v2\/types\/post"}],"author":[{"embeddable":true,"href":"https:\/\/www.europesays.com\/fi\/wp-json\/wp\/v2\/users\/2"}],"replies":[{"embeddable":true,"href":"https:\/\/www.europesays.com\/fi\/wp-json\/wp\/v2\/comments?post=61857"}],"version-history":[{"count":0,"href":"https:\/\/www.europesays.com\/fi\/wp-json\/wp\/v2\/posts\/61857\/revisions"}],"wp:featuredmedia":[{"embeddable":true,"href":"https:\/\/www.europesays.com\/fi\/wp-json\/wp\/v2\/media\/61858"}],"wp:attachment":[{"href":"https:\/\/www.europesays.com\/fi\/wp-json\/wp\/v2\/media?parent=61857"}],"wp:term":[{"taxonomy":"category","embeddable":true,"href":"https:\/\/www.europesays.com\/fi\/wp-json\/wp\/v2\/categories?post=61857"},{"taxonomy":"post_tag","embeddable":true,"href":"https:\/\/www.europesays.com\/fi\/wp-json\/wp\/v2\/tags?post=61857"}],"curies":[{"name":"wp","href":"https:\/\/api.w.org\/{rel}","templated":true}]}}