{"id":61929,"date":"2025-10-14T14:32:08","date_gmt":"2025-10-14T14:32:08","guid":{"rendered":"https:\/\/www.europesays.com\/fi\/61929\/"},"modified":"2025-10-14T14:32:08","modified_gmt":"2025-10-14T14:32:08","slug":"meita-kohdellaan-huonommin-kuin-vankeja","status":"publish","type":"post","link":"https:\/\/www.europesays.com\/fi\/61929\/","title":{"rendered":"\u201dMeit\u00e4 kohdellaan huonommin kuin vankeja\u201d"},"content":{"rendered":"<p>Suomesta karkotettavat ihmiset eiv\u00e4t ole tyytyv\u00e4isi\u00e4 kohteluunsa.<\/p>\n<p><img decoding=\"async\" class=\"image image-show image-preview\" src=\"https:\/\/www.europesays.com\/fi\/wp-content\/uploads\/2025\/10\/c7887b8deac3d649be50c572d1a6aec8240289f247b48878a429e432924cbb84.jpg\" alt=\"\"\/><img decoding=\"async\" class=\"image image-show\" src=\"https:\/\/www.europesays.com\/fi\/wp-content\/uploads\/2025\/10\/1760452328_467_c7887b8deac3d649be50c572d1a6aec8240289f247b48878a429e432924cbb84.jpg\" alt=\"\"\/><\/p>\n<p>Joutsenon s\u00e4il\u00f6\u00f6nottoyksikk\u00f6 sijaitsee entisess\u00e4 Konnunsuon vankilassa. Mia Jussinniemi<\/p>\n<ul>\n<li>Yli kymmenen karkotusp\u00e4\u00e4t\u00f6st\u00e4 odottavaa henkil\u00f6\u00e4 on aloittanut n\u00e4lk\u00e4lakon Joutsenon s\u00e4il\u00f6\u00f6nottoyksik\u00f6ss\u00e4 Etel\u00e4-Karjalassa. <\/li>\n<li>Lakkoilijat protestoivat yksik\u00f6ss\u00e4 tarjottavan ruoan laatua, m\u00e4\u00e4r\u00e4\u00e4 ja mahdollisuutta saada haltuunsa omia tavaroitaan. <\/li>\n<li>Milan Jaff on Iltalehden tietojen mukaan yksi n\u00e4lk\u00e4lakkoilijoista.<\/li>\n<\/ul>\n<p class=\"paragraph\">Joutsenon s\u00e4il\u00f6\u00f6nottoyksik\u00f6ss\u00e4 on alkanut n\u00e4lk\u00e4lakko. Asukkaat kertovat, ett\u00e4 yksik\u00f6ss\u00e4 tarjoillaan vain kaksi ateriaa p\u00e4iv\u00e4ss\u00e4, eik\u00e4 ruokaa voi t\u00e4ydent\u00e4\u00e4 omilla ostoksilla.<\/p>\n<p class=\"paragraph\">Iltalehti on n\u00e4hnyt ruuasta vastaavan Compass-groupin ruokalistan. Kanttiinissa on myynniss\u00e4 vain v\u00e4lipaloja, kuten sipsej\u00e4, p\u00e4hkin\u00f6it\u00e4, popcornia ja j\u00e4\u00e4tel\u00f6\u00e4, mutta ei varsinaisia ateriatarvikkeita. Lis\u00e4ksi valikoima on asukkaiden mukaan niin rajallinen, etteiv\u00e4t tuotteet riit\u00e4 kaikille osastoille.<\/p>\n<p class=\"paragraph\">\u2013 Ruokaa ei edes pystyisi valmistamaan, sill\u00e4 meill\u00e4 ei ole k\u00e4yt\u00f6ss\u00e4 uunia, er\u00e4s lakkoilija kertoo Iltalehdelle.<\/p>\n<p class=\"paragraph\">N\u00e4lk\u00e4lakossa on yli kymmenen henkil\u00f6\u00e4 ja yksi heist\u00e4 on Iltalehden tietojen mukaan katujengihahmo Milan Jaff. H\u00e4n on saanut karkotusp\u00e4\u00e4t\u00f6ksen, josta h\u00e4n aikoo valittaa.<\/p>\n<p class=\"paragraph\">Kahdeksan asukasta on 8. lokakuuta allekirjoittanut laitoksen johtaja <strong>Jari K\u00e4hk\u00f6selle<\/strong> osoitetun valituksen. Johtajan antamassa vastauksessa tuodaan esille se, ett\u00e4 p\u00e4iv\u00e4llisen yhteydess\u00e4 asukkaille annettaisiin tarvikkeita iltapalan ja aamupalan valmistamiseen. T\u00e4st\u00e4 lakkolaiset ovat eri mielt\u00e4.<\/p>\n<p class=\"paragraph\">\u2013 Emme ole vankeja, mutta meit\u00e4 kohdellaan huonommin kuin vankeja, er\u00e4s n\u00e4lk\u00e4lakkoon osallistuva kertoo Iltalehdelle.<\/p>\n<p class=\"paragraph\">Lakkoilijoiden mukaan yksi i\u00e4k\u00e4s henkil\u00f6 on ollut sy\u00f6m\u00e4tt\u00e4 jo viikon, useat muut kaksi p\u00e4iv\u00e4\u00e4.<\/p>\n<p class=\"paragraph\">Ongelmat eiv\u00e4t rajoitu lakkolaisten n\u00e4kemyksen mukaan vain ruokahuoltoon. S\u00e4il\u00f6\u00f6n otetut kertovat, ett\u00e4 omien tavaroiden saaminen haltuun on hankalaa ja viiv\u00e4styy toisinaan ilman selv\u00e4\u00e4 syyt\u00e4.<\/p>\n<p class=\"paragraph\">My\u00f6s tapaamisj\u00e4rjestelyt her\u00e4tt\u00e4v\u00e4t n\u00e4r\u00e4\u00e4: Tapaamiset l\u00e4heisten kanssa kest\u00e4v\u00e4t vain muutaman tunnin, vaikka monilla perheill\u00e4 kest\u00e4\u00e4 matkustaa paikalle koko p\u00e4iv\u00e4n. Tapaamistila on pieni huone ilman lapsille soveltuvaa tekemist\u00e4 tai leluja.<\/p>\n<p>Ei rangaistus<\/p>\n<p>Milan Jaff siirrettiin Joutsenoon odottamaan karkotusta heti, kun h\u00e4n oli p\u00e4\u00e4ssyt vankilasta. Jaff on valittanut p\u00e4\u00e4t\u00f6ksest\u00e4. Mia Jussinniemi<\/p>\n<p class=\"paragraph\">S\u00e4il\u00f6ss\u00e4pidon enimm\u00e4isaikaa pidennettiin toukokuussa, ja nyt maastapoistamisp\u00e4\u00e4t\u00f6ksen saanutta henkil\u00f6\u00e4 voidaan pit\u00e4\u00e4 s\u00e4il\u00f6ss\u00e4 jopa puolitoista vuotta. S\u00e4il\u00f6\u00f6nottoyksik\u00f6iss\u00e4 on my\u00f6s henkil\u00f6it\u00e4, joiden karkotusprosessi on viel\u00e4 kesken ja joiden on mahdollista p\u00e4\u00e4st\u00e4 my\u00f6hemmin vapaaksi.<\/p>\n<p class=\"paragraph\">Suomen lain mukaan s \u00e4il\u00f6\u00f6notto on hallinnollinen toimenpide, ei rangaistus. Lain edellytt\u00e4m\u00e4ll\u00e4 tavalla s\u00e4il\u00f6\u00f6n otettuja on kohdeltava ihmisarvoa kunnioittaen, eik\u00e4 heid\u00e4n oikeuksiaan saa rajoittaa enemp\u00e4\u00e4 kuin on v\u00e4ltt\u00e4m\u00e4t\u00f6nt\u00e4 yksik\u00f6n j\u00e4rjestyksen ja turvallisuuden vuoksi.<\/p>\n<p class=\"paragraph\">S\u00e4il\u00f6\u00f6n otetulla on oltava oikeus pit\u00e4\u00e4 hallussaan kohtuullinen m\u00e4\u00e4r\u00e4 henkil\u00f6kohtaista omaisuutta, ja h\u00e4nen on saatava riitt\u00e4v\u00e4sti ravitsevaa ruokaa, joka turvaa terveyden ja perustoimeentulon.<\/p>\n<p class=\"paragraph\">Useiden n\u00e4lk\u00e4lakkolaisten mukaan Joutsenon yksik\u00f6ss\u00e4 ei ole juurikaan virikkeit\u00e4 tai muuta mielek\u00e4st\u00e4 tekemist\u00e4 p\u00e4ivitt\u00e4isen, noin tunnin mittaisen ulkoilun lis\u00e4ksi. Joutsenon s\u00e4il\u00f6 sijaitsee Konnunsuon entisess\u00e4 vankilassa, mink\u00e4 vuoksi olosuhteet ovat vankeuden kaltaiset. S\u00e4il\u00f6\u00f6n otetut asuvat vankiselleiss\u00e4, joiden ovia ei kuitenkaan lukita.<\/p>\n<p>\u201dEi harvinaista\u201d<\/p>\n<p class=\"paragraph\">Maahanmuuttoviraston vastaanottopalveluiden osaston johtaja <strong>Elina Nurmi<\/strong> kertoo Iltalehdelle, ett\u00e4 n\u00e4lk\u00e4lakot eiv\u00e4t ole s\u00e4il\u00f6\u00f6nottoyksik\u00f6iss\u00e4 poikkeuksellisia, vaikka niiden syyt vaihtelevat.<\/p>\n<p class=\"paragraph\">\u2013 N\u00e4lk\u00e4lakot ovat p\u00e4\u00e4s\u00e4\u00e4nt\u00f6isesti lyhytkestoisia. Ne p\u00e4\u00e4ttyv\u00e4t yleens\u00e4 hyv\u00e4ss\u00e4 yhteisymm\u00e4rryksess\u00e4 ammattilaisten k\u00e4ymien keskustelujen ja psykososiaalisen tukity\u00f6n ansiosta, Nurmi toteaa.<\/p>\n<p class=\"paragraph\">H\u00e4nen mukaansa n\u00e4lk\u00e4lakot ovat usein vetoomuksellisia ja liittyv\u00e4t p\u00e4\u00e4t\u00f6ksiin, jotka eiv\u00e4t ole yksik\u00f6n omassa toimivallassa. Joskus perusteena on tyytym\u00e4tt\u00f6myys ruokaan, joka ei aina vastaa eri kulttuureista tulevien ihmisten tottumuksia.<\/p>\n<p class=\"paragraph\">\u2013 Ruoka on melko tyypillinen palautteen aihe niin s\u00e4il\u00f6\u00f6nottoyksik\u00f6iss\u00e4 kuin vastaanottokeskuksissakin, joissa on erillinen ruokapalvelu, Nurmi sanoo.<\/p>\n<p class=\"paragraph\">Maahanmuuttovirasto korostaa, ett\u00e4 n\u00e4lk\u00e4lakkoihin suhtaudutaan aina vakavasti. S\u00e4il\u00f6\u00f6nottoyksik\u00f6ill\u00e4 on k\u00e4yt\u00f6ss\u00e4 viraston ohjeistus n\u00e4lk\u00e4lakossa olevan henkil\u00f6n hoidosta ja tukemisesta, ja henkil\u00f6kunta on koulutettu toimimaan t\u00e4llaisissa tilanteissa.<\/p>\n<p class=\"paragraph\">\u2013 Yksik\u00f6n sairaanhoitaja tapaa henkil\u00f6t, joiden on syyt\u00e4 ep\u00e4ill\u00e4 olevan n\u00e4lk\u00e4lakossa, ja varmistaa, ett\u00e4 p\u00e4\u00e4t\u00f6s on oma-aloitteinen. Terveydenhuollon kautta seurataan osallistujien vointia ja samalla varmistetaan h\u00e4iri\u00f6t\u00f6n ruoanjakelu muille asukkaille, Nurmi kertoo.<\/p>\n<p class=\"paragraph\">Maahanmuuttovirasto ei kommentoi yksitt\u00e4isten henkil\u00f6iden tilannetta, kuten v\u00e4itteit\u00e4 i\u00e4kk\u00e4\u00e4n henkil\u00f6n pitk\u00e4aikaisesta sy\u00f6m\u00e4tt\u00f6myydest\u00e4.<\/p>\n","protected":false},"excerpt":{"rendered":"Suomesta karkotettavat ihmiset eiv\u00e4t ole tyytyv\u00e4isi\u00e4 kohteluunsa. Joutsenon s\u00e4il\u00f6\u00f6nottoyksikk\u00f6 sijaitsee entisess\u00e4 Konnunsuon vankilassa. Mia Jussinniemi Yli kymmenen karkotusp\u00e4\u00e4t\u00f6st\u00e4&hellip;\n","protected":false},"author":2,"featured_media":61930,"comment_status":"","ping_status":"","sticky":false,"template":"","format":"standard","meta":{"footnotes":""},"categories":[12],"tags":[35,22,23,26,27,33,31,30,17,53,24,25,28,29,15,976,18,21,637,38,900,32,19,20,16],"class_list":{"0":"post-61929","1":"post","2":"type-post","3":"status-publish","4":"format-standard","5":"has-post-thumbnail","7":"category-suomi","8":"tag-24h","9":"tag-breaking-news","10":"tag-breakingnews","11":"tag-featured-news","12":"tag-featurednews","13":"tag-fi","14":"tag-finland","15":"tag-finnish","16":"tag-headlines","17":"tag-laki-oikeus-ja-rikos","18":"tag-latest-news","19":"tag-latestnews","20":"tag-main-news","21":"tag-mainnews","22":"tag-news","23":"tag-oikeusprosessit","24":"tag-otsikot","25":"tag-paauutiset","26":"tag-politiikka","27":"tag-rikos","28":"tag-ruoka","29":"tag-suomi","30":"tag-top-stories","31":"tag-topstories","32":"tag-uutiset"},"share_on_mastodon":{"url":"","error":""},"_links":{"self":[{"href":"https:\/\/www.europesays.com\/fi\/wp-json\/wp\/v2\/posts\/61929","targetHints":{"allow":["GET"]}}],"collection":[{"href":"https:\/\/www.europesays.com\/fi\/wp-json\/wp\/v2\/posts"}],"about":[{"href":"https:\/\/www.europesays.com\/fi\/wp-json\/wp\/v2\/types\/post"}],"author":[{"embeddable":true,"href":"https:\/\/www.europesays.com\/fi\/wp-json\/wp\/v2\/users\/2"}],"replies":[{"embeddable":true,"href":"https:\/\/www.europesays.com\/fi\/wp-json\/wp\/v2\/comments?post=61929"}],"version-history":[{"count":0,"href":"https:\/\/www.europesays.com\/fi\/wp-json\/wp\/v2\/posts\/61929\/revisions"}],"wp:featuredmedia":[{"embeddable":true,"href":"https:\/\/www.europesays.com\/fi\/wp-json\/wp\/v2\/media\/61930"}],"wp:attachment":[{"href":"https:\/\/www.europesays.com\/fi\/wp-json\/wp\/v2\/media?parent=61929"}],"wp:term":[{"taxonomy":"category","embeddable":true,"href":"https:\/\/www.europesays.com\/fi\/wp-json\/wp\/v2\/categories?post=61929"},{"taxonomy":"post_tag","embeddable":true,"href":"https:\/\/www.europesays.com\/fi\/wp-json\/wp\/v2\/tags?post=61929"}],"curies":[{"name":"wp","href":"https:\/\/api.w.org\/{rel}","templated":true}]}}