{"id":61931,"date":"2025-10-14T14:33:09","date_gmt":"2025-10-14T14:33:09","guid":{"rendered":"https:\/\/www.europesays.com\/fi\/61931\/"},"modified":"2025-10-14T14:33:09","modified_gmt":"2025-10-14T14:33:09","slug":"ulkorakennus-vaurioitui-pahoin-tulipalossa-eurajoella-mutta-rakennuksessa-ollut-vene-saatiin-turvaan","status":"publish","type":"post","link":"https:\/\/www.europesays.com\/fi\/61931\/","title":{"rendered":"Ulkorakennus vaurioitui pahoin tulipalossa Eurajoella, mutta rakennuksessa ollut vene saatiin turvaan"},"content":{"rendered":"<p>Pelastuslaitos tiedotti puolisen tuntia h\u00e4lytyksen j\u00e4lkeen, ett\u00e4 Alakyl\u00e4ntiell\u00e4 palaa erillinen ulkorakennus.<\/p>\n<p class=\"article-body mb-nof-24 px-nof-16\">Eurajoki<\/p>\n<p class=\"article-body mb-nof-24 px-nof-16\">Noin 60 neli\u00f6n kokoinen varastorakennus k\u00e4rsi isot vahingot Eurajoella maanantaina iltap\u00e4iv\u00e4ll\u00e4 syttyneess\u00e4 tulipalossa. Palopaikka oli Alakyl\u00e4ntielle, entisen Luvian kunnan alueella.<\/p>\n<p class=\"article-body mb-nof-24 px-nof-16\">Pelastuslaitos sai palosta h\u00e4lytyksen kello 15.15. P\u00e4ivyst\u00e4v\u00e4 palomestari <a class=\"article-personlink\" href=\"https:\/\/www.satakunnankansa.fi\/haku\/?query=Jussi%20L%C3%B6pp%C3%B6nen\" rel=\"nofollow noopener\" target=\"_blank\">Jussi L\u00f6pp\u00f6nen<\/a> kertoo, ett\u00e4 rakennus oli pelastuslaitoksen saapuessa t\u00e4yden palamisen vaiheessa. Alkuvaiheessa paloa sammutti kymmenen pelastuslaitoksenyksikk\u00f6\u00e4.<\/p>\n<p class=\"article-body mb-nof-24 px-nof-16\">Kukaan ei loukkaantunut palossa, mutta rakennus k\u00e4rsi tuntuvia vahinkoja. Pelastajat saivat L\u00f6pp\u00f6sen mukaan pelastettua rakennuksen sis\u00e4lt\u00e4 irtaimistoa, ainakin veneen.<\/p>\n<p class=\"article-body mb-nof-24 px-nof-16\">Noin 15 metrin p\u00e4\u00e4ss\u00e4 palaneesta rakennuksesta oli toinen rakennus, ja palo oli p\u00e4\u00e4ssyt levi\u00e4m\u00e4\u00e4n maastoon.<\/p>\n<p class=\"article-body mb-nof-24 px-nof-16\">\u201dLevi\u00e4minen viereiseen rakennukseen estettiin, ja maasto on sen verran m\u00e4rk\u00e4\u00e4, ett\u00e4 se ei tarvinnut paljoa sammutusvett\u00e4.<\/p>\n<p class=\"article-body mb-nof-24 px-nof-16\">Puoli viidelt\u00e4 iltap\u00e4iv\u00e4ll\u00e4 palopaikalla oli menossa j\u00e4lkisammutusty\u00f6t, joissa rakenteista sammutettiin viimeisi\u00e4 palopes\u00e4kkeit\u00e4. Paikalla oli viel\u00e4 tuolloin seitsem\u00e4n yksikk\u00f6\u00e4.<\/p>\n","protected":false},"excerpt":{"rendered":"Pelastuslaitos tiedotti puolisen tuntia h\u00e4lytyksen j\u00e4lkeen, ett\u00e4 Alakyl\u00e4ntiell\u00e4 palaa erillinen ulkorakennus. Eurajoki Noin 60 neli\u00f6n kokoinen varastorakennus k\u00e4rsi&hellip;\n","protected":false},"author":2,"featured_media":61932,"comment_status":"","ping_status":"","sticky":false,"template":"","format":"standard","meta":{"footnotes":""},"categories":[5],"tags":[22,23,26,27,33,31,30,17,24,25,28,29,15,18,21,80,32,19,20,16],"class_list":{"0":"post-61931","1":"post","2":"type-post","3":"status-publish","4":"format-standard","5":"has-post-thumbnail","7":"category-otsikot","8":"tag-breaking-news","9":"tag-breakingnews","10":"tag-featured-news","11":"tag-featurednews","12":"tag-fi","13":"tag-finland","14":"tag-finnish","15":"tag-headlines","16":"tag-latest-news","17":"tag-latestnews","18":"tag-main-news","19":"tag-mainnews","20":"tag-news","21":"tag-otsikot","22":"tag-paauutiset","23":"tag-satakunnan-kansa","24":"tag-suomi","25":"tag-top-stories","26":"tag-topstories","27":"tag-uutiset"},"share_on_mastodon":{"url":"","error":""},"_links":{"self":[{"href":"https:\/\/www.europesays.com\/fi\/wp-json\/wp\/v2\/posts\/61931","targetHints":{"allow":["GET"]}}],"collection":[{"href":"https:\/\/www.europesays.com\/fi\/wp-json\/wp\/v2\/posts"}],"about":[{"href":"https:\/\/www.europesays.com\/fi\/wp-json\/wp\/v2\/types\/post"}],"author":[{"embeddable":true,"href":"https:\/\/www.europesays.com\/fi\/wp-json\/wp\/v2\/users\/2"}],"replies":[{"embeddable":true,"href":"https:\/\/www.europesays.com\/fi\/wp-json\/wp\/v2\/comments?post=61931"}],"version-history":[{"count":0,"href":"https:\/\/www.europesays.com\/fi\/wp-json\/wp\/v2\/posts\/61931\/revisions"}],"wp:featuredmedia":[{"embeddable":true,"href":"https:\/\/www.europesays.com\/fi\/wp-json\/wp\/v2\/media\/61932"}],"wp:attachment":[{"href":"https:\/\/www.europesays.com\/fi\/wp-json\/wp\/v2\/media?parent=61931"}],"wp:term":[{"taxonomy":"category","embeddable":true,"href":"https:\/\/www.europesays.com\/fi\/wp-json\/wp\/v2\/categories?post=61931"},{"taxonomy":"post_tag","embeddable":true,"href":"https:\/\/www.europesays.com\/fi\/wp-json\/wp\/v2\/tags?post=61931"}],"curies":[{"name":"wp","href":"https:\/\/api.w.org\/{rel}","templated":true}]}}