{"id":61947,"date":"2025-10-14T14:57:08","date_gmt":"2025-10-14T14:57:08","guid":{"rendered":"https:\/\/www.europesays.com\/fi\/61947\/"},"modified":"2025-10-14T14:57:08","modified_gmt":"2025-10-14T14:57:08","slug":"journalisti-hs-puuttui-toimittajansa-somekirjoituksiin","status":"publish","type":"post","link":"https:\/\/www.europesays.com\/fi\/61947\/","title":{"rendered":"Journalisti: HS puuttui toimittajansa somekirjoituksiin"},"content":{"rendered":"<p>Puuttumisen taustalla oli kaksi syyt\u00e4: Palkoaho k\u00e4sittelee ty\u00f6ss\u00e4\u00e4n Gazaa ja siihen liittyv\u00e4\u00e4 politiikkaa, ja p\u00e4ivityksiin liittyi voimakas tunneilmaisu.<\/p>\n<p><img decoding=\"async\" class=\"image image-show image-preview\" src=\"https:\/\/www.europesays.com\/fi\/wp-content\/uploads\/2025\/10\/306570a1478d08fb43496ec4fd32273bcb91cce9441fd4d6c79c36469dc18722.jpg\" alt=\"\"\/><img decoding=\"async\" class=\"image image-show\" src=\"https:\/\/www.europesays.com\/fi\/wp-content\/uploads\/2025\/10\/1760453828_286_306570a1478d08fb43496ec4fd32273bcb91cce9441fd4d6c79c36469dc18722.jpg\" alt=\"\"\/><\/p>\n<p>Helsingin Sanomien p\u00e4\u00e4toimittajan Erja Yl\u00e4j\u00e4rven mukaan  kyseess\u00e4 ei ollut varoitus, huomautus eik\u00e4 puhuttelukaan. Meeri Utti<\/p>\n<p class=\"paragraph\">Helsingin Sanomat puuttui toimittajansa <strong>Milla Palkoahon<\/strong> Palestiinaa k\u00e4sitteleviin sosiaalisen median kirjoituksiin, kertoo <a href=\"https:\/\/journalisti.fi\/artikkelit\/2025\/10\/helsingin-sanomat-puuttui-toimittajansa-gaza-kirjoituksiin-sosiaalisessa-mediassa\/\" rel=\"noopener nofollow\" target=\"_blank\">Journalisti-lehti<\/a>.<\/p>\n<p class=\"paragraph\">Palkoaho kirjoitti yhdess\u00e4 Instagram-julkaisussaan, ett\u00e4 poliitikot \u201dkyll\u00e4 tiet\u00e4v\u00e4t\u201d, mit\u00e4 maailmalla tapahtuu \u2013 niin kuin Sudanin ja ilmastonmuutoksenkin kohdalla \u2013 ja kansallisvaltiot valitsevat tehd\u00e4 \u201dtasan sen verran, mik\u00e4 sopii omiin taloudellisiin ja poliittisiin intresseihin\u201d.<\/p>\n<p class=\"paragraph\">H\u00e4n julkaisi p\u00e4ivityksi\u00e4 julkisella Instagram-tilill\u00e4\u00e4n, jolla on l\u00e4hes 4 800 seuraajaa.<\/p>\n<p class=\"paragraph\">\u2013 Tuli niin sanotusti sanomista siit\u00e4, ett\u00e4 ei pit\u00e4isi t\u00e4h\u00e4n tyyliin postailla, Palkoaho sanoo Journalistille.<\/p>\n<p class=\"paragraph\">H\u00e4nen mukaansa syit\u00e4 puuttumiseen on kerrottu kaksi: se, ett\u00e4 h\u00e4n k\u00e4sittelee toisinaan toimittajana ty\u00f6ss\u00e4\u00e4n Gazaa ja siihen liittyv\u00e4\u00e4 poliittista toimintaa, sek\u00e4 p\u00e4ivitykseen liittynyt voimakas tunnelataus.<\/p>\n<p class=\"paragraph\">\u2013 Mielest\u00e4ni niiss\u00e4 postauksissa ei ollut sill\u00e4 tavalla raflaavia mielipiteit\u00e4, ett\u00e4 en olisi voinut esitt\u00e4\u00e4 niit\u00e4 kolumnissa tai analyysiss\u00e4, Palkoaho kertoo.<\/p>\n<p class=\"paragraph\">Palkoaho pit\u00e4\u00e4 asiasta toimituksessa k\u00e4ymi\u00e4\u00e4n keskusteluja rakentavina.<\/p>\n<p class=\"paragraph\">Helsingin Sanomien p\u00e4\u00e4toimittajan <strong>Erja Yl\u00e4j\u00e4rven<\/strong><strong> <\/strong>mukaan kyseess\u00e4 ei ollut varoitus, huomautus eik\u00e4 puhuttelukaan.<\/p>\n<p class=\"paragraph\">Toisaalta Yl\u00e4j\u00e4rvi pit\u00e4\u00e4 selv\u00e4n\u00e4, ett\u00e4 yleis\u00f6n n\u00e4k\u00f6kulmasta Helsingin Sanomien toimittaja on my\u00f6s vapaa-ajallaan Helsingin Sanomien toimittaja.<\/p>\n<p class=\"paragraph\">Helsingin Sanomille on \u201dhirvitt\u00e4v\u00e4n t\u00e4rke\u00e4\u00e4\u201d n\u00e4ytt \u00e4\u00e4 riippumattomalta yleis\u00f6n silmiss\u00e4, h\u00e4n sanoo.<\/p>\n","protected":false},"excerpt":{"rendered":"Puuttumisen taustalla oli kaksi syyt\u00e4: Palkoaho k\u00e4sittelee ty\u00f6ss\u00e4\u00e4n Gazaa ja siihen liittyv\u00e4\u00e4 politiikkaa, ja p\u00e4ivityksiin liittyi voimakas tunneilmaisu.&hellip;\n","protected":false},"author":2,"featured_media":61948,"comment_status":"","ping_status":"","sticky":false,"template":"","format":"standard","meta":{"footnotes":""},"categories":[14],"tags":[35,22,23,26,27,33,31,30,17,1511,24,25,28,29,1616,15,18,21,637,2294,32,19,20,56,16,59,60,61],"class_list":{"0":"post-61947","1":"post","2":"type-post","3":"status-publish","4":"format-standard","5":"has-post-thumbnail","7":"category-ulkomaat","8":"tag-24h","9":"tag-breaking-news","10":"tag-breakingnews","11":"tag-featured-news","12":"tag-featurednews","13":"tag-fi","14":"tag-finland","15":"tag-finnish","16":"tag-headlines","17":"tag-joukkoviestinta","18":"tag-latest-news","19":"tag-latestnews","20":"tag-main-news","21":"tag-mainnews","22":"tag-media-viestinta","23":"tag-news","24":"tag-otsikot","25":"tag-paauutiset","26":"tag-politiikka","27":"tag-sanomalehdet","28":"tag-suomi","29":"tag-top-stories","30":"tag-topstories","31":"tag-ulkomaat","32":"tag-uutiset","33":"tag-world","34":"tag-world-news","35":"tag-worldnews"},"share_on_mastodon":{"url":"","error":""},"_links":{"self":[{"href":"https:\/\/www.europesays.com\/fi\/wp-json\/wp\/v2\/posts\/61947","targetHints":{"allow":["GET"]}}],"collection":[{"href":"https:\/\/www.europesays.com\/fi\/wp-json\/wp\/v2\/posts"}],"about":[{"href":"https:\/\/www.europesays.com\/fi\/wp-json\/wp\/v2\/types\/post"}],"author":[{"embeddable":true,"href":"https:\/\/www.europesays.com\/fi\/wp-json\/wp\/v2\/users\/2"}],"replies":[{"embeddable":true,"href":"https:\/\/www.europesays.com\/fi\/wp-json\/wp\/v2\/comments?post=61947"}],"version-history":[{"count":0,"href":"https:\/\/www.europesays.com\/fi\/wp-json\/wp\/v2\/posts\/61947\/revisions"}],"wp:featuredmedia":[{"embeddable":true,"href":"https:\/\/www.europesays.com\/fi\/wp-json\/wp\/v2\/media\/61948"}],"wp:attachment":[{"href":"https:\/\/www.europesays.com\/fi\/wp-json\/wp\/v2\/media?parent=61947"}],"wp:term":[{"taxonomy":"category","embeddable":true,"href":"https:\/\/www.europesays.com\/fi\/wp-json\/wp\/v2\/categories?post=61947"},{"taxonomy":"post_tag","embeddable":true,"href":"https:\/\/www.europesays.com\/fi\/wp-json\/wp\/v2\/tags?post=61947"}],"curies":[{"name":"wp","href":"https:\/\/api.w.org\/{rel}","templated":true}]}}