{"id":61953,"date":"2025-10-14T15:11:08","date_gmt":"2025-10-14T15:11:08","guid":{"rendered":"https:\/\/www.europesays.com\/fi\/61953\/"},"modified":"2025-10-14T15:11:08","modified_gmt":"2025-10-14T15:11:08","slug":"jani-sievinen-paljastaa-mita-todella-ajattelee-tyttariensa-isapuolesta","status":"publish","type":"post","link":"https:\/\/www.europesays.com\/fi\/61953\/","title":{"rendered":"Jani Sievinen paljastaa, mit\u00e4 todella ajattelee tytt\u00e4riens\u00e4 is\u00e4puolesta"},"content":{"rendered":"<p>            Timo Korhonen\n        <\/p>\n<p class=\"subtitle \">Jani ylist\u00e4\u00e4 tytt\u00e4riens\u00e4 is\u00e4puolta.<\/p>\n<p class=\"article-content article-content-width !bg-background\">Ex-uimari  ilmoitti yll\u00e4tt\u00e4en elokuussa, ett\u00e4 h\u00e4n ja puoliso  eroavat.<\/p>\n<p class=\"article-content article-content-width !bg-background\">Pari ehti olla yhdess\u00e4 yksitoista vuotta. <a href=\"https:\/\/www.instagram.com\/p\/DNgNfE4N80Y\/?utm_source=ig_embed\" target=\"_blank\" rel=\"nofollow noopener\">Jani paljasti Instagramissa<\/a>, ett\u00e4 eroon p\u00e4\u00e4dyttiin Marian p\u00e4\u00e4t\u00f6ksest\u00e4.<\/p>\n<p>        <a itemprop=\"url\" href=\"https:\/\/www.seiska.fi\/kotimaa\/jani-sievinen-yllattaa-naisseurassa\/1957978\" rel=\"nofollow noopener\" target=\"_blank\"><\/p>\n<p>\nEronnut Jani Sievinen\n<\/p>\n<p class=\"section-date\">\n        <strong class=\"article-section\" data-section=\"kotimaa\"><br \/>\n            kotimaa<br \/>\n        <\/strong><br \/>\n        10.10. 13:31\n    <\/p>\n<p>Jani Sievinen yll\u00e4tt\u00e4\u00e4 naisseurassa!\n    <\/p>\n<p itemprop=\"description\" class=\"subtitle \">\n    Jani tapasi tuttavan vuosien takaa.\n<\/p>\n<p>        <\/a><\/p>\n<p class=\"article-content article-content-width !bg-background\">\u2013\u00a0Moi. Marian ja minun liitto p\u00e4\u00e4ttyy. Itse olisin halunut jatkaa matkaa. Ymm\u00e4rr\u00e4n perusteet ja kun perusteet ymm\u00e4rt\u00e4\u00e4 niin hyv\u00e4ksyy my\u00f6s tosiasiat, Jani kirjoitti tuolloin.<\/p>\n<p>Uusperhe hajosi<\/p>\n<p class=\"article-content article-content-width !bg-background\">Vuonna 2020 avioituneen kaksikon ero koskettaa my\u00f6s n\u00e4iden lapsia. Sek\u00e4 Janilla ett\u00e4 Marialla on j\u00e4lkikasvua aiemmista suhteistaan, yhteens\u00e4 seitsem\u00e4n kappaleen verran.\u00a0<\/p>\n<p>        <a itemprop=\"url\" href=\"https:\/\/www.seiska.fi\/kotimaa\/jani-sievinen-tormaa-viikottain-ex-paaministeriin\/1951308\" rel=\"nofollow noopener\" target=\"_blank\"><\/p>\n<p>\nJani Sievinen\n<\/p>\n<p class=\"section-date\">\n        <strong class=\"article-section\" data-section=\"kotimaa\"><br \/>\n            kotimaa<br \/>\n        <\/strong><br \/>\n        6.10. 09:35\n    <\/p>\n<p>Jani Sievinen t\u00f6rm\u00e4\u00e4 viikottain ex-p\u00e4\u00e4ministeriin\n    <\/p>\n<p itemprop=\"description\" class=\"subtitle \">\n    Uimahalli toimii mainiosti kohtaamispaikkana.\n<\/p>\n<p>        <\/a><\/p>\n<p class=\"article-content article-content-width !bg-background\">Vaikkei kaksikolla yhteisi\u00e4 j\u00e4lkel\u00e4isi\u00e4 olekaan, on Jani osallistunut Marian kahden lapsen kasvattamiseen l\u00e4pi n\u00e4iden lapsuuden.\u00a0<\/p>\n<p>                <img decoding=\"async\" src=\"https:\/\/www.europesays.com\/fi\/wp-content\/uploads\/2025\/10\/1962009.webp\" width=\"576\" height=\"720\" alt=\"Jani ei olisi halunnut erota, mutta Maria p\u00e4\u00e4tti toisin. Kuva syksylt\u00e4 2024.\" loading=\"lazy\" \/>            <\/p>\n<p>\n            Jani ei olisi halunnut erota, mutta Maria p\u00e4\u00e4tti toisin. Kuva syksylt\u00e4 2024.<br \/>\n            Timo Korhonen\n        <\/p>\n<p class=\"article-content article-content-width !bg-background\">\u2013\u00a0Sain my\u00f6s olla mukana hivenen kasvattamassa ja seuraamassa Marian lasten kasvua. Tyt\u00e4rt\u00e4 alle 2-vuotiaasta aina yl\u00e4asteelle ja poikaa matkalla eskarista lukiolaiseksi.\u00a0<\/p>\n<p class=\"article-content article-content-width !bg-background\">\u2013 Kaikki nuoremmat lapsemme ovat kuin sisaruksia ja toistensa parhaat kaverit, Jani kertoi eroilmoituksensa yhteydess\u00e4.<\/p>\n<p>Ei ensimm\u00e4ist\u00e4 kertaa pappia kyydiss\u00e4<\/p>\n<p class=\"article-content article-content-width !bg-background\">Aikuisten erot vaikuttaa v\u00e4\u00e4j\u00e4\u00e4m\u00e4tt\u00e4 my\u00f6s perheen lapsiin. Janilla on kuitenkin vastaavasta tilanteesta aiempaa kokemusta, jonka avulla luovia harmillisessa tilanteessa.<\/p>\n<p>        <a itemprop=\"url\" href=\"https:\/\/www.seiska.fi\/kotimaa\/vastaeronnut-jani-sievinen-mokasi-deitit-menivat-monkaan\/1934775\" rel=\"nofollow noopener\" target=\"_blank\"><\/p>\n<p>\nMik\u00e4 moka\n<\/p>\n<p class=\"section-date\">\n        <strong class=\"article-section\" data-section=\"kotimaa\"><br \/>\n            kotimaa<br \/>\n        <\/strong><br \/>\n        18.9. 08:58\n    <\/p>\n<p>Vastaeronnut Jani Sievinen mokasi \u2013 deitit meniv\u00e4t m\u00f6nk\u00e4\u00e4n!\n    <\/p>\n<p itemprop=\"description\" class=\"subtitle \">\n    Seuramiehen sijaan Janista kuoriutui ehta kauppias.\n<\/p>\n<p>        <\/a><\/p>\n<p class=\"article-content article-content-width !bg-background\">Jani on eronnut kahdesti aiemminkin. H\u00e4nell\u00e4 on my\u00f6s molemmista p\u00e4\u00e4ttyneist\u00e4 liitoista j\u00e4lkikasvua. H\u00e4nen ja  lapset ovat jo aikuisia.\u00a0<\/p>\n<p>                <img decoding=\"async\" src=\"https:\/\/www.europesays.com\/fi\/wp-content\/uploads\/2025\/10\/1962012.webp\" width=\"576\" height=\"322\" alt=\"Jani ja Mari erosivat vuonna 2014.\" loading=\"lazy\" \/>            <\/p>\n<p>\n            Jani ja Mari erosivat vuonna 2014.<br \/>\n            Ari Lahti\n        <\/p>\n<p class=\"article-content article-content-width !bg-background\">Janin ja  tytt\u00e4ret sen sijaan ovat viel\u00e4 alaik\u00e4isi\u00e4.  ja  ovat asuneet p\u00e4\u00e4asiassa \u00e4itins\u00e4 luona Norjassa.\u00a0<\/p>\n<p>Yll\u00e4tt\u00e4v\u00e4t kiitokset<\/p>\n<p class=\"article-content article-content-width !bg-background\">Et\u00e4is\u00e4n\u00e4 elellyt Jani avasi hiljattain laajennetun perheens\u00e4 kuvioita harvinaisella tavalla. H\u00e4n kertoi tiistaina (14.10.) Instagramissa <a href=\"https:\/\/www.instagram.com\/p\/DPyNdknDJLG\/\" target=\"_blank\" rel=\"nofollow noopener\">suhteestaan tytt\u00e4riens\u00e4 is\u00e4puoleen<\/a>.<\/p>\n<p>        <a itemprop=\"url\" href=\"https:\/\/www.seiska.fi\/vain-seiskassa\/susanna-sievinen-palasi-sinkkumarkkinoille-avautuu-avioliitostaan-jani-sievisen-kanssa\/1926766\" rel=\"nofollow noopener\" target=\"_blank\"><\/p>\n<p>\nSusanna Sievinen\n<\/p>\n<p class=\"section-date\">\n        <strong class=\"article-section\" data-section=\"vain seiskassa\"><br \/>\n            vain seiskassa<br \/>\n        <\/strong><br \/>\n        14.9. 19:30\n    <\/p>\n<p>Susanna Sievinen palasi sinkkumarkkinoille \u2013 avautuu avioliitostaan Jani Sievisen kanssa\n    <\/p>\n<p itemprop=\"description\" class=\"subtitle \">\n    Susanna ja Jani olivat takavuosien unelmapari.\n<\/p>\n<p>        <\/a><\/p>\n<p class=\"article-content article-content-width !bg-background\">Jani kirjoittaa julkaisussa olevansa kiitollinen siit\u00e4, ett\u00e4 lasten is\u00e4puoli on tarjonnut n\u00e4ille mahdollisuuksia, joihin Janilla itsell\u00e4\u00e4n ei olisi ollut mahdollisuutta. Yksi niist\u00e4 on keskimm\u00e4isen tytt\u00e4ren mets\u00e4stysharrastus.<\/p>\n<p class=\"italic m-italic article-content article-content-width !bg-background\">Jos upotus ei n\u00e4y, <a href=\"https:\/\/www.instagram.com\/p\/DPyNdknDJLG\/\" target=\"_blank\" rel=\"nofollow noopener\">n\u00e4et julkaisun t\u00e4\u00e4lt\u00e4<\/a>.<\/p>\n<p class=\"article-content article-content-width !bg-background\">\u2013\u00a0Pari vuotta sitten istuttiin iltaa is\u00e4puolen kanssa ja puhuttiin h\u00e4nen haasteistaan ja iloistaan teinitytt\u00f6jen kanssa, puhuttiin meid\u00e4n pitk\u00e4n et\u00e4isyyden aiheuttamista haasteista, puhuttiin el\u00e4m\u00e4st\u00e4 yleens\u00e4, Jani kirjoittaa.<\/p>\n<p>        <a itemprop=\"url\" href=\"https:\/\/www.seiska.fi\/kotimaa\/jani-sieviselta-yllattava-avautuminen-tyttarensa-raha-asioista\/1921078\" rel=\"nofollow noopener\" target=\"_blank\"><\/p>\n<p>\nJani Sievinen yll\u00e4tt\u00e4\u00e4\n<\/p>\n<p class=\"section-date\">\n        <strong class=\"article-section\" data-section=\"kotimaa\"><br \/>\n            kotimaa<br \/>\n        <\/strong><br \/>\n        4.9. 19:30\n    <\/p>\n<p>Jani Sieviselt\u00e4 yll\u00e4tt\u00e4v\u00e4 avautuminen tytt\u00e4rens\u00e4 raha-asioista\n    <\/p>\n<p itemprop=\"description\" class=\"subtitle \">\n    Jani Sievisell\u00e4 on kolme tyt\u00e4rt\u00e4, jotka asuvat \u00e4itins\u00e4 kanssa Norjassa.\n<\/p>\n<p>        <\/a><\/p>\n<p class=\"article-content article-content-width !bg-background\">\u2013\u00a0Ei ole t\u00e4ysin mutkatonta asettua is\u00e4puoleksi kolmelle tyt\u00f6lle. Siihen eiv\u00e4t kaikki pysty, h\u00e4n jatkaa kehuen.<\/p>\n<p>Kohottaa maljan<\/p>\n<p class=\"article-content article-content-width !bg-background\">Janin julkaisun perusteella h\u00e4nell\u00e4 on ex-vaimonsa nykyiseen puolisoon varsin hyv\u00e4t v\u00e4lit.\u00a0<\/p>\n<p class=\"article-content article-content-width !bg-background\">H\u00e4n osaa selv\u00e4sti arvostaa, ett\u00e4 tytt\u00e4rill\u00e4 on ollut el\u00e4m\u00e4ss\u00e4\u00e4n turvallinen is\u00e4hahmo my\u00f6s silloin, kun h\u00e4n ei ole voinut itse olla l\u00e4sn\u00e4.<\/p>\n<p class=\"article-content article-content-width !bg-background\">\u2013 Malja el\u00e4m\u00e4lle. Malja is\u00e4puolille, h\u00e4n p\u00e4\u00e4tt\u00e4\u00e4 kirjoituksensa.<\/p>\n<p>        <a itemprop=\"url\" href=\"https:\/\/www.seiska.fi\/kotimaa\/harvinainen-yhteiskuva-talta-nayttavat-jani-sievisen-lapset\/1878003\" rel=\"nofollow noopener\" target=\"_blank\"><\/p>\n<p>\nHarvinainen yhteiskuva!\n<\/p>\n<p class=\"section-date\">\n        <strong class=\"article-section\" data-section=\"kotimaa\"><br \/>\n            kotimaa<br \/>\n        <\/strong><br \/>\n        25.7. 08:00\n    <\/p>\n<p>Harvinainen yhteiskuva! T\u00e4lt\u00e4 n\u00e4ytt\u00e4v\u00e4t Jani Sievisen lapset\n    <\/p>\n<p itemprop=\"description\" class=\"subtitle \">\n    Ex-uimari sai kaikki lapset luokseen.\n<\/p>\n<p>        <\/a><\/p>\n<p><script async src=\"\/\/www.instagram.com\/embed.js\"><\/script><\/p>\n","protected":false},"excerpt":{"rendered":"Timo Korhonen Jani ylist\u00e4\u00e4 tytt\u00e4riens\u00e4 is\u00e4puolta. Ex-uimari ilmoitti yll\u00e4tt\u00e4en elokuussa, ett\u00e4 h\u00e4n ja puoliso eroavat. Pari ehti olla&hellip;\n","protected":false},"author":2,"featured_media":61954,"comment_status":"","ping_status":"","sticky":false,"template":"","format":"standard","meta":{"footnotes":""},"categories":[136],"tags":[407,137,14317,33,31,30,14318,3084,408,99,98,32,3489,10949,6137,109],"class_list":{"0":"post-61953","1":"post","2":"type-post","3":"status-publish","4":"format-standard","5":"has-post-thumbnail","7":"category-julkkikset","8":"tag-celebrities","9":"tag-entertainment","10":"tag-ex-vaimo","11":"tag-fi","12":"tag-finland","13":"tag-finnish","14":"tag-isapuoli","15":"tag-jani-sievinen","16":"tag-julkkikset","17":"tag-lapset","18":"tag-perhe","19":"tag-suomi","20":"tag-tytar","21":"tag-uusperhe","22":"tag-vaimo","23":"tag-viihde"},"share_on_mastodon":{"url":"","error":""},"_links":{"self":[{"href":"https:\/\/www.europesays.com\/fi\/wp-json\/wp\/v2\/posts\/61953","targetHints":{"allow":["GET"]}}],"collection":[{"href":"https:\/\/www.europesays.com\/fi\/wp-json\/wp\/v2\/posts"}],"about":[{"href":"https:\/\/www.europesays.com\/fi\/wp-json\/wp\/v2\/types\/post"}],"author":[{"embeddable":true,"href":"https:\/\/www.europesays.com\/fi\/wp-json\/wp\/v2\/users\/2"}],"replies":[{"embeddable":true,"href":"https:\/\/www.europesays.com\/fi\/wp-json\/wp\/v2\/comments?post=61953"}],"version-history":[{"count":0,"href":"https:\/\/www.europesays.com\/fi\/wp-json\/wp\/v2\/posts\/61953\/revisions"}],"wp:featuredmedia":[{"embeddable":true,"href":"https:\/\/www.europesays.com\/fi\/wp-json\/wp\/v2\/media\/61954"}],"wp:attachment":[{"href":"https:\/\/www.europesays.com\/fi\/wp-json\/wp\/v2\/media?parent=61953"}],"wp:term":[{"taxonomy":"category","embeddable":true,"href":"https:\/\/www.europesays.com\/fi\/wp-json\/wp\/v2\/categories?post=61953"},{"taxonomy":"post_tag","embeddable":true,"href":"https:\/\/www.europesays.com\/fi\/wp-json\/wp\/v2\/tags?post=61953"}],"curies":[{"name":"wp","href":"https:\/\/api.w.org\/{rel}","templated":true}]}}