{"id":61961,"date":"2025-10-14T15:19:07","date_gmt":"2025-10-14T15:19:07","guid":{"rendered":"https:\/\/www.europesays.com\/fi\/61961\/"},"modified":"2025-10-14T15:19:07","modified_gmt":"2025-10-14T15:19:07","slug":"jaakko-ohtonen-nayttelee-jeesusta-mel-gibsonin-uudessa-elokuvassa-uutisia-lyhyesti","status":"publish","type":"post","link":"https:\/\/www.europesays.com\/fi\/61961\/","title":{"rendered":"Jaakko Ohtonen n\u00e4yttelee Jeesusta Mel Gibsonin uudessa elokuvassa | Uutisia lyhyesti"},"content":{"rendered":"<p class=\"aw-1gybjub aw-5vja16 ghpEtB kjanFo yle__article__paragraph\">Elokuvan kuvaukset ovat alkaneet Italian Roomassa, kertoo Variety-lehti.<\/p>\n<p><img decoding=\"async\" alt=\"Jaakko Ohtonen elokuvapanderollin edess\u00e4 poseeraamassa.\" src=\"https:\/\/www.europesays.com\/fi\/wp-content\/uploads\/2025\/10\/39-153829468ee655df1030.jpeg\" class=\"aw-1l9m598 hKVVvP\"\/><\/p>\n<p>Avaa kuvien katselu<\/p>\n<p>Ohtonen kuvattuna vuonna 2022. Kuva: Tomi Natri \/ AOP<\/p>\n<p>18:05\u2022P\u00e4ivitetty 18:18<\/p>\n<p class=\"aw-1gybjub aw-1p7kakr ghpEtB jtovHP yle__article__paragraph\">Suomalainen n\u00e4yttelij\u00e4 <strong class=\"aw-ak79eh KyCXm yle__article__strong\">Jaakko Ohtonen<\/strong> n\u00e4yttelee Jeesuksen roolin kansainv\u00e4lisess\u00e4 The Resurrection of the Christ -elokuvassa.<\/p>\n<p class=\"aw-1gybjub aw-1p7kakr ghpEtB jtovHP yle__article__paragraph\">Elokuvan ohjaa Hollywood-t\u00e4hti <strong class=\"aw-ak79eh KyCXm yle__article__strong\">Mel Gibson<\/strong>. Elokuvaroolista uutisoi <a class=\"aw-iao6s4 iHOxEa yle__article__link\" href=\"https:\/\/variety.com\/2025\/film\/global\/mel-gibson-resurrection-of-the-christ-new-jesus-mary-magdalene-1236552209\/\" role=\"link\" rel=\"nofollow noopener\" target=\"_blank\">Variety-lehti<\/a>.<\/p>\n<p class=\"aw-1gybjub aw-1p7kakr ghpEtB jtovHP yle__article__paragraph\"><strong class=\"aw-ak79eh KyCXm yle__article__strong\">Mariela Garriga<\/strong> n\u00e4yttelee elokuvassa naisp\u00e4\u00e4osaroolin Maria Magdalenana.<\/p>\n<p class=\"aw-1gybjub aw-1p7kakr ghpEtB jtovHP yle__article__paragraph\">Variety-lehti kertoo, ett\u00e4 elokuvan kuvaukset alkoivat viime viikolla Roomassa Italiassa.<\/p>\n<p class=\"aw-1gybjub aw-1p7kakr ghpEtB jtovHP yle__article__paragraph\">Uusi elokuva on jatkoa vuonna 2004 julkaistulle The Passion of the Christ -elokuvalle, joka oli my\u00f6s Gibsonin ohjaama.<\/p>\n","protected":false},"excerpt":{"rendered":"Elokuvan kuvaukset ovat alkaneet Italian Roomassa, kertoo Variety-lehti. Avaa kuvien katselu Ohtonen kuvattuna vuonna 2022. Kuva: Tomi Natri&hellip;\n","protected":false},"author":2,"featured_media":61962,"comment_status":"","ping_status":"","sticky":false,"template":"","format":"standard","meta":{"footnotes":""},"categories":[130],"tags":[155,137,33,31,30,108,622,8627,32,109],"class_list":{"0":"post-61961","1":"post","2":"type-post","3":"status-publish","4":"format-standard","5":"has-post-thumbnail","7":"category-viihde","8":"tag-elokuvat","9":"tag-entertainment","10":"tag-fi","11":"tag-finland","12":"tag-finnish","13":"tag-kulttuuri","14":"tag-nayttelijat","15":"tag-rooma","16":"tag-suomi","17":"tag-viihde"},"share_on_mastodon":{"url":"","error":""},"_links":{"self":[{"href":"https:\/\/www.europesays.com\/fi\/wp-json\/wp\/v2\/posts\/61961","targetHints":{"allow":["GET"]}}],"collection":[{"href":"https:\/\/www.europesays.com\/fi\/wp-json\/wp\/v2\/posts"}],"about":[{"href":"https:\/\/www.europesays.com\/fi\/wp-json\/wp\/v2\/types\/post"}],"author":[{"embeddable":true,"href":"https:\/\/www.europesays.com\/fi\/wp-json\/wp\/v2\/users\/2"}],"replies":[{"embeddable":true,"href":"https:\/\/www.europesays.com\/fi\/wp-json\/wp\/v2\/comments?post=61961"}],"version-history":[{"count":0,"href":"https:\/\/www.europesays.com\/fi\/wp-json\/wp\/v2\/posts\/61961\/revisions"}],"wp:featuredmedia":[{"embeddable":true,"href":"https:\/\/www.europesays.com\/fi\/wp-json\/wp\/v2\/media\/61962"}],"wp:attachment":[{"href":"https:\/\/www.europesays.com\/fi\/wp-json\/wp\/v2\/media?parent=61961"}],"wp:term":[{"taxonomy":"category","embeddable":true,"href":"https:\/\/www.europesays.com\/fi\/wp-json\/wp\/v2\/categories?post=61961"},{"taxonomy":"post_tag","embeddable":true,"href":"https:\/\/www.europesays.com\/fi\/wp-json\/wp\/v2\/tags?post=61961"}],"curies":[{"name":"wp","href":"https:\/\/api.w.org\/{rel}","templated":true}]}}