{"id":61974,"date":"2025-10-14T15:42:07","date_gmt":"2025-10-14T15:42:07","guid":{"rendered":"https:\/\/www.europesays.com\/fi\/61974\/"},"modified":"2025-10-14T15:42:07","modified_gmt":"2025-10-14T15:42:07","slug":"uusimman-risto-rappaaja-elokuvan-voi-nyt-katsoa-suoratoistona-ja-myyntiversiokin-on-tarjouksessa","status":"publish","type":"post","link":"https:\/\/www.europesays.com\/fi\/61974\/","title":{"rendered":"Uusimman Risto R\u00e4pp\u00e4\u00e4j\u00e4 -elokuvan voi nyt katsoa suoratoistona ja myyntiversiokin on tarjouksessa"},"content":{"rendered":"<p>Kuva: \u00a9 Cata Portin \/  Solar Films.<\/p>\n<p>Suosittujen Risto R\u00e4pp\u00e4\u00e4j\u00e4 -elokuvien tuorein osa sai ensi-iltansa helmikuussa 2025.<\/p>\n<p>Onko kaupungissa Riston kaksoisolento? Risto n\u00e4kee kaupungilla ihan samann\u00e4k\u00f6isen pojan kuin h\u00e4n itse. Risto ja Nelli p\u00e4\u00e4tt\u00e4v\u00e4t selvitt\u00e4\u00e4, onko poika kaksoisolento, varjomin\u00e4 vai jopa huijari? <\/p>\n<p>Siin\u00e4p\u00e4 riitt\u00e4\u00e4 selvitelt\u00e4v\u00e4\u00e4 Samuel Harjanteen ohjaamassa Risto R\u00e4pp\u00e4\u00e4j\u00e4 ja kaksoisolento -elokuvassa, eiv\u00e4tk\u00e4 arvoituksen siihen j\u00e4\u00e4.<\/p>\n<p>Miksi Rauha-t\u00e4ti on ollut salaper\u00e4inen ja piilotellut valokuva-albumia? Ent\u00e4 miten Pakastaja-Elvi, h\u00e4m\u00e4h\u00e4kit sek\u00e4 suvun kadonnut sormus liittyv\u00e4t t\u00e4h\u00e4n kaikkeen? <\/p>\n<p>Tiina ja Emma Nopolan kirjoittaman elokuvan p\u00e4\u00e4osissa n\u00e4hd\u00e4\u00e4n Aleksi Johansson, Alma J\u00e4rvensivu, Iina Kuustonen, Ylermi Rajamaa, Jenni Kokander ja Oona Airola.<\/p>\n<p>Risto R\u00e4pp\u00e4\u00e4j\u00e4 ja kaksoisolento on lis\u00e4tty Prime Videon valikoimaan t\u00e4ll\u00e4 viikolla ja on katsottavissa palvelusta kuukausimaksua vastaan. Jos uusimman Risto R\u00e4pp\u00e4\u00e4j\u00e4n haluaa omaksi, onnistuu se nyt tavallista edullisemmin, sill\u00e4 Kaksoisolento on mukana Mega Movie Weeki\u00e4, josta kerroimme Murossa aamutuimaan.<\/p>\n","protected":false},"excerpt":{"rendered":"Kuva: \u00a9 Cata Portin \/ Solar Films. Suosittujen Risto R\u00e4pp\u00e4\u00e4j\u00e4 -elokuvien tuorein osa sai ensi-iltansa helmikuussa 2025. Onko&hellip;\n","protected":false},"author":2,"featured_media":61975,"comment_status":"","ping_status":"","sticky":false,"template":"","format":"standard","meta":{"footnotes":""},"categories":[131],"tags":[155,137,33,173,31,30,172,1973,32,109],"class_list":{"0":"post-61974","1":"post","2":"type-post","3":"status-publish","4":"format-standard","5":"has-post-thumbnail","7":"category-elokuvat","8":"tag-elokuvat","9":"tag-entertainment","10":"tag-fi","11":"tag-film","12":"tag-finland","13":"tag-finnish","14":"tag-movies","15":"tag-risto-rappaaja","16":"tag-suomi","17":"tag-viihde"},"share_on_mastodon":{"url":"","error":""},"_links":{"self":[{"href":"https:\/\/www.europesays.com\/fi\/wp-json\/wp\/v2\/posts\/61974","targetHints":{"allow":["GET"]}}],"collection":[{"href":"https:\/\/www.europesays.com\/fi\/wp-json\/wp\/v2\/posts"}],"about":[{"href":"https:\/\/www.europesays.com\/fi\/wp-json\/wp\/v2\/types\/post"}],"author":[{"embeddable":true,"href":"https:\/\/www.europesays.com\/fi\/wp-json\/wp\/v2\/users\/2"}],"replies":[{"embeddable":true,"href":"https:\/\/www.europesays.com\/fi\/wp-json\/wp\/v2\/comments?post=61974"}],"version-history":[{"count":0,"href":"https:\/\/www.europesays.com\/fi\/wp-json\/wp\/v2\/posts\/61974\/revisions"}],"wp:featuredmedia":[{"embeddable":true,"href":"https:\/\/www.europesays.com\/fi\/wp-json\/wp\/v2\/media\/61975"}],"wp:attachment":[{"href":"https:\/\/www.europesays.com\/fi\/wp-json\/wp\/v2\/media?parent=61974"}],"wp:term":[{"taxonomy":"category","embeddable":true,"href":"https:\/\/www.europesays.com\/fi\/wp-json\/wp\/v2\/categories?post=61974"},{"taxonomy":"post_tag","embeddable":true,"href":"https:\/\/www.europesays.com\/fi\/wp-json\/wp\/v2\/tags?post=61974"}],"curies":[{"name":"wp","href":"https:\/\/api.w.org\/{rel}","templated":true}]}}