{"id":61976,"date":"2025-10-14T15:44:10","date_gmt":"2025-10-14T15:44:10","guid":{"rendered":"https:\/\/www.europesays.com\/fi\/61976\/"},"modified":"2025-10-14T15:44:10","modified_gmt":"2025-10-14T15:44:10","slug":"miten-helvetissa-kaikki-on-mennyt-nain-vihkoon-ruotsissa-kuohuu-kun-sen-jalkapallon-supersukupolvi-konttaa-urheilu","status":"publish","type":"post","link":"https:\/\/www.europesays.com\/fi\/61976\/","title":{"rendered":"\u201dMiten helvetiss\u00e4 kaikki on mennyt n\u00e4in vihkoon?\u201d \u2013 Ruotsissa kuohuu, kun sen jalkapallon super\u00adsukupolvi konttaa | Urheilu"},"content":{"rendered":"<p>Juttu tiivistettyn\u00e4<\/p>\n<ul class=\"aw-1jjocuh iJTSwP yle__article__list yle__article__list--ul\">\n<li class=\"aw-1j7gwms eEeLbO\">Ruotsin jalkapallomaajoukkue on vaikeuksissa MM-karsintalohkossa h\u00e4vitty\u00e4\u00e4n kolme viimeist\u00e4 kotipeli\u00e4\u00e4n.<\/li>\n<li class=\"aw-1j7gwms eEeLbO\">Maajoukkue kaatui Kosovolle, mik\u00e4 k\u00e4yt\u00e4nn\u00f6ss\u00e4 varmisti kisahaaveiden kuihtumisen.<\/li>\n<li class=\"aw-1j7gwms eEeLbO\">P\u00e4\u00e4valmentaja <strong class=\"aw-ak79eh KyCXm yle__article__strong\">Jon Dahl Tomassonia<\/strong> kohtaan nostettiin voimakkaita vaatimuksia potkuista kansalaisilta ja mediasta. Tomasson sai my\u00f6hemmin tiistaina potkut.<\/li>\n<li class=\"aw-1j7gwms eEeLbO\">Ruotsilla on viel\u00e4 mahdollisuus MM-kisoihin Kansojen liigan kautta, mutta toimintatavan muutokset ovat v\u00e4ltt\u00e4m\u00e4tt\u00f6mi\u00e4 pelin kehitt\u00e4miseksi.<\/li>\n<\/ul>\n<p class=\"aw-1gybjub aw-1p7kakr ghpEtB jtovHP yle__article__paragraph\">T\u00e4m\u00e4 on teko\u00e4lyn avulla tuotettu, toimittajan tarkistama tiivistelm\u00e4.<\/p>\n<p class=\"aw-1gybjub aw-1p7kakr ghpEtB jtovHP yle__article__paragraph\">Ruotsalaiset jalkapallonseuraajat hurrasivat joulukuussa 2024, kun MM-karsintalohkot arvottiin. Kun sinikeltaiset saivat lohkoonsa Sveitsin, Slovenian ja Kosovon, arvioitiin kes\u00e4n 2026 kisapaikan ja lohkovoiton olevan l\u00e4hell\u00e4.<\/p>\n<p class=\"aw-1gybjub aw-1p7kakr ghpEtB jtovHP yle__article__paragraph\">Nelj\u00e4\u00e4 karsintapeli\u00e4 my\u00f6hemmin Ruotsin maajoukkue kynt\u00e4\u00e4 pohjamudissa.<\/p>\n<p class=\"aw-1gybjub aw-1p7kakr ghpEtB jtovHP yle__article__paragraph\">Ruotsi pelasi viime viikon perjantaina Sveitsi\u00e4 vastaan Tukholmassa ja maanantaina Kosovoa vastaan G\u00f6teborgissa. Molemmat kotipelit p\u00e4\u00e4ttyiv\u00e4t tappioon (0\u20132 ja 0\u20131). Varsinkin j\u00e4lkimm\u00e4inen aiheutti ruotsalaiskannattajissa ja -mediassa kuohuntaa.<\/p>\n<p class=\"aw-1gybjub aw-1p7kakr ghpEtB jtovHP yle__article__paragraph\">Kosovo-ottelu oli viimeinen pakkovoiton paikka, mink\u00e4 h\u00e4vi\u00e4m\u00e4ll\u00e4 Ruotsi varmisti kisahaaveidensa kuihtumisen karsintalohkossa. Sill\u00e4 on viel\u00e4 varapatruuna MM-kisoihin Kansojen liigan kautta, kun se voitti aiemmin C-liigan lohkonsa.<\/p>\n<p class=\"aw-1gybjub aw-1p7kakr ghpEtB jtovHP yle__article__paragraph\">Maajoukkue on pudonnut historialliseen alakuloon. Bl\u00e5gultilla on saaliina vain yksi piste nelj\u00e4st\u00e4 MM-karsintapelist\u00e4.<\/p>\n<p class=\"aw-1gybjub aw-1p7kakr ghpEtB jtovHP yle__article__paragraph\">Ruotsalaiskannattajien viha ja tuskastuminen ovat kohdistettu p\u00e4\u00e4asiassa p\u00e4\u00e4valmentaja <strong class=\"aw-ak79eh KyCXm yle__article__strong\">Jon Dahl Tomassoniin<\/strong>.<\/p>\n<p><img decoding=\"async\" alt=\"Jon Dahl Tomasson under match mot Kosovo.\" src=\"https:\/\/www.europesays.com\/fi\/wp-content\/uploads\/2025\/10\/39-153794968ee0cccdbcba.jpeg\" loading=\"lazy\" class=\"aw-1l9m598 hKVVvP\"\/><\/p>\n<p>Avaa kuvien katselu<\/p>\n<p>Jon Dahl Tomasson (toinen oikealta) palkattiin Ruotsin p\u00e4\u00e4valmentajaksi maaliskuun 2024 alussa. Kuva: Bj\u00f6rn Larsson Rosvall \/ EPA<\/p>\n<p class=\"aw-1gybjub aw-1p7kakr ghpEtB jtovHP yle__article__paragraph\">Tanskalaiselle vaadittiin potkuja lehdist\u00f6n otsikoissa, ja kannattajat painostivat liittoa Ruotsin pelien aikana. Tomassonille kohdistettuja \u201dTanskalaispaskiainen ulos\u201d -lakanoita n\u00e4htiin useampi G\u00f6teborgin Nya Ullevi -stadionilla maanantai-iltana.<\/p>\n<p class=\"aw-1gybjub aw-1p7kakr ghpEtB jtovHP yle__article__paragraph\">\u2013 Olen seurannut maajoukkuetta 30 vuoden ajan, enk\u00e4 ole koskaan kokenut t\u00e4llaista. En ole koskaan ajatellut, ett\u00e4 Ruotsi voisi olla koskaan l\u00e4hell\u00e4k\u00e4\u00e4n t\u00e4llaista tilannetta, jalkapallomedia Fotbollskanalenin kolumnisti <strong class=\"aw-ak79eh KyCXm yle__article__strong\">Olof Lundh<\/strong> kommentoi Ylelle.<\/p>\n<p class=\"aw-1gybjub aw-1p7kakr ghpEtB jtovHP yle__article__paragraph\">Lundh kuuluu Ruotsin vaikutusvaltaisimpiin ja meritoituneimpiin jalkapallojournalisteihin.<\/p>\n<p><img decoding=\"async\" alt=\"Olof Lundh kliar sig i sk\u00e4gget.\" src=\"https:\/\/www.europesays.com\/fi\/wp-content\/uploads\/2025\/10\/39-153795168ee0d61df383.jpeg\" loading=\"lazy\" class=\"aw-1l9m598 hKVVvP\"\/><\/p>\n<p>Avaa kuvien katselu<\/p>\n<p>Olof Lundh ei ole uransa aikana n\u00e4hnyt koskaan t\u00e4llaista tilannetta, miss\u00e4 Ruotsin miesten maajoukkue t\u00e4ll\u00e4 hetkell\u00e4 on. Kuva: All Over Press<\/p>\n<p class=\"aw-1gybjub aw-1p7kakr ghpEtB jtovHP yle__article__paragraph\">\u2013 Kaikki jalkapallosta kiinnostuneet maassamme ovat eritt\u00e4in turhautuneita. Kotistadion oli Solnassa t\u00e4p\u00f6t\u00e4ynn\u00e4 Sveitsi\u00e4 vastaan \u2013 koko yleis\u00f6 buuasi maajoukkueen ulos kent\u00e4lt\u00e4. Ullevilla sama juttu \u2013 massiiviset buuaukset pelin j\u00e4lkeen Ruotsille. Tomassonille buuattiin raivokkaasti ennen jokaista peli\u00e4.<\/p>\n<p class=\"aw-1gybjub aw-1p7kakr ghpEtB jtovHP yle__article__paragraph\">Buuauksien lopputulos n\u00e4htiin pian. <a class=\"aw-iao6s4 iHOxEa yle__article__link\" href=\"https:\/\/www.svenskfotboll.se\/nyheter\/landslag\/2025\/10\/svff-avslutar-jon-dahl-tomassons-uppdrag\/\" role=\"link\" rel=\"nofollow noopener\" target=\"_blank\">Ruotsin jalkapalloliitto tiedotti<\/a> tiistai-iltap\u00e4iv\u00e4ll\u00e4 Tomassonin saaneen potkut teht\u00e4v\u00e4st\u00e4\u00e4n.<\/p>\n<p>Supersukupolvi \u2013 mik\u00e4 sakkaa?<\/p>\n<p class=\"aw-1gybjub aw-1p7kakr ghpEtB jtovHP yle__article__paragraph\">Ruotsilla on t\u00e4ll\u00e4 hetkell\u00e4 k\u00e4siss\u00e4\u00e4n hy\u00f6kk\u00e4yssuuntaan yksi historiansa parhaimmista sukupolvista.<\/p>\n<p class=\"aw-1gybjub aw-1p7kakr ghpEtB jtovHP yle__article__paragraph\">Erityisesti joukkueen k\u00e4rkipari on maailman k\u00e4rkikastia. Englannin Valioliigan Liverpooliin ja Arsenaliin t\u00e4ll\u00e4 kaudella siirtyneet <strong class=\"aw-ak79eh KyCXm yle__article__strong\">Alexander Isak<\/strong> ja <strong class=\"aw-ak79eh KyCXm yle__article__strong\">Viktor Gy\u00f6keres<\/strong> ovat olleet maapallon halutuimpia maalintekij\u00f6it\u00e4.<\/p>\n<p><img decoding=\"async\" alt=\"Alexander Isak i VM-kval mot Kosovo.\" src=\"https:\/\/www.europesays.com\/fi\/wp-content\/uploads\/2025\/10\/39-153795268ee0eb4ce3d4.jpeg\" loading=\"lazy\" class=\"aw-1l9m598 hKVVvP\"\/><\/p>\n<p>Avaa kuvien katselu<\/p>\n<p>Alexander Isak (oik.) ei ollut tyytyv\u00e4inen Kosovo-ottelun j\u00e4lkeen. Hy\u00f6kk\u00e4\u00e4j\u00e4 kutsui Ruotsin esityst\u00e4 peliss\u00e4 \u201dh\u00e4vett\u00e4v\u00e4ksi\u201d. Kuva: Bj\u00f6rn Larsson Rosvall \/ EPA<\/p>\n<p class=\"aw-1gybjub aw-1p7kakr ghpEtB jtovHP yle__article__paragraph\">Tulivoimaa lis\u00e4\u00e4v\u00e4t Newcastlen <strong class=\"aw-ak79eh KyCXm yle__article__strong\">Anthony Elanga<\/strong> ja 19-vuotias Barcelonan <strong class=\"aw-ak79eh KyCXm yle__article__strong\">Roony Bardghji<\/strong> laidoilla, sek\u00e4 Eintracht Frankfurtin <strong class=\"aw-ak79eh KyCXm yle__article__strong\">Hugo Larsson<\/strong> ja <strong class=\"aw-ak79eh KyCXm yle__article__strong\">Lucas Bergvall<\/strong> keskikent\u00e4ll\u00e4.<\/p>\n<p class=\"aw-1gybjub aw-1p7kakr ghpEtB jtovHP yle__article__paragraph\">Ruotsi on pystynyt tekem\u00e4\u00e4n MM-karsinnoissa t\u00e4h\u00e4n menness\u00e4 vain vaivaiset kaksi maalia. Ne syntyiv\u00e4t karsinnan avauspeliss\u00e4 Sloveniassa.<\/p>\n<p class=\"aw-1gybjub aw-1p7kakr ghpEtB jtovHP yle__article__paragraph\">Mist\u00e4 kaikki kiikastaa?<\/p>\n<p class=\"aw-1gybjub aw-1p7kakr ghpEtB jtovHP yle__article__paragraph\">Koko sen ajan, mit\u00e4 Tomasson johti Ruotsia, pelasivat sinikeltaiset materiaalinsa mukaisesti. Pelitapa on ollut Lundhin kuvailun mukaan erityisen hy\u00f6kk\u00e4\u00e4v\u00e4\u00e4 ja jopa tyhm\u00e4nrohkeaa.<\/p>\n<p class=\"aw-1gybjub aw-1p7kakr ghpEtB jtovHP yle__article__paragraph\">Syksyn tappioiden my\u00f6t\u00e4 tyyli on ker\u00e4nnyt kritiikkivy\u00f6ryn.<\/p>\n<p class=\"aw-1gybjub aw-1p7kakr ghpEtB jtovHP yle__article__paragraph\">\u2013 Joukkueelta puuttuu pohja, mink\u00e4 p\u00e4\u00e4lle rakentaa. Pelaajat ovat vaihtuneet kokoonpanossa hurjaa tahtia, vaihdoksia on ollut liikaakin. Kaiken p\u00e4\u00e4lle puolustus ei ole pysynyt kasassa. Tomassonin pelitapa on liian monimutkainen, Lundh arvioi ennen Tomassonin l\u00e4ht\u00f6passeja.<\/p>\n<p>N\u00e4in Sveitsi iski maalinsa Ruotsia vastaan perjantaina.<\/p>\n<p class=\"aw-1gybjub aw-1p7kakr ghpEtB jtovHP yle__article__paragraph\"><strong class=\"aw-ak79eh KyCXm yle__article__strong\">Kun katsotaan esimerkiksi maanantain Kosovo-kamppailua, Ruotsi luo hyvin v\u00e4h\u00e4n hy\u00f6kk\u00e4ysp\u00e4\u00e4ss\u00e4 maalitekotilanteita. Miksi on n\u00e4in, siit\u00e4 huolimatta, ett\u00e4 sill\u00e4 on kent\u00e4ll\u00e4 Isakin ja Gy\u00f6keresin kaltaisia t\u00e4hti\u00e4?<\/strong><\/p>\n<p class=\"aw-1gybjub aw-1p7kakr ghpEtB jtovHP yle__article__paragraph\">\u2013 Se on hyvin ongelmallista: mik\u00e4 on toiminut viimeksi viime Kansojen liigassa, ei toimi nyt lainkaan. Ruotsi onnistui silloin rakentamaan maalipaikkoja ja tekem\u00e4\u00e4n maaleja. Nyt mit\u00e4\u00e4n ei tapahdu. \u201dJDT:ll\u00e4\u201d on ollut p\u00e4\u00e4valmentajana my\u00f6s huonoa onnea: Isakilla ja Gy\u00f6keresill\u00e4 ei ollut hyv\u00e4 kes\u00e4 ja <strong class=\"aw-ak79eh KyCXm yle__article__strong\">Dejan Kulusevski<\/strong> on loukkaantunut.<\/p>\n<p class=\"aw-1gybjub aw-1p7kakr ghpEtB jtovHP yle__article__paragraph\">N\u00e4in Arsenalin ja Ruotsin t\u00e4htihy\u00f6kk\u00e4\u00e4j\u00e4 Viktor Gy\u00f6keres kommentoi Kosovo-pelin p\u00e4\u00e4tytty\u00e4 Ruotsin yleisradioyhti\u00f6 SVT:lle.<\/p>\n<p>Gy\u00f6keres SVT:n haastattelussa: &#8221;Ei ole muita vaihtoehtoja kuin MM-kisat.&#8221;\u201dT\u00e4ysi luottamus h\u00e4neen, kunnes toisin k\u00e4y\u201d<\/p>\n<p class=\"aw-1gybjub aw-1p7kakr ghpEtB jtovHP yle__article__paragraph\">Ruotsalaismedia <a class=\"aw-iao6s4 iHOxEa yle__article__link\" href=\"https:\/\/www.expressen.se\/sport\/fotboll\/landslaget\/svff-i-krismote-dagen-efter-fiaskot\/\" role=\"link\" rel=\"nofollow noopener\" target=\"_blank\">Expressen kertoi<\/a> maan jalkapalloliiton hallituksen pit\u00e4v\u00e4n kriisikokouksen tiistaina. Maajoukkueen synkk\u00e4 tilanne ja Tomassonin asema olivat k\u00e4sitelt\u00e4vien asioiden listalla.<\/p>\n<p class=\"aw-1gybjub aw-1p7kakr ghpEtB jtovHP yle__article__paragraph\">Lopputuloksena olivat Tomassonin potkut.<\/p>\n<p class=\"aw-1gybjub aw-1p7kakr ghpEtB jtovHP yle__article__paragraph\">Tomasson itse kertoi Kosovo-ottelun p\u00e4\u00e4tytty\u00e4, ettei todenn\u00e4k\u00f6isesti juuri nuku \u0161okkitappion vuoksi.<\/p>\n<p><img decoding=\"async\" alt=\"Ruotsin p\u00e4\u00e4valmentaja Jon Dahl Tomasson puhuu lehdist\u00f6lle mikrofoni edess\u00e4\u00e4n.\" src=\"https:\/\/www.europesays.com\/fi\/wp-content\/uploads\/2025\/10\/39-153806268ee2d67de98f.jpeg\" loading=\"lazy\" class=\"aw-1l9m598 hKVVvP\"\/><\/p>\n<p>Avaa kuvien katselu<\/p>\n<p>\u2013 En tule saamaan unta t\u00e4n\u00e4 iltana, mutta minulla on sopimus liiton kanssa yh\u00e4 voimassa. Olemme viel\u00e4 keskell\u00e4 karsintoja, joten odotan jatkavani t\u00e4\u00e4ll\u00e4, Tomasson kommentoi ottelun j\u00e4lkeisess\u00e4 lehdist\u00f6tilaisuudessa. Kuva: EPA<\/p>\n<p class=\"aw-1gybjub aw-1p7kakr ghpEtB jtovHP yle__article__paragraph\">Potkup\u00e4\u00e4t\u00f6ksest\u00e4 isossa vastuussa oleva Ruotsin jalkapalloliiton jalkapallojohtaja <strong class=\"aw-ak79eh KyCXm yle__article__strong\">Kim K\u00e4llstr\u00f6m<\/strong> on kaikkien katseiden alla. Kuten aiemmin syksyll\u00e4, my\u00f6s maanantaina h\u00e4n pysyi p\u00e4\u00e4valmentajan tukena.<\/p>\n<p class=\"aw-1gybjub aw-1p7kakr ghpEtB jtovHP yle__article__paragraph\">Siit\u00e4 huolimatta, ett\u00e4 Fotbollskanalen kertoi viime viikonloppuna Ruotsin liiton tutkineen vaihtoehtoja tanskalaisen korvaajaksi.<\/p>\n<p class=\"aw-1gybjub aw-1p7kakr ghpEtB jtovHP yle__article__paragraph\">\u2013 Meill\u00e4 on t\u00e4ysi luotto p\u00e4\u00e4valmentajaamme, kunnes toisin k\u00e4y, K\u00e4llstr\u00f6m <a class=\"aw-iao6s4 iHOxEa yle__article__link\" href=\"https:\/\/www.fotbollskanalen.se\/sverige\/kallstrom-vill-inte-ge-tydligt-jdt-besked-behover-analysera\/\" role=\"link\" rel=\"nofollow noopener\" target=\"_blank\">muotoili Fotbollskanalenille<\/a>.<\/p>\n<p class=\"aw-1gybjub aw-1p7kakr ghpEtB jtovHP yle__article__paragraph\">Katso pelin j\u00e4lkeinen K\u00e4llstr\u00f6min haastattelu SVT:n kanssa alla olevalta videolta.<\/p>\n<p>Kim K\u00e4llstr\u00f6m SVT:lle: &#8221;Luottamus p\u00e4\u00e4valmentajaamme on olemassa.&#8221;<\/p>\n<p class=\"aw-1gybjub aw-1p7kakr ghpEtB jtovHP yle__article__paragraph\">Fotbollskanalenin Lundh vaatii itse kansalliselta liitolta historiallista ratkaisua. Ruotsin miesten jalkapallomaajoukkueen p\u00e4\u00e4valmentaja ei ollut koskaan aiemmin saanut potkuja. Lundhin mielest\u00e4 nyt oli sen aika.<\/p>\n<p class=\"aw-1gybjub aw-1p7kakr ghpEtB jtovHP yle__article__paragraph\">\u2013 On mielest\u00e4ni uskomaton yll\u00e4tys, jos liitto p\u00e4\u00e4tt\u00e4isi jatkaa h\u00e4nen kanssaan. En ole koskaan n\u00e4hnyt Ruotsin p\u00e4\u00e4valmentajan saavan tuollaista vihaa otteluissa. Hallitus tekee p\u00e4\u00e4t\u00f6ksens\u00e4, mutta mielest\u00e4ni Tomassonin erottamatta j\u00e4tt\u00e4minen olisi virhe.<\/p>\n<p class=\"aw-1gybjub aw-1p7kakr ghpEtB jtovHP yle__article__paragraph\">\u2013 Kun h\u00e4nt\u00e4 muistellaan Ruotsissa tulevaisuudessa, ihmiset miettiv\u00e4t, mit\u00e4 ihmett\u00e4 tapahtui? Sit\u00e4 j\u00e4\u00e4 miettim\u00e4\u00e4n, kenen mielest\u00e4 t\u00e4m\u00e4 oli hyv\u00e4 ajatus. Kuinka helvetiss\u00e4 kaikki meni n\u00e4in vihkoon?<\/p>\n<p class=\"aw-1gybjub aw-1p7kakr ghpEtB jtovHP yle__article__paragraph\">MM-karsintoihin Suomen n\u00e4k\u00f6kulmasta sukelletaan my\u00f6s 11 yst\u00e4v\u00e4\u00e4 -podcastissa. Kuuntele Yle Areenasta tuorein jakso.<\/p>\n<p><img decoding=\"async\" alt=\"\" src=\"https:\/\/www.europesays.com\/fi\/wp-content\/uploads\/2025\/09\/13-1-66531977-1725339886431.jpeg\" class=\"aw-1l9m598 hKVVvP\"\/><\/p>\n","protected":false},"excerpt":{"rendered":"Juttu tiivistettyn\u00e4 Ruotsin jalkapallomaajoukkue on vaikeuksissa MM-karsintalohkossa h\u00e4vitty\u00e4\u00e4n kolme viimeist\u00e4 kotipeli\u00e4\u00e4n. Maajoukkue kaatui Kosovolle, mik\u00e4 k\u00e4yt\u00e4nn\u00f6ss\u00e4 varmisti kisahaaveiden&hellip;\n","protected":false},"author":2,"featured_media":61977,"comment_status":"","ping_status":"","sticky":false,"template":"","format":"standard","meta":{"footnotes":""},"categories":[158],"tags":[33,31,30,43,8608,8875,8874,159,32,160],"class_list":{"0":"post-61976","1":"post","2":"type-post","3":"status-publish","4":"format-standard","5":"has-post-thumbnail","7":"category-urheilu","8":"tag-fi","9":"tag-finland","10":"tag-finnish","11":"tag-jalkapallo","12":"tag-jalkapallomaajoukkueet","13":"tag-ruotsin-jalkapallo","14":"tag-ruotsin-miesten-jalkapallomaajoukkue","15":"tag-sports","16":"tag-suomi","17":"tag-urheilu"},"share_on_mastodon":{"url":"","error":""},"_links":{"self":[{"href":"https:\/\/www.europesays.com\/fi\/wp-json\/wp\/v2\/posts\/61976","targetHints":{"allow":["GET"]}}],"collection":[{"href":"https:\/\/www.europesays.com\/fi\/wp-json\/wp\/v2\/posts"}],"about":[{"href":"https:\/\/www.europesays.com\/fi\/wp-json\/wp\/v2\/types\/post"}],"author":[{"embeddable":true,"href":"https:\/\/www.europesays.com\/fi\/wp-json\/wp\/v2\/users\/2"}],"replies":[{"embeddable":true,"href":"https:\/\/www.europesays.com\/fi\/wp-json\/wp\/v2\/comments?post=61976"}],"version-history":[{"count":0,"href":"https:\/\/www.europesays.com\/fi\/wp-json\/wp\/v2\/posts\/61976\/revisions"}],"wp:featuredmedia":[{"embeddable":true,"href":"https:\/\/www.europesays.com\/fi\/wp-json\/wp\/v2\/media\/61977"}],"wp:attachment":[{"href":"https:\/\/www.europesays.com\/fi\/wp-json\/wp\/v2\/media?parent=61976"}],"wp:term":[{"taxonomy":"category","embeddable":true,"href":"https:\/\/www.europesays.com\/fi\/wp-json\/wp\/v2\/categories?post=61976"},{"taxonomy":"post_tag","embeddable":true,"href":"https:\/\/www.europesays.com\/fi\/wp-json\/wp\/v2\/tags?post=61976"}],"curies":[{"name":"wp","href":"https:\/\/api.w.org\/{rel}","templated":true}]}}