{"id":61993,"date":"2025-10-14T16:08:07","date_gmt":"2025-10-14T16:08:07","guid":{"rendered":"https:\/\/www.europesays.com\/fi\/61993\/"},"modified":"2025-10-14T16:08:07","modified_gmt":"2025-10-14T16:08:07","slug":"aliensin-tekeminen-oli-aluksi-ihan-hirveaa-kuvausporukka-olisi-halunnut-ridley-scottin-takaisin-ja-ylenkatsoi-james-cameronia","status":"publish","type":"post","link":"https:\/\/www.europesays.com\/fi\/61993\/","title":{"rendered":"Aliensin tekeminen oli aluksi ihan hirve\u00e4\u00e4 &#8211; kuvausporukka olisi halunnut Ridley Scottin takaisin ja ylenkatsoi James Cameronia"},"content":{"rendered":"<p>James Cameron ei ollut alun perin Aliens-elokuvan kuvausryhm\u00e4n mieleen.<\/p>\n<p>Alien-elokuvan t\u00e4hti <a href=\"https:\/\/muropaketti.com\/avainsana\/sigourney-weaver\/\" rel=\"nofollow noopener\" target=\"_blank\">Sigourney Weaver<\/a> on ty\u00f6skennellyt James Cameronin kanssa useasti vuosien varrella my\u00f6s Avatar-elokuvissa, mutta Alienin jatko-osa Aliens vuonna 1986 oli yhteist\u00f6ist\u00e4 ensimm\u00e4inen. <\/p>\n<p>Weaver muisteli Aliensin tekoa New Yorkin Comic Conissa j\u00e4rjestetyss\u00e4 paneelissa, uutisoi <a href=\"https:\/\/ew.com\/sigourney-weaver-aliens-james-cameron-crew-drama-they-did-have-attitude-11828311\" target=\"_blank\" rel=\"noreferrer noopener nofollow\">Entertainment Weekly<\/a>.<\/p>\n<p>N\u00e4yttelij\u00e4n mukaan alku oli todella hankalaa, koska kuvausryhm\u00e4 olisi halunnut jatkaa ty\u00f6skentely\u00e4 alkuper\u00e4isen elokuvan ohjanneen Ridley Scottin kanssa. Cameron oli tuolloin heille viel\u00e4 tuntematon nimi.<\/p>\n<p>\u201dMuistan, ett\u00e4 he todella rakastivat Ridleyt\u00e4 ja halusivat Ridleyn ohjaavan t\u00e4m\u00e4n toisenkin elokuvan. He eiv\u00e4t tienneet kuka Jim Cameron oli. En min\u00e4k\u00e4\u00e4n oikein tiennyt kuka h\u00e4n oli. Mielest\u00e4ni h\u00e4n vain kirjoitti loistavan k\u00e4sikirjoituksen\u201d, Weaver kertoo.<\/p>\n<p>\u201dHeill\u00e4 oli siis tietty asenne. Ja itse asiassa kesti jonkin aikaa [ennen kuin kaikki tulivat toimeen kesken\u00e4\u00e4n].\u201d<\/p>\n<p>Weaver kertoo itse tulleensa Cameronin kanssa toimeen saman tien ja pyrkineens\u00e4 toimimaan tietynlaisena siltana ohjaajan ja muun kuvausryhm\u00e4n v\u00e4lill\u00e4.<\/p>\n<p>\u201dRakastin Jimi\u00e4 heti, minun oli helppo ajatella, ett\u00e4 vaikka min\u00e4kin rakastan Ridleyt\u00e4, mutta t\u00e4m\u00e4 tyyppi kirjoitti t\u00e4m\u00e4n sek\u00e4 Terminator-elokuvan, eli h\u00e4n tiet\u00e4\u00e4, mit\u00e4 tekee. H\u00e4n on luonnonlahjakkuus.\u201d<\/p>\n<p>Lopulta mielipiteet muuttuivat ja kuvausryhm\u00e4st\u00e4 tuli Weaverin mukaan omistautunut my\u00f6s Cameronille.<\/p>\n","protected":false},"excerpt":{"rendered":"James Cameron ei ollut alun perin Aliens-elokuvan kuvausryhm\u00e4n mieleen. Alien-elokuvan t\u00e4hti Sigourney Weaver on ty\u00f6skennellyt James Cameronin kanssa&hellip;\n","protected":false},"author":2,"featured_media":60645,"comment_status":"","ping_status":"","sticky":false,"template":"","format":"standard","meta":{"footnotes":""},"categories":[131],"tags":[2241,2898,155,137,33,173,31,30,434,172,3216,8891,32,109],"class_list":{"0":"post-61993","1":"post","2":"type-post","3":"status-publish","4":"format-standard","5":"has-post-thumbnail","7":"category-elokuvat","8":"tag-alien","9":"tag-aliens","10":"tag-elokuvat","11":"tag-entertainment","12":"tag-fi","13":"tag-film","14":"tag-finland","15":"tag-finnish","16":"tag-james-cameron","17":"tag-movies","18":"tag-ridley-scott","19":"tag-sigourney-weaver","20":"tag-suomi","21":"tag-viihde"},"share_on_mastodon":{"url":"","error":""},"_links":{"self":[{"href":"https:\/\/www.europesays.com\/fi\/wp-json\/wp\/v2\/posts\/61993","targetHints":{"allow":["GET"]}}],"collection":[{"href":"https:\/\/www.europesays.com\/fi\/wp-json\/wp\/v2\/posts"}],"about":[{"href":"https:\/\/www.europesays.com\/fi\/wp-json\/wp\/v2\/types\/post"}],"author":[{"embeddable":true,"href":"https:\/\/www.europesays.com\/fi\/wp-json\/wp\/v2\/users\/2"}],"replies":[{"embeddable":true,"href":"https:\/\/www.europesays.com\/fi\/wp-json\/wp\/v2\/comments?post=61993"}],"version-history":[{"count":0,"href":"https:\/\/www.europesays.com\/fi\/wp-json\/wp\/v2\/posts\/61993\/revisions"}],"wp:featuredmedia":[{"embeddable":true,"href":"https:\/\/www.europesays.com\/fi\/wp-json\/wp\/v2\/media\/60645"}],"wp:attachment":[{"href":"https:\/\/www.europesays.com\/fi\/wp-json\/wp\/v2\/media?parent=61993"}],"wp:term":[{"taxonomy":"category","embeddable":true,"href":"https:\/\/www.europesays.com\/fi\/wp-json\/wp\/v2\/categories?post=61993"},{"taxonomy":"post_tag","embeddable":true,"href":"https:\/\/www.europesays.com\/fi\/wp-json\/wp\/v2\/tags?post=61993"}],"curies":[{"name":"wp","href":"https:\/\/api.w.org\/{rel}","templated":true}]}}