{"id":62110,"date":"2025-10-14T19:08:07","date_gmt":"2025-10-14T19:08:07","guid":{"rendered":"https:\/\/www.europesays.com\/fi\/62110\/"},"modified":"2025-10-14T19:08:07","modified_gmt":"2025-10-14T19:08:07","slug":"hanoi-rocksista-natseihin-naista-syista-peacemaker-on-parhaita-tv-sarjoja-juuri-nyt","status":"publish","type":"post","link":"https:\/\/www.europesays.com\/fi\/62110\/","title":{"rendered":"Hanoi Rocksista natseihin: n\u00e4ist\u00e4 syist\u00e4 Peacemaker on parhaita tv-sarjoja juuri nyt"},"content":{"rendered":"<p>Kommentti|Sarjan tekev\u00e4t erinomaiseksi ennen kaikkea hauskat hahmot sek\u00e4 osuva, hauska ja koskettava dialogi, kirjoittaa HS:n kulttuuritoimittaja Jussi Ahlroth.<\/p>\n<p class=\"article-body mb-nof-24 px-nof-16\">Peacemaker-sarjan toinen kausi p\u00e4\u00e4ttyi viime perjantaina. Se on ollut viime aikojen parhaita tv-sarjoja.<\/p>\n<p class=\"article-body mb-nof-24 px-nof-16\"><a class=\"article-personlink\" href=\"https:\/\/www.hs.fi\/haku\/?query=James%20Gunnin\" rel=\"nofollow noopener\" target=\"_blank\">James Gunnin<\/a> tekem\u00e4 sarja on pinnallisesti supersankaritarina. Se on kuitenkin hauska ja koskettava draama rikkin\u00e4isist\u00e4 ihmisist\u00e4, jotka l\u00f6yt\u00e4v\u00e4t toisistaan perheen. T\u00e4ss\u00e4 lista syit\u00e4, miksi Peacemaker on mielest\u00e4ni niin erityinen. Varoitus: juttu sis\u00e4lt\u00e4\u00e4 v\u00e4h\u00e4n juonipaljastuksia.<\/p>\n","protected":false},"excerpt":{"rendered":"Kommentti|Sarjan tekev\u00e4t erinomaiseksi ennen kaikkea hauskat hahmot sek\u00e4 osuva, hauska ja koskettava dialogi, kirjoittaa HS:n kulttuuritoimittaja Jussi Ahlroth.&hellip;\n","protected":false},"author":2,"featured_media":62111,"comment_status":"","ping_status":"","sticky":false,"template":"","format":"standard","meta":{"footnotes":""},"categories":[133],"tags":[137,33,31,30,46,32,206,156,109],"class_list":{"0":"post-62110","1":"post","2":"type-post","3":"status-publish","4":"format-standard","5":"has-post-thumbnail","7":"category-televisiot","8":"tag-entertainment","9":"tag-fi","10":"tag-finland","11":"tag-finnish","12":"tag-helsingin-sanomat","13":"tag-suomi","14":"tag-televisiot","15":"tag-tv","16":"tag-viihde"},"share_on_mastodon":{"url":"","error":""},"_links":{"self":[{"href":"https:\/\/www.europesays.com\/fi\/wp-json\/wp\/v2\/posts\/62110","targetHints":{"allow":["GET"]}}],"collection":[{"href":"https:\/\/www.europesays.com\/fi\/wp-json\/wp\/v2\/posts"}],"about":[{"href":"https:\/\/www.europesays.com\/fi\/wp-json\/wp\/v2\/types\/post"}],"author":[{"embeddable":true,"href":"https:\/\/www.europesays.com\/fi\/wp-json\/wp\/v2\/users\/2"}],"replies":[{"embeddable":true,"href":"https:\/\/www.europesays.com\/fi\/wp-json\/wp\/v2\/comments?post=62110"}],"version-history":[{"count":0,"href":"https:\/\/www.europesays.com\/fi\/wp-json\/wp\/v2\/posts\/62110\/revisions"}],"wp:featuredmedia":[{"embeddable":true,"href":"https:\/\/www.europesays.com\/fi\/wp-json\/wp\/v2\/media\/62111"}],"wp:attachment":[{"href":"https:\/\/www.europesays.com\/fi\/wp-json\/wp\/v2\/media?parent=62110"}],"wp:term":[{"taxonomy":"category","embeddable":true,"href":"https:\/\/www.europesays.com\/fi\/wp-json\/wp\/v2\/categories?post=62110"},{"taxonomy":"post_tag","embeddable":true,"href":"https:\/\/www.europesays.com\/fi\/wp-json\/wp\/v2\/tags?post=62110"}],"curies":[{"name":"wp","href":"https:\/\/api.w.org\/{rel}","templated":true}]}}