{"id":62114,"date":"2025-10-14T19:13:07","date_gmt":"2025-10-14T19:13:07","guid":{"rendered":"https:\/\/www.europesays.com\/fi\/62114\/"},"modified":"2025-10-14T19:13:07","modified_gmt":"2025-10-14T19:13:07","slug":"seiska-tuksu-on-joutunut-sairaalan-vuodeosastolle","status":"publish","type":"post","link":"https:\/\/www.europesays.com\/fi\/62114\/","title":{"rendered":"Seiska: Tuksu on joutunut sairaalan vuodeosastolle"},"content":{"rendered":"<p>Johanna Tukiaisen suunnalta kuuluu hurjia.<\/p>\n<p>Viikko sitten Seiska kertoi, ett\u00e4 h\u00e4n oli joutunut Ruotsin-risteilyll\u00e4 mennen tullen putkaan ja joutunut janoissaan juomaan jopa vessanpytyst\u00e4.<\/p>\n<p>Nyt Tuksu kertoo Seiskassa, ett\u00e4 yst\u00e4v\u00e4 tuli hakemaan h\u00e4nt\u00e4 suoraan laivaterminaalista. Ensin mentiin tekem\u00e4\u00e4n rikosilmoitus putkavahdeista, sitten terveyskeskukseen vammoja n\u00e4ytt\u00e4m\u00e4\u00e4n ja lopulta Meilahden sairaalaan Helsingiss\u00e4.<\/p>\n<p>Nainen sanoo Seiskassa, ett\u00e4 h\u00e4n on tehnyt vartijoista sek\u00e4 koko Silja Linest\u00e4 rikosilmoituksen aiheenaan t\u00f6rke\u00e4 pahoinpitely.<\/p>\n<p>\u201dP\u00e4\u00e4sen v\u00e4h\u00e4n k\u00e4velem\u00e4\u00e4n\u201d<\/p>\n<p>Mit\u00e4 on tapahtunut? Seiskan mukaan Jossu on paraikaa Laakson sairaalassa.<\/p>\n<p>Lue my\u00f6s: <a href=\"https:\/\/www.como.fi\/uutiset\/mies-otti-hurjan-ison-tuksu-tatuoinnin-kuvalinkki-hammentaa\/\" title=\"Mies otti hurjan ison Tuksu-tatuoinnin, kuvalinkki h\u00e4mment\u00e4\u00e4!\" class=\"underline-custom !font-montserrat !font-bold !underline-offset-4 !decoration-4 !decoration-red-600 !text-md\" rel=\"nofollow noopener\" target=\"_blank\">Mies otti hurjan ison Tuksu-tatuoinnin, kuvalinkki h\u00e4mment\u00e4\u00e4!<\/a><\/p>\n<p>Laakson sairaala kertoo olevansa erikoistunut muun muassa murtumista toipuvien hoitoon ja kuntoutukseen.<\/p>\n<p>-P\u00e4\u00e4sen v\u00e4h\u00e4n k\u00e4velem\u00e4\u00e4n, en ole t\u00e4ysin s\u00e4nkypotilaana, Tukiainen avaa tilannettaan. H\u00e4n ei tied\u00e4 milloin p\u00e4\u00e4see kotiin, mutta l\u00e4\u00e4k\u00e4rit ovat puhuneet muutamasta p\u00e4iv\u00e4st\u00e4.<\/p>\n<p>H\u00e4n kertoo saavansa rauhoittavia ahdistukseen, joka kumpuaa h\u00e4nen v\u00e4itt\u00e4m\u00e4st\u00e4\u00e4n pahoinpitelyst\u00e4.<\/p>\n<p>Sen tarkemmin Johanna ei ruhjeistaan ja tilastaan <a href=\"https:\/\/www.seiska.fi\/vain-seiskassa\/kuvat-johanna-tukiainen-sairaalassa-suorat-sanat-naureskelijoille\/1961633\" rel=\"nofollow noopener\" target=\"_blank\">Seiskassa<\/a> kerro, joten varmuutta ei ole asioiden todellisesta syy-yhteydest\u00e4. Se on kuitenkin selv\u00e4\u00e4, ett\u00e4 uutisia Tuksusta putkahtaa viimeist\u00e4\u00e4n siin\u00e4 vaiheessa, kun poliisi ratkaisee, onko Silja Linen asiassa syyt\u00e4 edet\u00e4 esitutkintaan.<\/p>\n<p>Lue my\u00f6s: <a href=\"https:\/\/www.como.fi\/uutiset\/johanna-tukiainen-esitteli-okymekkoaan-joka-maksoi-tuhansia\/\" title=\"Johanna Tukiainen esitteli \u00f6kymekkoaan, joka maksoi tuhansia\" class=\"underline-custom !font-montserrat !font-bold !underline-offset-4 !decoration-4 !decoration-red-600 !text-md\" rel=\"nofollow noopener\" target=\"_blank\">Johanna Tukiainen esitteli \u00f6kymekkoaan, joka maksoi tuhansia<\/a><\/p>\n<p>Lue my\u00f6s: <a href=\"https:\/\/www.como.fi\/uutiset\/johanna-tukiainen-kertoo-laihtumisensa-syyn-ikava-sellainen\/\" title=\"Johanna Tukiainen kertoo laihtumisensa syyn \u2013 ik\u00e4v\u00e4 sellainen\" class=\"underline-custom !font-montserrat !font-bold !underline-offset-4 !decoration-4 !decoration-red-600 !text-md\" rel=\"nofollow noopener\" target=\"_blank\">Johanna Tukiainen kertoo laihtumisensa syyn \u2013 ik\u00e4v\u00e4 sellainen<\/a><\/p>\n<p>Lue my\u00f6s: <a href=\"https:\/\/www.como.fi\/tilaa-comon-uutiskirje\/\" title=\"Tilaa Comon uutiskirje ja tied\u00e4t mist\u00e4 kahvitauolla puhutaan! Nappaa kotimaan tv-vinkit ja puheenaiheet suoraan s\u00e4hk\u00f6postiin t\u00e4st\u00e4.\" class=\"underline-custom !font-montserrat !font-bold !underline-offset-4 !decoration-4 !decoration-red-600 !text-md\" rel=\"nofollow noopener\" target=\"_blank\">Tilaa Comon uutiskirje ja tied\u00e4t mist\u00e4 kahvitauolla puhutaan! Nappaa kotimaan tv-vinkit ja puheenaiheet suoraan s\u00e4hk\u00f6postiin t\u00e4st\u00e4.<\/a><\/p>\n","protected":false},"excerpt":{"rendered":"Johanna Tukiaisen suunnalta kuuluu hurjia. Viikko sitten Seiska kertoi, ett\u00e4 h\u00e4n oli joutunut Ruotsin-risteilyll\u00e4 mennen tullen putkaan ja&hellip;\n","protected":false},"author":2,"featured_media":62115,"comment_status":"","ping_status":"","sticky":false,"template":"","format":"standard","meta":{"footnotes":""},"categories":[130],"tags":[137,33,31,30,5865,32,109],"class_list":{"0":"post-62114","1":"post","2":"type-post","3":"status-publish","4":"format-standard","5":"has-post-thumbnail","7":"category-viihde","8":"tag-entertainment","9":"tag-fi","10":"tag-finland","11":"tag-finnish","12":"tag-johanna-tukiainen","13":"tag-suomi","14":"tag-viihde"},"share_on_mastodon":{"url":"","error":""},"_links":{"self":[{"href":"https:\/\/www.europesays.com\/fi\/wp-json\/wp\/v2\/posts\/62114","targetHints":{"allow":["GET"]}}],"collection":[{"href":"https:\/\/www.europesays.com\/fi\/wp-json\/wp\/v2\/posts"}],"about":[{"href":"https:\/\/www.europesays.com\/fi\/wp-json\/wp\/v2\/types\/post"}],"author":[{"embeddable":true,"href":"https:\/\/www.europesays.com\/fi\/wp-json\/wp\/v2\/users\/2"}],"replies":[{"embeddable":true,"href":"https:\/\/www.europesays.com\/fi\/wp-json\/wp\/v2\/comments?post=62114"}],"version-history":[{"count":0,"href":"https:\/\/www.europesays.com\/fi\/wp-json\/wp\/v2\/posts\/62114\/revisions"}],"wp:featuredmedia":[{"embeddable":true,"href":"https:\/\/www.europesays.com\/fi\/wp-json\/wp\/v2\/media\/62115"}],"wp:attachment":[{"href":"https:\/\/www.europesays.com\/fi\/wp-json\/wp\/v2\/media?parent=62114"}],"wp:term":[{"taxonomy":"category","embeddable":true,"href":"https:\/\/www.europesays.com\/fi\/wp-json\/wp\/v2\/categories?post=62114"},{"taxonomy":"post_tag","embeddable":true,"href":"https:\/\/www.europesays.com\/fi\/wp-json\/wp\/v2\/tags?post=62114"}],"curies":[{"name":"wp","href":"https:\/\/api.w.org\/{rel}","templated":true}]}}