{"id":62116,"date":"2025-10-14T19:16:11","date_gmt":"2025-10-14T19:16:11","guid":{"rendered":"https:\/\/www.europesays.com\/fi\/62116\/"},"modified":"2025-10-14T19:16:11","modified_gmt":"2025-10-14T19:16:11","slug":"oletko-syntynyt-1970-nailla-keinoilla-voit-paasta-elakkeelle-jopa-vuosia-etuajassa-iltalehti","status":"publish","type":"post","link":"https:\/\/www.europesays.com\/fi\/62116\/","title":{"rendered":"Oletko syntynyt 1970? N\u00e4ill\u00e4 keinoilla voit p\u00e4\u00e4st\u00e4 el\u00e4kkeelle jopa vuosia etuajassa &#8211; Iltalehti"},"content":{"rendered":"<ol>\n<li><a href=\"https:\/\/news.google.com\/rss\/articles\/CBMie0FVX3lxTE9vd1VYb3g4cUxFU3huN1FpQmtvSmExcW9oWF8tLUZRNktLakhJVzBvbm16MTk1NzRMdjlrWjE3N3FKMFZkWk5EcDR1WUNWZnVKM0RRVXhHTVg2WGRGYXZPYmJlcW14UFBEa0lWd1FYZzAzRHh4LWpUWThDTQ?oc=5\" target=\"_blank\" rel=\"nofollow noopener\">Oletko syntynyt 1970? N\u00e4ill\u00e4 keinoilla voit p\u00e4\u00e4st\u00e4 el\u00e4kkeelle jopa vuosia etuajassa<\/a>&nbsp;&nbsp;Iltalehti<\/li>\n<li><a href=\"https:\/\/news.google.com\/rss\/articles\/CBMiZEFVX3lxTFBremwtbmNFeFNOZE1ZTlpNdlhWUXZhT2xTUHhEWmFWRUFvb3Jma0tELU1Pb1NDRVQxR2VIS0tCTXlVcm5VSm9zMWdCNnBRZnFFLTl5VGZyVk1JY0lIM0xNSW9sUFg?oc=5\" target=\"_blank\" rel=\"nofollow noopener\">Liki puolet suomalaisista haluaa etuajassa el\u00e4kkeelle \u2013 t\u00e4m\u00e4 on suurin syy<\/a>&nbsp;&nbsp;Ilta-Sanomat<\/li>\n<li><a href=\"https:\/\/news.google.com\/rss\/articles\/CBMinAFBVV95cUxQSmNHOWhIdFAzVDBBR203Q1BkbzNTTnR2WFRnX3BQNDNfbU94OXpPeV9uSUZ3dmdaNnBtaklVZlFPTllTc0d6ZHR2VHV5ZzdubzBvM0RvUzRmeUp1VzA5U0d1c19hb1lEX09WTEVtMWo2a2g5eDNtdEZydVEwMU04OGVrQnJWeFBNYVU0ZVhfdE1HelljNUpmV19scXE?oc=5\" target=\"_blank\" rel=\"nofollow noopener\">OP-kysely: Varhainen el\u00e4k\u00f6ityminen on yh\u00e4 monen haave \u2013 mutta ei perhesyist\u00e4<\/a>&nbsp;&nbsp;Demokraatti.fi<\/li>\n<li><a href=\"https:\/\/news.google.com\/rss\/articles\/CBMifkFVX3lxTE83WVB6YVYzRzZCWm1nVzJoOTdieExpMnNreDdlamlGaHBpaXVTYTh1X25mRmdMQ3FhcHlaTHZNZnljRTNWeHhjTUloN1ktZ3pjTm1wZC1YVEdqQTlwX3N0ZUE5OVlkSUhmcWZwTkROcVlOb3JaX1dlTUxUbmFNZw?oc=5\" target=\"_blank\" rel=\"nofollow noopener\">El\u00e4kkeist\u00e4 tuli karu tieto<\/a>&nbsp;&nbsp;Talousel\u00e4m\u00e4<\/li>\n<li><a href=\"https:\/\/news.google.com\/rss\/articles\/CBMitgJBVV95cUxNM2FpVV91RkdmZHUxTmxWVzNhQ3NKaDY2M3dqRmRvTFdLTWlaalJSaUFTazRLWEltaFAycmtvWmsyWTk5eHNpZndSeHpyRDRpWEx3MTJnNFVqLUNPa1ktckxCRm94U1MtRGVyLVpzc2JfLW9zQk9zeGtMZU9NWEw4MTZQZm5pT3VaVFVncWVEY3lkXzZDZjg4VHZsWDdzd05lTVI4ckJ1SlRTbzJlbmVKUnhaUF9xaWJNU1JQeFVVbHcwXzJ3NENFakFfZlpXTTZSSDcwRWhIcEszVzJNQU5rN3F5Q1lxZHJsVEVOREFFYUxYck9OLWdoLTZISnB3bVFlOUF1YW5ONnp5dGNjcnlCUTJBUzByQ1RqR0ktN2xJdFdLTnQ2a1lYRG5YZHBjbFVScldVVFpn?oc=5\" target=\"_blank\" rel=\"nofollow noopener\">Pys\u00e4ytt\u00e4v\u00e4 tieto suomalaisista ja el\u00e4kkeist\u00e4 \u2013 \u201dPaljastaa ristiriidan yhteiskunnassa\u201d<\/a>&nbsp;&nbsp;MSN<\/li>\n<\/ol>\n","protected":false},"excerpt":{"rendered":"Oletko syntynyt 1970? N\u00e4ill\u00e4 keinoilla voit p\u00e4\u00e4st\u00e4 el\u00e4kkeelle jopa vuosia etuajassa&nbsp;&nbsp;Iltalehti Liki puolet suomalaisista haluaa etuajassa el\u00e4kkeelle \u2013&hellip;\n","protected":false},"author":2,"featured_media":62117,"comment_status":"","ping_status":"","sticky":false,"template":"","format":"standard","meta":{"footnotes":""},"categories":[76],"tags":[5441,79,77,33,31,30,14330,1390,2406,14329,721,2408,2405,2407,32,78,14328],"class_list":{"0":"post-62116","1":"post","2":"type-post","3":"status-publish","4":"format-standard","5":"has-post-thumbnail","7":"category-talous","8":"tag-asiantuntijahaastattelu","9":"tag-business","10":"tag-economy","11":"tag-fi","12":"tag-finland","13":"tag-finnish","14":"tag-hyotytieto","15":"tag-kuukausi","16":"tag-osakkeet-arvopaperit","17":"tag-rahansaasto","18":"tag-rahoitus","19":"tag-rahoitusmarkkinat","20":"tag-rahoitustuotteita","21":"tag-sijoittaminen-rahoitus","22":"tag-suomi","23":"tag-talous","24":"tag-tienaaminen"},"share_on_mastodon":{"url":"","error":""},"_links":{"self":[{"href":"https:\/\/www.europesays.com\/fi\/wp-json\/wp\/v2\/posts\/62116","targetHints":{"allow":["GET"]}}],"collection":[{"href":"https:\/\/www.europesays.com\/fi\/wp-json\/wp\/v2\/posts"}],"about":[{"href":"https:\/\/www.europesays.com\/fi\/wp-json\/wp\/v2\/types\/post"}],"author":[{"embeddable":true,"href":"https:\/\/www.europesays.com\/fi\/wp-json\/wp\/v2\/users\/2"}],"replies":[{"embeddable":true,"href":"https:\/\/www.europesays.com\/fi\/wp-json\/wp\/v2\/comments?post=62116"}],"version-history":[{"count":0,"href":"https:\/\/www.europesays.com\/fi\/wp-json\/wp\/v2\/posts\/62116\/revisions"}],"wp:featuredmedia":[{"embeddable":true,"href":"https:\/\/www.europesays.com\/fi\/wp-json\/wp\/v2\/media\/62117"}],"wp:attachment":[{"href":"https:\/\/www.europesays.com\/fi\/wp-json\/wp\/v2\/media?parent=62116"}],"wp:term":[{"taxonomy":"category","embeddable":true,"href":"https:\/\/www.europesays.com\/fi\/wp-json\/wp\/v2\/categories?post=62116"},{"taxonomy":"post_tag","embeddable":true,"href":"https:\/\/www.europesays.com\/fi\/wp-json\/wp\/v2\/tags?post=62116"}],"curies":[{"name":"wp","href":"https:\/\/api.w.org\/{rel}","templated":true}]}}