{"id":62143,"date":"2025-10-14T19:57:07","date_gmt":"2025-10-14T19:57:07","guid":{"rendered":"https:\/\/www.europesays.com\/fi\/62143\/"},"modified":"2025-10-14T19:57:07","modified_gmt":"2025-10-14T19:57:07","slug":"ozzy-osbourne-mursi-niskansa-makuuhuoneessaan","status":"publish","type":"post","link":"https:\/\/www.europesays.com\/fi\/62143\/","title":{"rendered":"Ozzy Osbourne mursi niskansa makuuhuoneessaan"},"content":{"rendered":"<p>Black Sabbath -legenda kertoo uutuuskirjassa niskamurtumastaan. <\/p>\n<p class=\"paragraph\"><a href=\"https:\/\/www.iltalehti.fi\/henkilot\/Ozzy Osbourne\" class=\"article-link-person-page\" rel=\"nofollow noopener\" target=\"_blank\">Ozzy Osbourne<\/a> ehti saada valmiiksi el\u00e4m\u00e4kertansa Viimeinen voitelu juuri ennen kuolemaansa viime hein\u00e4kuussa.<\/p>\n<p class=\"paragraph\">Osbournen viimeisiin vuosiin painottuvassa kirjassa k\u00e4yd\u00e4\u00e4n l\u00e4pi muusikon vakavia terveysongelmia, joista osa syntyi onnettomuuksissa ja osa p\u00e4ihteiden v\u00e4\u00e4rink\u00e4yt\u00f6n seurauksena, osa molemmista.<\/p>\n<p class=\"paragraph\">Niskansa Ozzy satutti ensimm\u00e4isen kerran pahasti vuonna 2003, kun h\u00e4n meni kesken The Osbournes -kuvausten m\u00f6nkij\u00e4ajelulle. Renkaat osuivat kuoppaan, Ozzy lensi ilmaan, m\u00e4tk\u00e4hti maahan ja m\u00f6nkij\u00e4 putosi h\u00e4nen p\u00e4\u00e4lleen.<\/p>\n<p class=\"paragraph\">Ozzy oli kertomansa mukaan kahdeksan p\u00e4iv\u00e4\u00e4 koomassa sairaalassa. H\u00e4n satutti ryt\u00e4k\u00e4ss\u00e4 k\u00e4tt\u00e4\u00e4n, keuhkojaan ja solisluutaan, mutta l\u00e4\u00e4k\u00e4rit saivat pahimmat vammat korjattua.<\/p>\n<p class=\"paragraph\">Minussa oli enemm\u00e4n ruuveja ja muttereita kuin rautakaupassa, Ozzy kertoo kirjassaan.<\/p>\n<p class=\"paragraph\">Paljon pahempi onnettomuus tapahtui helmikuussa 2019, ja t\u00e4m\u00e4 onnettomuus vaikutti Ozzyn loppuel\u00e4m\u00e4\u00e4n.<\/p>\n<p class=\"paragraph\">Ozzy oli joutunut perumaan keikkojaan keuhkoputkentulehdukseksi \u00e4ityneen flunssan vuoksi, ja h\u00e4n paranteli itse\u00e4\u00e4n kotonaan. Ozzy muistelee menneens\u00e4 nukkumaan puoleny\u00f6n aikoihin.<\/p>\n<p class=\"paragraph\">H\u00e4nen puolisonsa <a href=\"https:\/\/www.iltalehti.fi\/henkilot\/Sharon Osbourne\" class=\"article-link-person-page\" rel=\"nofollow noopener\" target=\"_blank\">Sharon<\/a> oli jo painunut pehkuihin.<\/p>\n<p class=\"paragraph\">Kumpikin yritti nukkua, mutta Ozzy her\u00e4si vessah\u00e4t\u00e4\u00e4n.<\/p>\n<p class=\"paragraph\">Minulla oli kusih\u00e4t\u00e4, mutta huoneessa oli pilkkopime\u00e4\u00e4 ja p\u00e4\u00e4ni oli t\u00e4ynn\u00e4 r\u00e4k\u00e4\u00e4. Joten odottelin\u2026 ja odottelin\u2026 ja odottelin, kunnes lopulta \u2013 no voi vittu sent\u00e4\u00e4n! \u2013 nousin s\u00e4ngyst\u00e4 ja horjuin vessaan, Ozzy kertoo kirjassa.<\/p>\n<p class=\"paragraph\">Ozzy l\u00e4hti pime\u00e4ss\u00e4 takaisin makuuhuoneeseen. H\u00e4n ei sytytt\u00e4nyt valoja, sill\u00e4 ei halunnut her\u00e4tt\u00e4\u00e4 Sharonia.<\/p>\n<p class=\"paragraph\">Kun olin muutaman askeleen p\u00e4\u00e4ss\u00e4 petist\u00e4mme, tein mit\u00e4 aina teen.<\/p>\n<p class=\"paragraph\">Jihaaaaaaaa\u2026PAM!<\/p>\n<p class=\"paragraph\">\u201dOzzy?\u201d \u201dOzzy? Ozzy?! Mit\u00e4 vittua oikein tapahtui?\u201d<\/p>\n<p class=\"paragraph\">Pystyin vain korisemaan. Ensimm\u00e4isen\u00e4 tunsin ter\u00e4v\u00e4n piston silmiss\u00e4ni.<\/p>\n<p class=\"paragraph\">Sharon oli laittanut kaikki valot p\u00e4\u00e4lle. Sharonin aivot ottivat viel\u00e4 lukua, joten h\u00e4n oli h\u00e4mill\u00e4\u00e4n. Minua ei n\u00e4kynyt miss\u00e4\u00e4n.<\/p>\n<p class=\"paragraph\">\u201dOzzy? Miss\u00e4 oikein olet? Mit\u00e4 ihmett\u00e4\u2026\u201d<\/p>\n<p class=\"paragraph\">H\u00e4n n\u00e4ki minut.<\/p>\n<p class=\"paragraph\">\u201dHyv\u00e4 luoja.\u201d<\/p>\n<p class=\"paragraph\">Makasin lattialla kaukana s\u00e4ngyst\u00e4. En edelleenk\u00e4\u00e4n ymm\u00e4rr\u00e4, miten onnistuin hypp\u00e4\u00e4m\u00e4\u00e4n sen ohi. S\u00e4nky on j\u00e4ttim\u00e4inen, kuin panssarivaunu pys\u00e4k\u00f6ityn\u00e4 keskelle huonetta.<\/p>\n<p class=\"paragraph\">Ozzy ei p\u00e4\u00e4ssyt lattialta yl\u00f6s. Tuska oli h\u00e4nen mukaansa pahempi kuin ikin\u00e4 aiemmin.<\/p>\n<p class=\"paragraph\">Korinan sekaan pystyin muodostamaan vain kolme j\u00e4rjellist\u00e4 sanaa: \u201dVittu mun niska!\u201d<\/p>\n<p class=\"paragraph\">Sharon sanoi, ett\u00e4 k\u00e4teni olivat yh\u00e4 yl\u00e4ruumistani vasten, kun h\u00e4n n\u00e4ki minut lattialle k\u00e4pertyneen\u00e4. En ollut nostanut k\u00e4si\u00e4 suojakseni sy\u00f6ksyn aikana. Niin varma olin siit\u00e4, ett\u00e4 laskeutuisin pehme\u00e4lle petauspatjalle. Mit\u00e4 ihmett\u00e4 olin kelannut? Miksen hyp\u00e4nnyt k\u00e4det edell\u00e4? Kuvittelinko olevani Batman tai jotain? Sharon uskoo, ett\u00e4 olin hyp\u00e4tess\u00e4ni kompastunut matonreunaan, ly\u00f6nyt p\u00e4\u00e4ni s\u00e4ngynkulmaan tai y\u00f6p\u00f6yt\u00e4\u00e4n ja laskeutunut keskelle lattiaa. Minulla ei ollut siit\u00e4 aavistustakaan.<\/p>\n<p class=\"paragraph\">Paikalle tuli pelastushenkil\u00f6kuntaa ja Ozzy vietiin sairaalaan. Sairaalassa Ozzy joutui Sharonin vetoomuksista huolimatta jonottamaan.<\/p>\n<p class=\"paragraph\">Kuulin h\u00e4nen \u00e4\u00e4neens\u00e4 kaukaa vastaanotosta: \u201dETTEK\u00d6 TE TIED\u00c4, KUKA AVIOMIEHENI ON?\u201d<\/p>\n<p class=\"paragraph\">\u201dRouva hyv\u00e4, emme\u201d, kuului vastaus.<\/p>\n<p class=\"paragraph\">\u201dH\u00e4n on Ozzy-vitun-Osbourne!\u201d<\/p>\n<p class=\"paragraph\">\u201dAivan sama vaikka olisi itse Joulupukki. H\u00e4nen on odotettava vuoroaan.\u201d<\/p>\n<p>Ozzy Osbourned tarvitsi onnettomuuden j\u00e4lkeen py\u00f6r\u00e4tuolia.  AOP<\/p>\n<p class=\"paragraph\">Onnettomuudesta ja sen ei niin onnistuneesta hoidosta alkoi pitk\u00e4 ja vaikea toipumisjakso.<\/p>\n<p class=\"paragraph\">Ep\u00e4onnistuneen leikkauksen seurauksena Ozzy joutui jopa teho-osastolle.<\/p>\n<p class=\"paragraph\">Leikkauksen j\u00e4lkeen Ozzy oli huonomassa kunnossa kuin ennen leikkausta. H\u00e4nell\u00e4 oli kovia kipuja eik\u00e4 toipuminen edistynyt lainkaan. Hitaaseen toipumiseen vaikutti my\u00f6s Ozzyn sairastama Parkinsonin tauti.<\/p>\n<p class=\"paragraph\">Kes\u00e4ll\u00e4 2021 tilanne oli pahentunut entisest\u00e4\u00e4n.<\/p>\n<p class=\"paragraph\">Muutamaa kuukautta aiemmin olin pystynyt kiert\u00e4m\u00e4\u00e4n korttelin kahdeksan kertaa keppini kanssa, mutta nyt kykenin h\u00e4din tuskin yhteen kierrokseen. Joka kerta p\u00e4\u00e4t\u00e4ni liikuttaessani tuntui silt\u00e4 kuin joku yritt\u00e4isi repi\u00e4 sen irti. Kohta en en\u00e4\u00e4 tarvitsisi k\u00e4velytukea liikkumiseen. Tarvitsisin py\u00f6r\u00e4tuolin. Niskatukea saisin pit\u00e4\u00e4 yll\u00e4ni hautaan asti, Ozzy kirjoittaa.<\/p>\n<p class=\"paragraph\">Niskatukea h\u00e4n tosiaan piti koko loppuel\u00e4m\u00e4ns\u00e4.<\/p>\n<p class=\"paragraph\">Ozzylle tehtiin useampi korjausleikkaus, joista viimeisin vuonna 2023. L\u00e4\u00e4k\u00e4ri sanoi Ozzylle, ettei enemp\u00e4\u00e4 kannattaisi leikata, tilanteeseen ei tulisi sen suurempaa muutosta. Kaikki Ozzyn tulevat keikat peruttiin, ja Ozzylle oli selv\u00e4\u00e4, ettei h\u00e4n en\u00e4\u00e4 kiert\u00e4isi.<\/p>\n<p class=\"paragraph\">Olin oudolla tavalla iloinen, kun h\u00e4n sanoi, ett\u00e4 t\u00e4m\u00e4n pidemm\u00e4lle ei jatketa. Toivo voi olla kaikkein pahinta. Joskus on parempi kuulla, ettei tunnelin p\u00e4\u00e4ss\u00e4 ole en\u00e4\u00e4 valoa. Niin murheellista kuin t\u00e4m\u00e4 kaikki onkin ollut, ainakaan minulla ei ole mit\u00e4\u00e4n valitettavaa. Olen elossa \u2013 tai ainakin olen t\u00e4t\u00e4 kirjoittaessani.<\/p>\n<p class=\"paragraph\">Ozzy Osbourne esiintyi viel\u00e4 yhden kerran. J\u00e4\u00e4hyv\u00e4iskonsertti j\u00e4rjestettiin 6. hein\u00e4kuuta 2025 Villa Parkissa Birminghamissa.<\/p>\n<p class=\"paragraph\">Pimeyden prinssi kuoli 22. hein\u00e4kuuta 76-vuotiaana.<\/p>\n<p>Ozzy esiintyi viimeisess\u00e4 konsertissaan Birminghamissa tuolissa istuen vain muutamaa viikkoa ennen kuolemaansa viime kes\u00e4n\u00e4.  AOP<\/p>\n<p class=\"paragraph\">Kursivoidut kohdat ovat otteita kirjasta: Ozzy Osbourne: Viimeinen voitelu (Like, Ozzy Osbourne &amp; Chris Ayres, suom. Jarkko Jokelainen). Kirja ilmestyi 7.10.<\/p>\n","protected":false},"excerpt":{"rendered":"Black Sabbath -legenda kertoo uutuuskirjassa niskamurtumastaan. Ozzy Osbourne ehti saada valmiiksi el\u00e4m\u00e4kertansa Viimeinen voitelu juuri ennen kuolemaansa viime&hellip;\n","protected":false},"author":2,"featured_media":62144,"comment_status":"","ping_status":"","sticky":false,"template":"","format":"standard","meta":{"footnotes":""},"categories":[136],"tags":[35,138,407,137,33,31,30,408,525,47,141,532,32,109],"class_list":{"0":"post-62143","1":"post","2":"type-post","3":"status-publish","4":"format-standard","5":"has-post-thumbnail","7":"category-julkkikset","8":"tag-24h","9":"tag-audio","10":"tag-celebrities","11":"tag-entertainment","12":"tag-fi","13":"tag-finland","14":"tag-finnish","15":"tag-julkkikset","16":"tag-laulaminen-ja-laulajat","17":"tag-musiikki","18":"tag-muusikot-bandit","19":"tag-rock-ja-pop","20":"tag-suomi","21":"tag-viihde"},"share_on_mastodon":{"url":"","error":""},"_links":{"self":[{"href":"https:\/\/www.europesays.com\/fi\/wp-json\/wp\/v2\/posts\/62143","targetHints":{"allow":["GET"]}}],"collection":[{"href":"https:\/\/www.europesays.com\/fi\/wp-json\/wp\/v2\/posts"}],"about":[{"href":"https:\/\/www.europesays.com\/fi\/wp-json\/wp\/v2\/types\/post"}],"author":[{"embeddable":true,"href":"https:\/\/www.europesays.com\/fi\/wp-json\/wp\/v2\/users\/2"}],"replies":[{"embeddable":true,"href":"https:\/\/www.europesays.com\/fi\/wp-json\/wp\/v2\/comments?post=62143"}],"version-history":[{"count":0,"href":"https:\/\/www.europesays.com\/fi\/wp-json\/wp\/v2\/posts\/62143\/revisions"}],"wp:featuredmedia":[{"embeddable":true,"href":"https:\/\/www.europesays.com\/fi\/wp-json\/wp\/v2\/media\/62144"}],"wp:attachment":[{"href":"https:\/\/www.europesays.com\/fi\/wp-json\/wp\/v2\/media?parent=62143"}],"wp:term":[{"taxonomy":"category","embeddable":true,"href":"https:\/\/www.europesays.com\/fi\/wp-json\/wp\/v2\/categories?post=62143"},{"taxonomy":"post_tag","embeddable":true,"href":"https:\/\/www.europesays.com\/fi\/wp-json\/wp\/v2\/tags?post=62143"}],"curies":[{"name":"wp","href":"https:\/\/api.w.org\/{rel}","templated":true}]}}