{"id":62186,"date":"2025-10-14T20:59:14","date_gmt":"2025-10-14T20:59:14","guid":{"rendered":"https:\/\/www.europesays.com\/fi\/62186\/"},"modified":"2025-10-14T20:59:14","modified_gmt":"2025-10-14T20:59:14","slug":"motorola-julkisti-599-millimetria-paksun-moto-x70-air-alypuhelimen-kiinassa-tulossa-tanne-edge-70-nimella-marraskuussa","status":"publish","type":"post","link":"https:\/\/www.europesays.com\/fi\/62186\/","title":{"rendered":"Motorola julkisti 5,99 millimetri\u00e4 paksun Moto X70 Air -\u00e4lypuhelimen Kiinassa \u2013 tulossa t\u00e4nne Edge 70 -nimell\u00e4 marraskuussa"},"content":{"rendered":"<p><a href=\"https:\/\/www.europesays.com\/fi\/wp-content\/uploads\/2025\/10\/motorola_moto_x70_air_1.jpg\" data-lightbox=\"image\"><img fetchpriority=\"high\" decoding=\"async\" aria-describedby=\"caption-attachment-267048\" class=\"size-full wp-image-267048\" src=\"data:image\/svg+xml,%3Csvg%20xmlns=\" http:=\"\" alt=\"Moto X70 Air, Pantone Bronze Green.\" width=\"800\" height=\"800\" data-lazy- data-lazy- data-lazy-src=\"https:\/\/www.europesays.com\/fi\/wp-content\/uploads\/2025\/10\/motorola_moto_x70_air_1.jpg\"\/><\/a><\/p>\n<p id=\"caption-attachment-267048\" class=\"wp-caption-text\">Moto X70 Air, Pantone Bronze Green.<\/p>\n<p>Motorola on julkistanut Kiinassa ohuen Moto X70 Air -\u00e4lypuhelimen. Samaa puhelinta <a href=\"https:\/\/mobiili.fi\/2025\/10\/08\/motorola-vahvisti-seuraavan-premium-alypuhelimen-julkistuksen-5-marraskuuta-odotuksissa-vuodoissa-esiintynyt-ohut-edge-70\/\" rel=\"nofollow noopener\" target=\"_blank\">odotetaan julkistettavaksi kansainv\u00e4lisille markkinoille Edge 70 -mallinimell\u00e4 5. marraskuuta<\/a>, jolloin Motorola on ilmoittanut esittelev\u00e4ns\u00e4 seuraavan premium-\u00e4lypuhelimensa kansainv\u00e4lisille markkinoille.<\/p>\n<p>Moto X70 Air on 5,99 millimetri\u00e4 paksu, joka tekee siit\u00e4 hieman paksumman kuin Apple iPhone Air (5,64 mm) ja Samsung Galaxy S25 Edge (5,8 mm).<\/p>\n<p>Toisaalta vain hieman suuremmasta paksuudesta huolimatta akku Moto X70 Airissa on huomattavasti suurempi kapasiteetiltaan, 4 800 milliampeerituntia, verrattuna iPhone Airiin (3 149 mAh) ja Galaxy S25 Edgeen (3 900 mAh). Tuettuna on 68 watin pikalataus sek\u00e4 lis\u00e4ksi my\u00f6s 15 watin langaton lataus.<\/p>\n<p style=\"width: 98%; text-align: center; font-size:13px; border-bottom: 1px solid #C8C8C8; line-height: 0.1em; margin: 8px 1% 16px 1%;\">MAINOS (ARTIKKELI JATKUU ALLA)<\/p>\n<p>Moto X70 Airissa on 6,7 tuuman AMOLED-n\u00e4ytt\u00f6 2712\u00d71220 pikselill\u00e4, 120 hertsin virkistystaajuuella ja huipussaan 4 500 nitiin ylt\u00e4v\u00e4ll\u00e4 kirkkaudella. Sormenj\u00e4lkilukija l\u00f6ytyy n\u00e4yt\u00f6n alta.<\/p>\n<p>Suorituskyvylt\u00e4\u00e4n Moto X70 Air asettuu keskiluokkaan Qualcommin Snapdragon 7 Gen 4 -j\u00e4rjestelm\u00e4piirill\u00e4. J\u00e4\u00e4hdytysj\u00e4rjestelm\u00e4 sis\u00e4lt\u00e4\u00e4 my\u00f6s h\u00f6yrykammion. RAM-k\u00e4ytt\u00f6muistia on 12 gigatavua ja tallennusmuistia 256 tai 512 gigatavua.<\/p>\n<p>50 megapikselin kameroita Moto X70 Air sis\u00e4lt\u00e4\u00e4 kaikkiaan kolme kappaletta. Takaa l\u00f6ytyv\u00e4t 50 megapikselin p\u00e4\u00e4kamera Samsungin kennolla ja optisella kuvanvakaimella sek\u00e4 120 asteen ultralaajakulmakamera, ja my\u00f6s etukameran tarkkuus on samalla tasolla.<\/p>\n<p><a href=\"https:\/\/www.europesays.com\/fi\/wp-content\/uploads\/2025\/10\/motorola_moto_x70_air_2.jpg\" data-lightbox=\"image\"><img loading=\"lazy\" decoding=\"async\" aria-describedby=\"caption-attachment-267047\" class=\"size-full wp-image-267047\" src=\"data:image\/svg+xml,%3Csvg%20xmlns=\" http:=\"\" alt=\"Moto X70 Air, Pantone Gadget Gray.\" width=\"800\" height=\"800\" data-lazy- data-lazy- data-lazy-src=\"https:\/\/www.europesays.com\/fi\/wp-content\/uploads\/2025\/10\/motorola_moto_x70_air_2.jpg\"\/><\/a><\/p>\n<p id=\"caption-attachment-267047\" class=\"wp-caption-text\">Moto X70 Air, Pantone Gadget Gray.<\/p>\n<p style=\"width: 98%; text-align: center; font-size:13px; border-bottom: 1px solid #C8C8C8; line-height: 0.1em; margin: 8px 1% 16px 1%;\">MAINOS (ARTIKKELI JATKUU ALLA)<\/p>\n<p>V\u00e4rien osalta Motorola jatkaa yhteisty\u00f6t\u00e4\u00e4n v\u00e4rispesialistin Pantonen kanssa. V\u00e4rivaihtoehtojen nimet ovat Pantone Gadget Gray, Pantone Lily Pad ja Pantone Bronze Green. Takapinnassa on nahkamainen tekstuuri. Puhelimessa on mielenkiintoinen kaksis\u00e4vyinen viimeistely, jossa takakameroita ympyr\u00f6iv\u00e4t renkaat ja painike sivulla kantavat muusta puhelimesta poikkeavaa tehostev\u00e4ri\u00e4. Runko on alumiinia.<\/p>\n<p>Kest\u00e4vyydelt\u00e4\u00e4n Moto X70 Air on IP68 \/ IP69 -luokitellusti p\u00f6ly- ja vesitiivis, upottamisen lis\u00e4ksi kest\u00e4en my\u00f6s voimakkaan vesisuihkun, mink\u00e4 lis\u00e4ksi sen on testattu kest\u00e4v\u00e4n pudotuksia.<\/p>\n<p>Muita ominaisuuksia ovat stereokaiuttimet, 5G-mobiiliverkkoyhteys, Wi-Fi, Bluetooth, NFC ja USB-C-liit\u00e4nt\u00e4.<\/p>\n<p><a href=\"https:\/\/www.europesays.com\/fi\/wp-content\/uploads\/2025\/10\/motorola_moto_x70_air_3.jpg\" data-lightbox=\"image\"><img loading=\"lazy\" decoding=\"async\" aria-describedby=\"caption-attachment-267046\" class=\"size-full wp-image-267046\" src=\"data:image\/svg+xml,%3Csvg%20xmlns=\" http:=\"\" alt=\"Moto X70 Air, Pantone Lily Pad.\" width=\"800\" height=\"800\" data-lazy- data-lazy- data-lazy-src=\"https:\/\/www.europesays.com\/fi\/wp-content\/uploads\/2025\/10\/motorola_moto_x70_air_3.jpg\"\/><\/a><\/p>\n<p id=\"caption-attachment-267046\" class=\"wp-caption-text\">Moto X70 Air, Pantone Lily Pad.<\/p>\n<p>Painoa Moto X70 Airilla on 159 grammaa. Mitat kokonaisuudessaan ovat 159,87 x 74,28 x 5,99 millimetri\u00e4. Kehyksen paksuus on vain 5,3 millimetri\u00e4.<\/p>\n<p style=\"width: 98%; text-align: center; font-size:13px; border-bottom: 1px solid #C8C8C8; line-height: 0.1em; margin: 8px 1% 16px 1%;\">MAINOS (ARTIKKELI JATKUU ALLA)<\/p>\n<p>K\u00e4ytt\u00f6j\u00e4rjestelm\u00e4versiona Moto X70 Airissa on ajantasainen Android 16.<\/p>\n<p>Moto X70 Air on nyt listattu Motorola-br\u00e4ndin omistavan Lenovon verkkokauppaan Kiinassa, mutta hintaa ei ole viel\u00e4 kerrottu.<\/p>\n<p>Kuten artikkelin alussa mainittu, Moto X70 Airia vastaavan Edge 70:n julkistus on tapahtumassa kansainv\u00e4lisesti 5. marraskuuta. Motorola Edge 70:n odotetaan saapuvan myyntiin Suomessakin.<\/p>\n<p>Mainos: <a href=\"https:\/\/hinta.fi\/?src=gPp6fX03\" target=\"_blank\" rel=\"nofollow noopener\">Noin 1 600 000 tuotteen hintavertailu ja hintaseuranta &#8211; katso Hinta.fist\u00e4 mist\u00e4 saat halvimmalla<\/a><\/p>\n","protected":false},"excerpt":{"rendered":"Moto X70 Air, Pantone Bronze Green. Motorola on julkistanut Kiinassa ohuen Moto X70 Air -\u00e4lypuhelimen. Samaa puhelinta odotetaan&hellip;\n","protected":false},"author":2,"featured_media":62187,"comment_status":"","ping_status":"","sticky":false,"template":"","format":"standard","meta":{"footnotes":""},"categories":[84],"tags":[33,31,30,32,91,92],"class_list":{"0":"post-62186","1":"post","2":"type-post","3":"status-publish","4":"format-standard","5":"has-post-thumbnail","7":"category-teknologia","8":"tag-fi","9":"tag-finland","10":"tag-finnish","11":"tag-suomi","12":"tag-technology","13":"tag-teknologia"},"share_on_mastodon":{"url":"","error":""},"_links":{"self":[{"href":"https:\/\/www.europesays.com\/fi\/wp-json\/wp\/v2\/posts\/62186","targetHints":{"allow":["GET"]}}],"collection":[{"href":"https:\/\/www.europesays.com\/fi\/wp-json\/wp\/v2\/posts"}],"about":[{"href":"https:\/\/www.europesays.com\/fi\/wp-json\/wp\/v2\/types\/post"}],"author":[{"embeddable":true,"href":"https:\/\/www.europesays.com\/fi\/wp-json\/wp\/v2\/users\/2"}],"replies":[{"embeddable":true,"href":"https:\/\/www.europesays.com\/fi\/wp-json\/wp\/v2\/comments?post=62186"}],"version-history":[{"count":0,"href":"https:\/\/www.europesays.com\/fi\/wp-json\/wp\/v2\/posts\/62186\/revisions"}],"wp:featuredmedia":[{"embeddable":true,"href":"https:\/\/www.europesays.com\/fi\/wp-json\/wp\/v2\/media\/62187"}],"wp:attachment":[{"href":"https:\/\/www.europesays.com\/fi\/wp-json\/wp\/v2\/media?parent=62186"}],"wp:term":[{"taxonomy":"category","embeddable":true,"href":"https:\/\/www.europesays.com\/fi\/wp-json\/wp\/v2\/categories?post=62186"},{"taxonomy":"post_tag","embeddable":true,"href":"https:\/\/www.europesays.com\/fi\/wp-json\/wp\/v2\/tags?post=62186"}],"curies":[{"name":"wp","href":"https:\/\/api.w.org\/{rel}","templated":true}]}}