{"id":62212,"date":"2025-10-14T21:32:28","date_gmt":"2025-10-14T21:32:28","guid":{"rendered":"https:\/\/www.europesays.com\/fi\/62212\/"},"modified":"2025-10-14T21:32:28","modified_gmt":"2025-10-14T21:32:28","slug":"tahdet-ja-avaruus-kosmologian-kriisi-jatkuu-mittausvirheita-vai-vaarinymmarrettya-fysiikkaa","status":"publish","type":"post","link":"https:\/\/www.europesays.com\/fi\/62212\/","title":{"rendered":"T\u00e4hdet ja avaruus: Kosmologian kriisi jatkuu: mittausvirheit\u00e4 vai v\u00e4\u00e4rinymm\u00e4rretty\u00e4 fysiikkaa?"},"content":{"rendered":"<p>Merkilliset tulokset universumin laajenemisesta ovat odottaneet selityst\u00e4 jo vuosikymmenen. Kuluvan vuoden aikana tuloksia on pursunnut, mutta mysteeri sen kun syvenee.&#13;<\/p>\n<p class=\"bodytext\">Huipputarkan Webb-avaruusteleskoopin toivottiin lopullisesti selvitt\u00e4v\u00e4n avaruuden laajenemisnopeuden. Tutkijoita kiinnostaa m\u00e4\u00e4ritt\u00e4\u00e4 t\u00e4m\u00e4 lukuarvo mahdollisimman tarkasti, sill\u00e4 peliss\u00e4 on koko kosmologisen standardimallin luotettavuus.\n<\/p>\n<p>Uusimmassa T\u00e4hdet ja avaruus -lehdess\u00e4 8\/2024 esitell\u00e4\u00e4n, miten eri menetelmill\u00e4 ja teleskoopeilla saadut tulokset kuitenkin n\u00e4ytt\u00e4v\u00e4t olevan ristiriidassa kesken\u00e4\u00e4n.\u00a0\n<\/p>\n<p>Jos arvoja ei saada t\u00e4sm\u00e4\u00e4m\u00e4\u00e4n, jonkin nykyfysiikan perusoletuksista t\u00e4ytyy olla pieless\u00e4.\n<\/p>\n<p>\u201dMeid\u00e4n pit\u00e4\u00e4 selvitt\u00e4\u00e4, onko tapamme yhdist\u00e4\u00e4 maailmankaikkeuden alku ja nykyp\u00e4iv\u00e4 jollain tavalla puutteellinen\u201d, muotoilee asian <strong>Adam Riess <\/strong>Johns Hopkinsin yliopistosta.\n<\/p>\n<p>Viime vuosina paljon suosiota on ker\u00e4nnyt ehdotus, ett\u00e4 pime\u00e4 energia muuttuu ajan my\u00f6t\u00e4. Esimerkiksi jos pime\u00e4 energia olisi jyr\u00e4nnyt vastasyntyneess\u00e4 kaikkeudessa, avaruus olisi aluksi laajentunut oletettua ripe\u00e4mmin, mik\u00e4 selitt\u00e4isi ristiriitaiset mittaustulokset.\n<\/p>\n<p>My\u00f6s mittaukset ja niist\u00e4 tehdyt p\u00e4\u00e4telm\u00e4t saattavat olla virheellisi\u00e4, tai ehk\u00e4 painovoima ei noudatakaan Einsteinin suhteellisuusteorian yht\u00e4l\u00f6it\u00e4.<\/p>\n","protected":false},"excerpt":{"rendered":"Merkilliset tulokset universumin laajenemisesta ovat odottaneet selityst\u00e4 jo vuosikymmenen. Kuluvan vuoden aikana tuloksia on pursunnut, mutta mysteeri sen&hellip;\n","protected":false},"author":2,"featured_media":56434,"comment_status":"","ping_status":"","sticky":false,"template":"","format":"standard","meta":{"footnotes":""},"categories":[115],"tags":[33,31,30,455,454,118,32,119],"class_list":{"0":"post-62212","1":"post","2":"type-post","3":"status-publish","4":"format-standard","5":"has-post-thumbnail","7":"category-fysiikka","8":"tag-fi","9":"tag-finland","10":"tag-finnish","11":"tag-fysiikka","12":"tag-physics","13":"tag-science","14":"tag-suomi","15":"tag-tiede"},"share_on_mastodon":{"url":"","error":""},"_links":{"self":[{"href":"https:\/\/www.europesays.com\/fi\/wp-json\/wp\/v2\/posts\/62212","targetHints":{"allow":["GET"]}}],"collection":[{"href":"https:\/\/www.europesays.com\/fi\/wp-json\/wp\/v2\/posts"}],"about":[{"href":"https:\/\/www.europesays.com\/fi\/wp-json\/wp\/v2\/types\/post"}],"author":[{"embeddable":true,"href":"https:\/\/www.europesays.com\/fi\/wp-json\/wp\/v2\/users\/2"}],"replies":[{"embeddable":true,"href":"https:\/\/www.europesays.com\/fi\/wp-json\/wp\/v2\/comments?post=62212"}],"version-history":[{"count":0,"href":"https:\/\/www.europesays.com\/fi\/wp-json\/wp\/v2\/posts\/62212\/revisions"}],"wp:featuredmedia":[{"embeddable":true,"href":"https:\/\/www.europesays.com\/fi\/wp-json\/wp\/v2\/media\/56434"}],"wp:attachment":[{"href":"https:\/\/www.europesays.com\/fi\/wp-json\/wp\/v2\/media?parent=62212"}],"wp:term":[{"taxonomy":"category","embeddable":true,"href":"https:\/\/www.europesays.com\/fi\/wp-json\/wp\/v2\/categories?post=62212"},{"taxonomy":"post_tag","embeddable":true,"href":"https:\/\/www.europesays.com\/fi\/wp-json\/wp\/v2\/tags?post=62212"}],"curies":[{"name":"wp","href":"https:\/\/api.w.org\/{rel}","templated":true}]}}