{"id":62225,"date":"2025-10-14T22:07:09","date_gmt":"2025-10-14T22:07:09","guid":{"rendered":"https:\/\/www.europesays.com\/fi\/62225\/"},"modified":"2025-10-14T22:07:09","modified_gmt":"2025-10-14T22:07:09","slug":"dangelo-on-kuollut","status":"publish","type":"post","link":"https:\/\/www.europesays.com\/fi\/62225\/","title":{"rendered":"D&#8217;Angelo on kuollut"},"content":{"rendered":"<p>Tunnettu laulaja-lauluntekij\u00e4 D\u2019Angelo sairasti sy\u00f6p\u00e4\u00e4. <\/p>\n<p><img decoding=\"async\" class=\"image image-show image-preview\" src=\"https:\/\/www.europesays.com\/fi\/wp-content\/uploads\/2025\/10\/46388bb4ff8290e723d855577b25f816004fbacb0c9e169cb291c70c84189fad.jpg\" alt=\"\"\/><img decoding=\"async\" class=\"image image-show\" src=\"https:\/\/www.europesays.com\/fi\/wp-content\/uploads\/2025\/10\/1760479629_867_46388bb4ff8290e723d855577b25f816004fbacb0c9e169cb291c70c84189fad.jpg\" alt=\"\"\/><\/p>\n<p>D&#8217;Angelo on kuollut 51 vuoden i\u00e4ss\u00e4.  AOP<\/p>\n<p class=\"paragraph\">Soul-muusikko <a href=\"https:\/\/www.iltalehti.fi\/henkilot\/D\u2019Angelo\" class=\"article-link-person-page\" rel=\"nofollow noopener\" target=\"_blank\">D\u2019Angelo<\/a> on kuollut, kertoo <a href=\"https:\/\/www.tmz.com\/2025\/10\/14\/dangelo-dead\/\" rel=\"noopener nofollow\" target=\"_blank\">TMZ<\/a>.<\/p>\n<p class=\"paragraph\">Yhdysvaltalainen Grammy-palkittu muusikko ja lauluntekij\u00e4 kuoli tiistaiaamuna New Yorkissa. H\u00e4nell\u00e4 oli lehden l\u00e4hteiden mukaan haimasy\u00f6p\u00e4. D\u2019Angelo eli <strong>Michael Eugene Archer<\/strong> oli kuollessaan 51-vuotias.<\/p>\n<p class=\"paragraph\">D\u2019Angelo nousi maailmanmaineeseen 1990-luvulla yhten\u00e4 uuden soulin suurista nimist\u00e4. H\u00e4nen debyyttisooloalbuminsa Brown Sugar julkaistiin vuonna 1995. H\u00e4nen suurimpia hittej\u00e4\u00e4n ovat muun muassa kyseisen albumin nimikkoraita sek\u00e4 Lady ja Untitled (How does it feel).<\/p>\n<p class=\"paragraph\">H\u00e4n voitti urallaan nelj\u00e4 Grammy-palkintoa, muun muassa parhaan R&amp;B-albumin palkinnon albumeillaan Voodoo (2001) ja Black Messiah (2016).<\/p>\n<p class=\"paragraph\">Vuosien varrella h\u00e4n teki my\u00f6s yhteisty\u00f6t\u00e4 esimerkiksi Jay-Z:n ja Snoop Doggin kanssa.<\/p>\n<p class=\"paragraph\">Viel\u00e4 viime vuonna TMZ:n mukaan D\u2019Angelon kerrottiin Rolling Stone Music Now -podcastissa ty\u00f6st\u00e4v\u00e4n uutta albumia.<\/p>\n<p class=\"paragraph\">Artisti on vieraillut kiertueellaan my\u00f6s Suomessa. H\u00e4n esiintyi Pori Jazzeilla vuonna 2012.<\/p>\n<p>D\u2019Angelo kuvattuna vuonna 2012.  EPA\/AOP<\/p>\n","protected":false},"excerpt":{"rendered":"Tunnettu laulaja-lauluntekij\u00e4 D\u2019Angelo sairasti sy\u00f6p\u00e4\u00e4. D&#8217;Angelo on kuollut 51 vuoden i\u00e4ss\u00e4. AOP Soul-muusikko D\u2019Angelo on kuollut, kertoo TMZ.&hellip;\n","protected":false},"author":2,"featured_media":62226,"comment_status":"","ping_status":"","sticky":false,"template":"","format":"standard","meta":{"footnotes":""},"categories":[136],"tags":[35,138,407,137,33,31,30,408,525,47,141,32,484,109],"class_list":{"0":"post-62225","1":"post","2":"type-post","3":"status-publish","4":"format-standard","5":"has-post-thumbnail","7":"category-julkkikset","8":"tag-24h","9":"tag-audio","10":"tag-celebrities","11":"tag-entertainment","12":"tag-fi","13":"tag-finland","14":"tag-finnish","15":"tag-julkkikset","16":"tag-laulaminen-ja-laulajat","17":"tag-musiikki","18":"tag-muusikot-bandit","19":"tag-suomi","20":"tag-taiteellinen-ilmaisu-ja-mediat","21":"tag-viihde"},"share_on_mastodon":{"url":"","error":""},"_links":{"self":[{"href":"https:\/\/www.europesays.com\/fi\/wp-json\/wp\/v2\/posts\/62225","targetHints":{"allow":["GET"]}}],"collection":[{"href":"https:\/\/www.europesays.com\/fi\/wp-json\/wp\/v2\/posts"}],"about":[{"href":"https:\/\/www.europesays.com\/fi\/wp-json\/wp\/v2\/types\/post"}],"author":[{"embeddable":true,"href":"https:\/\/www.europesays.com\/fi\/wp-json\/wp\/v2\/users\/2"}],"replies":[{"embeddable":true,"href":"https:\/\/www.europesays.com\/fi\/wp-json\/wp\/v2\/comments?post=62225"}],"version-history":[{"count":0,"href":"https:\/\/www.europesays.com\/fi\/wp-json\/wp\/v2\/posts\/62225\/revisions"}],"wp:featuredmedia":[{"embeddable":true,"href":"https:\/\/www.europesays.com\/fi\/wp-json\/wp\/v2\/media\/62226"}],"wp:attachment":[{"href":"https:\/\/www.europesays.com\/fi\/wp-json\/wp\/v2\/media?parent=62225"}],"wp:term":[{"taxonomy":"category","embeddable":true,"href":"https:\/\/www.europesays.com\/fi\/wp-json\/wp\/v2\/categories?post=62225"},{"taxonomy":"post_tag","embeddable":true,"href":"https:\/\/www.europesays.com\/fi\/wp-json\/wp\/v2\/tags?post=62225"}],"curies":[{"name":"wp","href":"https:\/\/api.w.org\/{rel}","templated":true}]}}